{"id":11145,"date":"2026-04-14T08:36:09","date_gmt":"2026-04-14T06:36:09","guid":{"rendered":"https:\/\/www.czuns.org\/?p=11145"},"modified":"2026-04-28T08:36:02","modified_gmt":"2026-04-28T06:36:02","slug":"hajde-da-iscupamo-centar-iz-blokade-racuna","status":"publish","type":"post","link":"https:\/\/www.czuns.org\/en\/hajde-da-iscupamo-centar-iz-blokade-racuna\/","title":{"rendered":"Hajde da i\u0161\u010dupamo Centar iz blokade ra\u010duna!"},"content":{"rendered":"<p><\/p>\n<div class=\"html-div xdj266r x14z9mp xat24cr x1lziwak xexx8yu xyri2b x18d9i69 x1c1uobl\">\n<div class=\"html-div xdj266r x14z9mp xat24cr x1lziwak xexx8yu xyri2b x18d9i69 x1c1uobl\" dir=\"auto\">\n<div class=\"html-div xdj266r x14z9mp xat24cr x1lziwak xexx8yu xyri2b x18d9i69 x1c1uobl\" data-ad-rendering-role=\"story_message\">\n<div class=\"x1l90r2v x1iorvi4 x1g0dm76 xpdmqnj\" data-ad-comet-preview=\"message\" data-ad-preview=\"message\">\n<div class=\"x78zum5 xdt5ytf xz62fqu x16ldp7u\">\n<div class=\"xu06os2 x1ok221b\">\n<div class=\"html-div xdj266r x14z9mp xat24cr x1lziwak xexx8yu xyri2b x18d9i69 x1c1uobl\">\n<div class=\"xdj266r x14z9mp xat24cr x1lziwak x1vvkbs x126k92a\">\n<div dir=\"auto\">\n<div dir=\"auto\"><\/div>\n<div dir=\"auto\">\n<div style=\"width: 576px;\" class=\"wp-video\"><video class=\"wp-video-shortcode\" id=\"video-11145-2\" width=\"576\" height=\"1024\" preload=\"metadata\" controls=\"controls\"><source type=\"video\/mp4\" src=\"https:\/\/www.czuns.org\/wp-content\/uploads\/2026\/01\/0-02-05-cb77325ed17aae63c4296c60ea4a8297cf229177581758f3180e12905bcbb5c9_8bc1944af2ed8933.mp4?_=2\" \/><a href=\"https:\/\/www.czuns.org\/wp-content\/uploads\/2026\/01\/0-02-05-cb77325ed17aae63c4296c60ea4a8297cf229177581758f3180e12905bcbb5c9_8bc1944af2ed8933.mp4\">https:\/\/www.czuns.org\/wp-content\/uploads\/2026\/01\/0-02-05-cb77325ed17aae63c4296c60ea4a8297cf229177581758f3180e12905bcbb5c9_8bc1944af2ed8933.mp4<\/a><\/video><\/div>\n<\/div>\n<\/div>\n<\/div>\n<div class=\"xdj266r x14z9mp xat24cr x1lziwak x1vvkbs x126k92a\">\n<div dir=\"auto\">&#8220;Vi\u0161e od godinu dana pro\u0161lo je od prvog apela da teret podelimo na male delove i zajedno otklonimo blokadu ra\u010duna Centra. Hvala svima koji su se odazvali! Sre\u0107na sam \u0161to imam takve ljude pored sebe!<\/div>\n<\/div>\n<div class=\"x14z9mp xat24cr x1lziwak x1vvkbs xtlvy1s x126k92a\">\n<div dir=\"auto\"><\/div>\n<div dir=\"auto\">Za ovih 18 meseci smo zajedno i zahvaljuju\u0107i vama uradili sjajnu stvar i izborili si se mnogim rokovima i neizvesnostima, ali ova najve\u0107a, blokada ra\u010duna, nas jo\u0161 uvek prati.<\/div>\n<\/div>\n<div class=\"x14z9mp xat24cr x1lziwak x1vvkbs xtlvy1s x126k92a\">\n<div dir=\"auto\">Veoma je va\u017eno da \u0161to pre otklonimo blokadu, jer \u0107e Centar bez brige da li \u0107e imati odobrenu asistenciju i plate asistenata, mo\u0107i jo\u0161 ja\u010de da se fokusira na one kojima je asistencija potrebna, a nakaradni pravilnik im to ne pru\u017ea i nevidljivi su sistemu.<\/div>\n<\/div>\n<div class=\"x14z9mp xat24cr x1lziwak x1vvkbs xtlvy1s x126k92a\">\n<div dir=\"auto\">Da li ste znali da uprkos blokadi, Centar donacijama obezbe\u0111uje asistenciju dvoma mladima koji bi bez nje bili izolovani, ne bi mogli da studiraju, crtaju, \u017eive dostojanstveno?<\/div>\n<div dir=\"auto\">Detalji o obra\u0107anju Centra nadle\u017enim telima u vezi s izmenom Pravilnika na sajtu su Centra.<\/div>\n<\/div>\n<div class=\"x14z9mp xat24cr x1lziwak x1vvkbs xtlvy1s x126k92a\">\n<div dir=\"auto\">Pre neki dan sam pri\u010dala sa mamom koja smi\u0161lja \u0161ta \u0107e kada njen sin sa invaliditetom za par meseci napuni 18 godina, jer postaje nevidljiv sistemu. On od tog ro\u0111endana za sistem ne postoji, prepu\u0161ten je sebi i mami. A u poslednjih godinu dana srela sam se sa desetine njih koji nose istu brigu. Dok slavimo punoletstva mnogi strepe od njega.<\/div>\n<\/div>\n<div class=\"x14z9mp xat24cr x1lziwak x1vvkbs xtlvy1s x126k92a\">\n<div dir=\"auto\">Zato VERUJEM da me\u0111u nama ima 10500 ljudi koji bi u naredna 24 sata uplatili 500 dinara na ra\u010dun Centra i kona\u010dno okon\u010dali vi\u0161egodi\u0161nju neizvesnost.<\/div>\n<\/div>\n<div class=\"x14z9mp xat24cr x1lziwak x1vvkbs xtlvy1s x126k92a\">\n<div dir=\"auto\">A ovima \u0161to mesecima i godinama \u0107ute i ne odgovaraju na mejlove bih citirala @neozbiljnipesimisti i rekla im &#8216;ajde polusvete, budi opet dete'&#8221;.<\/div>\n<\/div>\n<\/div>\n<\/div>\n<\/div>\n<\/div>\n<div dir=\"auto\"><\/div>\n<div class=\"x1l90r2v x1iorvi4 x1g0dm76 xpdmqnj\" data-ad-comet-preview=\"message\" data-ad-preview=\"message\">\n<div class=\"x78zum5 xdt5ytf xz62fqu x16ldp7u\">\n<div class=\"xu06os2 x1ok221b\">\n<div dir=\"auto\">Jelena A\u010danski, <a href=\"https:\/\/www.instagram.com\/reel\/DTkmsZKjNhu\/?utm_source=ig_web_copy_link&amp;igsh=MzRlODBiNWFlZA==\">Uncutove kreacije<\/a><\/div>\n<div dir=\"auto\"><\/div>\n<div class=\"html-div xdj266r x14z9mp xat24cr x1lziwak xexx8yu xyri2b x18d9i69 x1c1uobl\">\n<div class=\"x14z9mp xat24cr x1lziwak x1vvkbs xtlvy1s x126k92a\">\n<div dir=\"auto\"><img loading=\"lazy\" decoding=\"async\" class=\"size-medium wp-image-10779 aligncenter\" src=\"https:\/\/www.czuns.org\/wp-content\/uploads\/2025\/12\/13-300x300.png\" alt=\"\" width=\"300\" height=\"300\" srcset=\"https:\/\/www.czuns.org\/wp-content\/uploads\/2025\/12\/13-300x300.png 300w, https:\/\/www.czuns.org\/wp-content\/uploads\/2025\/12\/13-1024x1024.png 1024w, https:\/\/www.czuns.org\/wp-content\/uploads\/2025\/12\/13-150x150.png 150w, https:\/\/www.czuns.org\/wp-content\/uploads\/2025\/12\/13-768x768.png 768w, https:\/\/www.czuns.org\/wp-content\/uploads\/2025\/12\/13-100x100.png 100w, https:\/\/www.czuns.org\/wp-content\/uploads\/2025\/12\/13-64x64.png 64w, https:\/\/www.czuns.org\/wp-content\/uploads\/2025\/12\/13-560x560.png 560w, https:\/\/www.czuns.org\/wp-content\/uploads\/2025\/12\/13.png 1080w\" sizes=\"auto, (max-width: 300px) 100vw, 300px\" \/><\/div>\n<div dir=\"auto\" style=\"text-align: center;\"><\/div>\n<div dir=\"auto\" style=\"text-align: center;\">340000000000535079<\/div>\n<div dir=\"auto\" style=\"text-align: center;\">Centar \u017diveti uspravno, Trg Slobode 3 Novi Sad<\/div>\n<div dir=\"auto\" style=\"text-align: center;\">Donacija za deblokadu ra\u010duna<\/div>\n<\/div>\n<div class=\"x14z9mp xat24cr x1lziwak x1vvkbs xtlvy1s x126k92a\">\n<div dir=\"auto\"><span class=\"html-span xdj266r x14z9mp xat24cr x1lziwak xexx8yu xyri2b x18d9i69 x1c1uobl x1hl2dhg x16tdsg8 x1vvkbs\"><a class=\"x1i10hfl xjbqb8w x1ejq31n x18oe1m7 x1sy0etr xstzfhl x972fbf x10w94by x1qhh985 x14e42zd x9f619 x1ypdohk xt0psk2 x3ct3a4 xdj266r x14z9mp xat24cr x1lziwak xexx8yu xyri2b x18d9i69 x1c1uobl x16tdsg8 x1hl2dhg xggy1nq x1a2a7pz xkrqix3 x1sur9pj x1fey0fg x1s688f\" tabindex=\"0\" role=\"link\" href=\"https:\/\/www.facebook.com\/hashtag\/centarzivetiuspravno?__eep__=6&amp;__cft__[0]=AZZYf26r2nngtgYxrr8BIOxO1CzEB00bMuNck46zfZs6waRiC_WPyNrjDuV45pemn0Esz-S6Uk7r0eOj0-xjhcyc9mYVHUHTIIxJ-tIpglwmgXtPvnYNp5ovkvF6teyFgMbnkJzvklN08S2X91x8nivW3RM_syNE12i3PrIgOsg8jbhcEs6OVNMCVWAq7ubZEuE&amp;__tn__=*NK-R\">#centarzivetiuspravno<\/a><\/span> <span class=\"html-span xdj266r x14z9mp xat24cr x1lziwak xexx8yu xyri2b x18d9i69 x1c1uobl x1hl2dhg x16tdsg8 x1vvkbs\"><a class=\"x1i10hfl xjbqb8w x1ejq31n x18oe1m7 x1sy0etr xstzfhl x972fbf x10w94by x1qhh985 x14e42zd x9f619 x1ypdohk xt0psk2 x3ct3a4 xdj266r x14z9mp xat24cr x1lziwak xexx8yu xyri2b x18d9i69 x1c1uobl x16tdsg8 x1hl2dhg xggy1nq x1a2a7pz xkrqix3 x1sur9pj x1fey0fg x1s688f\" tabindex=\"0\" role=\"link\" href=\"https:\/\/www.facebook.com\/hashtag\/novisad?__eep__=6&amp;__cft__[0]=AZZYf26r2nngtgYxrr8BIOxO1CzEB00bMuNck46zfZs6waRiC_WPyNrjDuV45pemn0Esz-S6Uk7r0eOj0-xjhcyc9mYVHUHTIIxJ-tIpglwmgXtPvnYNp5ovkvF6teyFgMbnkJzvklN08S2X91x8nivW3RM_syNE12i3PrIgOsg8jbhcEs6OVNMCVWAq7ubZEuE&amp;__tn__=*NK-R\">#NoviSad<\/a><\/span> <span class=\"html-span xdj266r x14z9mp xat24cr x1lziwak xexx8yu xyri2b x18d9i69 x1c1uobl x1hl2dhg x16tdsg8 x1vvkbs\"><a class=\"x1i10hfl xjbqb8w x1ejq31n x18oe1m7 x1sy0etr xstzfhl x972fbf x10w94by x1qhh985 x14e42zd x9f619 x1ypdohk xt0psk2 x3ct3a4 xdj266r x14z9mp xat24cr x1lziwak xexx8yu xyri2b x18d9i69 x1c1uobl x16tdsg8 x1hl2dhg xggy1nq x1a2a7pz xkrqix3 x1sur9pj x1fey0fg x1s688f\" tabindex=\"0\" role=\"link\" href=\"https:\/\/www.facebook.com\/hashtag\/beograd?__eep__=6&amp;__cft__[0]=AZZYf26r2nngtgYxrr8BIOxO1CzEB00bMuNck46zfZs6waRiC_WPyNrjDuV45pemn0Esz-S6Uk7r0eOj0-xjhcyc9mYVHUHTIIxJ-tIpglwmgXtPvnYNp5ovkvF6teyFgMbnkJzvklN08S2X91x8nivW3RM_syNE12i3PrIgOsg8jbhcEs6OVNMCVWAq7ubZEuE&amp;__tn__=*NK-R\">#Beograd<\/a><\/span> <span class=\"html-span xdj266r x14z9mp xat24cr x1lziwak xexx8yu xyri2b x18d9i69 x1c1uobl x1hl2dhg x16tdsg8 x1vvkbs\"><a class=\"x1i10hfl xjbqb8w x1ejq31n x18oe1m7 x1sy0etr xstzfhl x972fbf x10w94by x1qhh985 x14e42zd x9f619 x1ypdohk xt0psk2 x3ct3a4 xdj266r x14z9mp xat24cr x1lziwak xexx8yu xyri2b x18d9i69 x1c1uobl x16tdsg8 x1hl2dhg xggy1nq x1a2a7pz xkrqix3 x1sur9pj x1fey0fg x1s688f\" tabindex=\"0\" role=\"link\" href=\"https:\/\/www.facebook.com\/hashtag\/podrska?__eep__=6&amp;__cft__[0]=AZZYf26r2nngtgYxrr8BIOxO1CzEB00bMuNck46zfZs6waRiC_WPyNrjDuV45pemn0Esz-S6Uk7r0eOj0-xjhcyc9mYVHUHTIIxJ-tIpglwmgXtPvnYNp5ovkvF6teyFgMbnkJzvklN08S2X91x8nivW3RM_syNE12i3PrIgOsg8jbhcEs6OVNMCVWAq7ubZEuE&amp;__tn__=*NK-R\">#podrska<\/a><\/span><\/div>\n<\/div>\n<\/div>\n<\/div>\n<\/div>\n<\/div>\n<\/div>\n<\/div>\n<\/div>\n<div class=\"x5yr21d xh8yej3\"><\/div>\n<div><strong>O tome kako se u Srbiji finansira usluga personalne aasistencije osobama sa invaliditetom i zbog \u010dega se Centar poslednjih 12 godina suo\u010dava s blokadama dela svojih raa\u010duna mo\u017eete pro\u010ditati na stranici <a href=\"https:\/\/www.czuns.org\/donatorima-donatorkama\/\">Donatorima\/kama &#8211; Centar \u017diveti uspravno Novi Sad<\/a>.<\/strong><\/div>\n<div><\/div>\n<div><\/div>\n<div>Linkovi za deljenje video apela:<\/div>\n<div>IM: https:\/\/www.instagram.com\/reel\/DTkmsZKjNhu\/?utm_source=ig_web_copy_link&amp;igsh=MzRlODBiNWFlZA==<\/div>\n<div>FB: https:\/\/www.facebook.com\/share\/r\/176m5Xp4AJ\/<\/div>\n<div>LN: https:\/\/www.linkedin.com\/posts\/acanskijelena_centarzivetiuspravno-novisad-beograd-ugcPost-7417920266791534593-oDdV?utm_source=social_share_send&amp;utm_medium=member_desktop_web&amp;rcm=ACoAAB_8ycoBCFhHWx1gCRMKth6VNqL8DalP4mc<\/div>\n<div>YT: https:\/\/www.youtube.com\/shorts\/6a8r2NcilpA<\/div>\n<div>TikTok: https:\/\/www.tiktok.com\/@centar.ziveti.uspravno\/video\/7595965481354284299?is_from_webapp=1&amp;sender_device=pc, <strong>a mo\u017eete preuzetii video iz ovog \u010dlanka i dopisati svoj apel.\u00a0 Pod blokadom je, uklju\u010duju\u0107i kamate i naknade Narodne i poslovne banke na dan 31. marta, iznos od 5.255.846<\/strong><strong> din. Da bismo je otkloili, potrebno 10.512 donacija od 500 din, <\/strong><strong>odnosno svaki iznos koji mo\u017eete da izdvojite.<\/strong><\/div>\n<div><\/div>\n<div><\/div>\n<div class=\"html-div xdj266r x14z9mp xat24cr x1lziwak xexx8yu xyri2b x18d9i69 x1c1uobl\">\n<div class=\"html-div xdj266r x14z9mp xat24cr x1lziwak xexx8yu xyri2b x18d9i69 x1c1uobl x1n2onr6\">\n<div class=\"html-div xdj266r x14z9mp xat24cr x1lziwak xexx8yu xyri2b x18d9i69 x1c1uobl x1n2onr6\">\n<div class=\"xal61yo xfrllxf xjppbhk x1k1lpwg x5omr3n x78zum5 x1q0g3np x1egiwwb xl56j7k x6ikm8r x10wlt62 x1n2onr6 xh8yej3 x16zosiy x1db0b2 x3awd8m x15mokao x1ga7v0g x16uus16 xbiv7yw\">\n<div class=\"x78zum5 x5yr21d xl56j7k x1n2onr6 xh8yej3\" data-visualcompletion=\"ignore-dynamic\">\n<div>\n<div class=\"x6s0dn4 x18l40ae x5yr21d x1n2onr6 xh8yej3\" data-video-id=\"1352266626672859\" data-video-length=\"50.22\">\n<div class=\"x1ey2m1c x5yr21d xtijo5x x1o0tod x10l6tqk x13vifvy xh8yej3\">\n<div class=\"x1lliihq x5yr21d x1n2onr6 xh8yej3 x1ja2u2z\">\n<div class=\"x5yr21d x1n2onr6 xh8yej3\">\n<div class=\"x5yr21d x1n2onr6 xh8yej3\">\n<div class=\"x5yr21d x1uhb9sk xh8yej3\">\n<div dir=\"auto\"><\/div>\n<div dir=\"auto\">Opis i malo istorije: Na animaciji se ljudi razli\u010ditog izgleda, uzrasta i sposobnosti i pas pridru\u017euju jedno po jedno i poku\u0111avaju zajedno daa i\u0161\u010dupaju repu s \u010dvrstim korenom.<\/div>\n<div dir=\"auto\">U\u00a0 pitanju je animacija plakata Marinka Lebovi\u0107a iz 2000, s porukom &#8220;Pridru\u017eimo se!&#8221;, inspirisanog pesmom GOLEMA REPA Jovana Jovanovi\u0107a-Zmaja. Plakat je dizajniran za potrebe programa psihosocijalne-podr\u0161ke osoobama sa invaliditetom tada\u0161nje beogradske kancelarije organizacije Handicap Interntional, u okviru koga je u septeembru 2020. otvoreno Savetovali\u0161te &#8220;\u017diveti uspravno&#8221; u Novom Sadu, \u010diji je tim uz dvoje saradnika 29.1.2002. osnovao Centar &#8220;\u017diveti uspravno&#8221;<\/div>\n<\/div>\n<\/div>\n<\/div>\n<\/div>\n<\/div>\n<\/div>\n<\/div>\n<div class=\"__fb-dark-mode x1afcbsf x1uhb9sk x1swf91x\">\n<div class=\"x1ey2m1c x78zum5 xdt5ytf xozqiw3 x1o0tod x13a6bvl x10l6tqk x13vifvy xq2gx43 xh8yej3\">\n<div class=\"x15q7m8w x1ey2m1c x78zum5 xdt5ytf xtijo5x x1o0tod x13a6bvl x10l6tqk x1hkcv85\">\n<div class=\"xyamay9 xv54qhq xf7dkkf xjkvuk6 xpvgfl3\">\n<div class=\"xdj266r x14z9mp xat24cr x1lziwak x1vvkbs x126k92a\"><\/div>\n<\/div>\n<\/div>\n<\/div>\n<\/div>\n<div class=\"xsxvzsj x1m3v4wt x1o0tod x10l6tqk x13vifvy xjl7whj\">\n<div class=\"xh8yej3\">\n<div class=\"x9f619 x1ja2u2z x78zum5 x2lah0s x1n2onr6 x1qughib x1qjc9v5 xozqiw3 x1q0g3np xyri2b x1c1uobl x18d9i69 x1iorvi4 x1ws5yxj xw01apr\">\n<div class=\"x9f619 x1n2onr6 x1ja2u2z x78zum5 xdt5ytf x193iq5w xeuugli x1r8uery x1iyjqo2 xs83m0k x1icxu4v x25sj25\">\n<div class=\"xf7dkkf x1y1aw1k\">\n<div class=\"html-div xdj266r x14z9mp xat24cr x1lziwak xexx8yu xyri2b x18d9i69 x1c1uobl x6s0dn4 x78zum5 xh8yej3\">\n<div><\/div>\n<div class=\"x1n2onr6 x1ja2u2z x9f619 x78zum5 xdt5ytf x2lah0s x193iq5w\">\n<div class=\"x9f619 x1n2onr6 x1ja2u2z x78zum5 xdt5ytf x1iyjqo2 x2lwn1j xl56j7k\">\n<div class=\"x9f619 x1n2onr6 x1ja2u2z x78zum5 xdt5ytf x2lah0s x193iq5w xl56j7k xmzvs34 xf159sx x1gslohp x12nagc xzboxd6 x14l7nz5\">\n<div class=\"html-div xdj266r x14z9mp xat24cr x1lziwak xexx8yu xyri2b x18d9i69 x1c1uobl x78zum5\">\n<h4 class=\"html-h4 xdj266r x14z9mp xat24cr x1lziwak xexx8yu xyri2b x18d9i69 x1c1uobl x1vvkbs x1heor9g x1qlqyl8 x1pd3egz x1a2a7pz\" dir=\"auto\"><\/h4>\n<\/div>\n<\/div>\n<\/div>\n<\/div>\n<\/div>\n<\/div>\n<\/div>\n<\/div>\n<\/div>\n<\/div>\n<\/div>\n<\/div>\n<\/div>\n<div class=\"html-div xdj266r x14z9mp xat24cr x1lziwak xexx8yu xyri2b x18d9i69 x1c1uobl x6ikm8r x10wlt62\"><\/div>\n<\/div>\n<\/div>\n<div class=\"x8gbvx8 x80vd3b x1q0q8m5 xso031l x8cjs6t x13fuv20 x178xt8z x78zum5 x1q0g3np x1qughib x1y1aw1k xf159sx xwib8y2 x1g0dm76\">\n<div class=\"xc26acl x6s0dn4 x78zum5 x10w6t97 x1nhvcw1\">\n<div class=\"xt0psk2 xf6vk7d\"><\/div>\n<\/div>\n<\/div>\n<p><\/p>","protected":false},"excerpt":{"rendered":"<p>&#8220;Vi\u0161e od godinu dana pro\u0161lo je od prvog apela da teret podelimo na male delove i zajedno otklonimo blokadu ra\u010duna Centra. Hvala svima koji su se odazvali! Sre\u0107na sam \u0161to imam takve ljude pored sebe! Za ovih 18 meseci smo zajedno i zahvaljuju\u0107i vama uradili sjajnu stvar i izborili si&#8230; <a class=\"continue-reading-link\" href=\"https:\/\/www.czuns.org\/en\/hajde-da-iscupamo-centar-iz-blokade-racuna\/\">Ceo \u010dlanak<\/a><\/p>\n","protected":false},"author":3,"featured_media":9294,"comment_status":"open","ping_status":"open","sticky":true,"template":"","format":"standard","meta":{"_eb_attr":"","_crdt_document":"","footnotes":"","_links_to":"","_links_to_target":""},"categories":[2],"tags":[],"class_list":["post-11145","post","type-post","status-publish","format-standard","has-post-thumbnail","hentry","category-novosti"],"yoast_head":"\n<title>Hajde da i\u0161\u010dupamo Centar iz blokade ra\u010duna! - Centre LIVING UPRIGHT Novi Sad<\/title>\n<meta name=\"description\" content=\"\u201eCentar \u2018\u017diveti uspravno\u2019 Novi Sad pru\u017ea personalnu asistenciju, peer podr\u0161ku i promovi\u0161e samostalan \u017eivot i ljudska prava.\" \/>\n<meta name=\"robots\" content=\"index, follow, max-snippet:-1, max-image-preview:large, max-video-preview:-1\" \/>\n<link rel=\"canonical\" href=\"https:\/\/www.czuns.org\/hajde-da-iscupamo-centar-iz-blokade-racuna\/\" \/>\n<meta property=\"og:locale\" content=\"en_US\" \/>\n<meta property=\"og:type\" content=\"article\" \/>\n<meta property=\"og:title\" content=\"Hajde da i\u0161\u010dupamo Centar iz blokade ra\u010duna! - Centre LIVING UPRIGHT Novi Sad\" \/>\n<meta property=\"og:description\" content=\"\u201eCentar \u2018\u017diveti uspravno\u2019 Novi Sad pru\u017ea personalnu asistenciju, peer podr\u0161ku i promovi\u0161e samostalan \u017eivot i ljudska prava.\" \/>\n<meta property=\"og:url\" content=\"https:\/\/www.czuns.org\/hajde-da-iscupamo-centar-iz-blokade-racuna\/\" \/>\n<meta property=\"og:site_name\" content=\"Centre LIVING UPRIGHT Novi Sad\" \/>\n<meta property=\"article:publisher\" content=\"https:\/\/www.facebook.com\/profile.php?id=100064645570972\" \/>\n<meta property=\"article:published_time\" content=\"2026-04-14T06:36:09+00:00\" \/>\n<meta property=\"article:modified_time\" content=\"2026-04-28T06:36:02+00:00\" \/>\n<meta property=\"og:image\" content=\"https:\/\/www.czuns.org\/wp-content\/uploads\/2025\/08\/repa.png\" \/>\n\t<meta property=\"og:image:width\" content=\"1200\" \/>\n\t<meta property=\"og:image:height\" content=\"450\" \/>\n\t<meta property=\"og:image:type\" content=\"image\/png\" \/>\n<meta name=\"author\" content=\"czuns\" \/>\n<meta name=\"twitter:card\" content=\"summary_large_image\" \/>\n<meta name=\"twitter:creator\" content=\"@uspravno\" \/>\n<meta name=\"twitter:site\" content=\"@uspravno\" \/>\n<meta name=\"twitter:label1\" content=\"Written by\" \/>\n\t<meta name=\"twitter:data1\" content=\"czuns\" \/>\n\t<meta name=\"twitter:label2\" content=\"Est. reading time\" \/>\n\t<meta name=\"twitter:data2\" content=\"3 minutes\" \/>\n<script type=\"application\/ld+json\" class=\"yoast-schema-graph\">{\"@context\":\"https:\\\/\\\/schema.org\",\"@graph\":[{\"@type\":\"Article\",\"@id\":\"https:\\\/\\\/www.czuns.org\\\/hajde-da-iscupamo-centar-iz-blokade-racuna\\\/#article\",\"isPartOf\":{\"@id\":\"https:\\\/\\\/www.czuns.org\\\/hajde-da-iscupamo-centar-iz-blokade-racuna\\\/\"},\"author\":{\"name\":\"czuns\",\"@id\":\"https:\\\/\\\/www.czuns.org\\\/#\\\/schema\\\/person\\\/e6a524dac9abf6dbe2a6d72ba935ba16\"},\"headline\":\"Hajde da i\u0161\u010dupamo Centar iz blokade ra\u010duna!\",\"datePublished\":\"2026-04-14T06:36:09+00:00\",\"dateModified\":\"2026-04-28T06:36:02+00:00\",\"mainEntityOfPage\":{\"@id\":\"https:\\\/\\\/www.czuns.org\\\/hajde-da-iscupamo-centar-iz-blokade-racuna\\\/\"},\"wordCount\":1205,\"commentCount\":0,\"publisher\":{\"@id\":\"https:\\\/\\\/www.czuns.org\\\/#organization\"},\"image\":{\"@id\":\"https:\\\/\\\/www.czuns.org\\\/hajde-da-iscupamo-centar-iz-blokade-racuna\\\/#primaryimage\"},\"thumbnailUrl\":\"https:\\\/\\\/www.czuns.org\\\/wp-content\\\/uploads\\\/2025\\\/08\\\/repa.png\",\"articleSection\":[\"News\"],\"inLanguage\":\"en-US\",\"potentialAction\":[{\"@type\":\"CommentAction\",\"name\":\"Comment\",\"target\":[\"https:\\\/\\\/www.czuns.org\\\/hajde-da-iscupamo-centar-iz-blokade-racuna\\\/#respond\"]}]},{\"@type\":\"WebPage\",\"@id\":\"https:\\\/\\\/www.czuns.org\\\/hajde-da-iscupamo-centar-iz-blokade-racuna\\\/\",\"url\":\"https:\\\/\\\/www.czuns.org\\\/hajde-da-iscupamo-centar-iz-blokade-racuna\\\/\",\"name\":\"Hajde da i\u0161\u010dupamo Centar iz blokade ra\u010duna! - Centre LIVING UPRIGHT Novi Sad\",\"isPartOf\":{\"@id\":\"https:\\\/\\\/www.czuns.org\\\/#website\"},\"primaryImageOfPage\":{\"@id\":\"https:\\\/\\\/www.czuns.org\\\/hajde-da-iscupamo-centar-iz-blokade-racuna\\\/#primaryimage\"},\"image\":{\"@id\":\"https:\\\/\\\/www.czuns.org\\\/hajde-da-iscupamo-centar-iz-blokade-racuna\\\/#primaryimage\"},\"thumbnailUrl\":\"https:\\\/\\\/www.czuns.org\\\/wp-content\\\/uploads\\\/2025\\\/08\\\/repa.png\",\"datePublished\":\"2026-04-14T06:36:09+00:00\",\"dateModified\":\"2026-04-28T06:36:02+00:00\",\"description\":\"\u201eCentar \u2018\u017diveti uspravno\u2019 Novi Sad pru\u017ea personalnu asistenciju, peer podr\u0161ku i promovi\u0161e samostalan \u017eivot i ljudska prava.\",\"breadcrumb\":{\"@id\":\"https:\\\/\\\/www.czuns.org\\\/hajde-da-iscupamo-centar-iz-blokade-racuna\\\/#breadcrumb\"},\"inLanguage\":\"en-US\",\"potentialAction\":[{\"@type\":\"ReadAction\",\"target\":[\"https:\\\/\\\/www.czuns.org\\\/hajde-da-iscupamo-centar-iz-blokade-racuna\\\/\"]}]},{\"@type\":\"ImageObject\",\"inLanguage\":\"en-US\",\"@id\":\"https:\\\/\\\/www.czuns.org\\\/hajde-da-iscupamo-centar-iz-blokade-racuna\\\/#primaryimage\",\"url\":\"https:\\\/\\\/www.czuns.org\\\/wp-content\\\/uploads\\\/2025\\\/08\\\/repa.png\",\"contentUrl\":\"https:\\\/\\\/www.czuns.org\\\/wp-content\\\/uploads\\\/2025\\\/08\\\/repa.png\",\"width\":1200,\"height\":450},{\"@type\":\"BreadcrumbList\",\"@id\":\"https:\\\/\\\/www.czuns.org\\\/hajde-da-iscupamo-centar-iz-blokade-racuna\\\/#breadcrumb\",\"itemListElement\":[{\"@type\":\"ListItem\",\"position\":1,\"name\":\"\u041f\u043e\u0447\u0435\u0442\u043d\u0430\",\"item\":\"https:\\\/\\\/www.czuns.org\\\/\"},{\"@type\":\"ListItem\",\"position\":2,\"name\":\"Hajde da i\u0161\u010dupamo Centar iz blokade ra\u010duna!\"}]},{\"@type\":\"WebSite\",\"@id\":\"https:\\\/\\\/www.czuns.org\\\/#website\",\"url\":\"https:\\\/\\\/www.czuns.org\\\/\",\"name\":\"Centar \u017diveti uspravno Novi Sad\",\"description\":\"[:rs]Prete\u017ena delatnost Centra je 8899 ostali vidovi socijalne za\u0161tite bez sme\u0161taja[:en] Centre&#039;s registered  predominant activity is 8899: other social services except for accommodation[:sr]\u041f\u0440\u0435\u0442\u0435\u0436\u043d\u0430 \u0434\u0435\u043b\u0430\u0442\u043d\u043e\u0441\u0442 \u0426\u0435\u043d\u0442\u0440\u0430 \u0458\u0435 \u043f\u0440\u043e\u0434\u0443\u043a\u0446\u0438\u0458\u0430 \u043c\u0435\u0434\u0438\u0458\u0441\u043a\u043e\u0433 \u0438 \u0444\u0438\u043b\u043c\u0441\u043a\u043e\u0433 \u043c\u0430\u0442\u0435\u0438\u0458\u0430\u043b\u0430 \u043e \u043f\u043e\u043b\u043e\u0436\u0430\u0458\u0443 \u043e\u0441\u043e\u0431\u0430 \u0441\u0430 \u0438\u043d\u0432\u0430\u043b\u0438\u0434\u0438\u0442\u0435\u0442\u043e\u043c \u0438 \u0433\u0440\u0430\u0452\u0430\u043d\u0441\u043a\u0438\u043c \u043f\u0440\u0430\u0432\u0438\u043c\u0430.[:]\",\"publisher\":{\"@id\":\"https:\\\/\\\/www.czuns.org\\\/#organization\"},\"potentialAction\":[{\"@type\":\"SearchAction\",\"target\":{\"@type\":\"EntryPoint\",\"urlTemplate\":\"https:\\\/\\\/www.czuns.org\\\/?s={search_term_string}\"},\"query-input\":{\"@type\":\"PropertyValueSpecification\",\"valueRequired\":true,\"valueName\":\"search_term_string\"}}],\"inLanguage\":\"en-US\"},{\"@type\":\"Organization\",\"@id\":\"https:\\\/\\\/www.czuns.org\\\/#organization\",\"name\":\"Centar \u017diveti uspravno Novi Sad\",\"url\":\"https:\\\/\\\/www.czuns.org\\\/\",\"logo\":{\"@type\":\"ImageObject\",\"inLanguage\":\"en-US\",\"@id\":\"https:\\\/\\\/www.czuns.org\\\/#\\\/schema\\\/logo\\\/image\\\/\",\"url\":\"https:\\\/\\\/www.czuns.org\\\/wp-content\\\/uploads\\\/2020\\\/07\\\/czu_logo.png\",\"contentUrl\":\"https:\\\/\\\/www.czuns.org\\\/wp-content\\\/uploads\\\/2020\\\/07\\\/czu_logo.png\",\"width\":871,\"height\":315,\"caption\":\"Centar \u017diveti uspravno Novi Sad\"},\"image\":{\"@id\":\"https:\\\/\\\/www.czuns.org\\\/#\\\/schema\\\/logo\\\/image\\\/\"},\"sameAs\":[\"https:\\\/\\\/www.facebook.com\\\/profile.php?id=100064645570972\",\"https:\\\/\\\/x.com\\\/uspravno\",\"https:\\\/\\\/www.instagram.com\\\/centar.ziveti.uspravno\\\/\"]},{\"@type\":\"Person\",\"@id\":\"https:\\\/\\\/www.czuns.org\\\/#\\\/schema\\\/person\\\/e6a524dac9abf6dbe2a6d72ba935ba16\",\"name\":\"czuns\",\"image\":{\"@type\":\"ImageObject\",\"inLanguage\":\"en-US\",\"@id\":\"https:\\\/\\\/secure.gravatar.com\\\/avatar\\\/253f19539fa3a351c7d26815ac9fea49906610392f33e3508931d1c6d3f19d6d?s=96&d=mm&r=g\",\"url\":\"https:\\\/\\\/secure.gravatar.com\\\/avatar\\\/253f19539fa3a351c7d26815ac9fea49906610392f33e3508931d1c6d3f19d6d?s=96&d=mm&r=g\",\"contentUrl\":\"https:\\\/\\\/secure.gravatar.com\\\/avatar\\\/253f19539fa3a351c7d26815ac9fea49906610392f33e3508931d1c6d3f19d6d?s=96&d=mm&r=g\",\"caption\":\"czuns\"},\"url\":\"https:\\\/\\\/www.czuns.org\\\/en\\\/author\\\/czuns\\\/\"}]}<\/script>\n","yoast_head_json":{"title":"Hajde da i\u0161\u010dupamo Centar iz blokade ra\u010duna! - Centre LIVING UPRIGHT Novi Sad","description":"\u201eCentar \u2018\u017diveti uspravno\u2019 Novi Sad pru\u017ea personalnu asistenciju, peer podr\u0161ku i promovi\u0161e samostalan \u017eivot i ljudska prava.","robots":{"index":"index","follow":"follow","max-snippet":"max-snippet:-1","max-image-preview":"max-image-preview:large","max-video-preview":"max-video-preview:-1"},"canonical":"https:\/\/www.czuns.org\/hajde-da-iscupamo-centar-iz-blokade-racuna\/","og_locale":"en_US","og_type":"article","og_title":"Hajde da i\u0161\u010dupamo Centar iz blokade ra\u010duna! - Centre LIVING UPRIGHT Novi Sad","og_description":"\u201eCentar \u2018\u017diveti uspravno\u2019 Novi Sad pru\u017ea personalnu asistenciju, peer podr\u0161ku i promovi\u0161e samostalan \u017eivot i ljudska prava.","og_url":"https:\/\/www.czuns.org\/hajde-da-iscupamo-centar-iz-blokade-racuna\/","og_site_name":"Centre LIVING UPRIGHT Novi Sad","article_publisher":"https:\/\/www.facebook.com\/profile.php?id=100064645570972","article_published_time":"2026-04-14T06:36:09+00:00","article_modified_time":"2026-04-28T06:36:02+00:00","og_image":[{"width":1200,"height":450,"url":"https:\/\/www.czuns.org\/wp-content\/uploads\/2025\/08\/repa.png","type":"image\/png"}],"author":"czuns","twitter_card":"summary_large_image","twitter_creator":"@uspravno","twitter_site":"@uspravno","twitter_misc":{"Written by":"czuns","Est. reading time":"3 minutes"},"schema":{"@context":"https:\/\/schema.org","@graph":[{"@type":"Article","@id":"https:\/\/www.czuns.org\/hajde-da-iscupamo-centar-iz-blokade-racuna\/#article","isPartOf":{"@id":"https:\/\/www.czuns.org\/hajde-da-iscupamo-centar-iz-blokade-racuna\/"},"author":{"name":"czuns","@id":"https:\/\/www.czuns.org\/#\/schema\/person\/e6a524dac9abf6dbe2a6d72ba935ba16"},"headline":"Hajde da i\u0161\u010dupamo Centar iz blokade ra\u010duna!","datePublished":"2026-04-14T06:36:09+00:00","dateModified":"2026-04-28T06:36:02+00:00","mainEntityOfPage":{"@id":"https:\/\/www.czuns.org\/hajde-da-iscupamo-centar-iz-blokade-racuna\/"},"wordCount":1205,"commentCount":0,"publisher":{"@id":"https:\/\/www.czuns.org\/#organization"},"image":{"@id":"https:\/\/www.czuns.org\/hajde-da-iscupamo-centar-iz-blokade-racuna\/#primaryimage"},"thumbnailUrl":"https:\/\/www.czuns.org\/wp-content\/uploads\/2025\/08\/repa.png","articleSection":["News"],"inLanguage":"en-US","potentialAction":[{"@type":"CommentAction","name":"Comment","target":["https:\/\/www.czuns.org\/hajde-da-iscupamo-centar-iz-blokade-racuna\/#respond"]}]},{"@type":"WebPage","@id":"https:\/\/www.czuns.org\/hajde-da-iscupamo-centar-iz-blokade-racuna\/","url":"https:\/\/www.czuns.org\/hajde-da-iscupamo-centar-iz-blokade-racuna\/","name":"Hajde da i\u0161\u010dupamo Centar iz blokade ra\u010duna! - Centre LIVING UPRIGHT Novi Sad","isPartOf":{"@id":"https:\/\/www.czuns.org\/#website"},"primaryImageOfPage":{"@id":"https:\/\/www.czuns.org\/hajde-da-iscupamo-centar-iz-blokade-racuna\/#primaryimage"},"image":{"@id":"https:\/\/www.czuns.org\/hajde-da-iscupamo-centar-iz-blokade-racuna\/#primaryimage"},"thumbnailUrl":"https:\/\/www.czuns.org\/wp-content\/uploads\/2025\/08\/repa.png","datePublished":"2026-04-14T06:36:09+00:00","dateModified":"2026-04-28T06:36:02+00:00","description":"\u201eCentar \u2018\u017diveti uspravno\u2019 Novi Sad pru\u017ea personalnu asistenciju, peer podr\u0161ku i promovi\u0161e samostalan \u017eivot i ljudska prava.","breadcrumb":{"@id":"https:\/\/www.czuns.org\/hajde-da-iscupamo-centar-iz-blokade-racuna\/#breadcrumb"},"inLanguage":"en-US","potentialAction":[{"@type":"ReadAction","target":["https:\/\/www.czuns.org\/hajde-da-iscupamo-centar-iz-blokade-racuna\/"]}]},{"@type":"ImageObject","inLanguage":"en-US","@id":"https:\/\/www.czuns.org\/hajde-da-iscupamo-centar-iz-blokade-racuna\/#primaryimage","url":"https:\/\/www.czuns.org\/wp-content\/uploads\/2025\/08\/repa.png","contentUrl":"https:\/\/www.czuns.org\/wp-content\/uploads\/2025\/08\/repa.png","width":1200,"height":450},{"@type":"BreadcrumbList","@id":"https:\/\/www.czuns.org\/hajde-da-iscupamo-centar-iz-blokade-racuna\/#breadcrumb","itemListElement":[{"@type":"ListItem","position":1,"name":"\u041f\u043e\u0447\u0435\u0442\u043d\u0430","item":"https:\/\/www.czuns.org\/"},{"@type":"ListItem","position":2,"name":"Hajde da i\u0161\u010dupamo Centar iz blokade ra\u010duna!"}]},{"@type":"WebSite","@id":"https:\/\/www.czuns.org\/#website","url":"https:\/\/www.czuns.org\/","name":"Centar \u017diveti uspravno Novi Sad","description":"[:rs]Prete\u017ena delatnost Centra je 8899 ostali vidovi socijalne za\u0161tite bez sme\u0161taja[:en] Centre&#039;s registered predominant activity is 8899: other social services except for accommodation[:sr]\u041f\u0440\u0435\u0442\u0435\u0436\u043d\u0430 \u0434\u0435\u043b\u0430\u0442\u043d\u043e\u0441\u0442 \u0426\u0435\u043d\u0442\u0440\u0430 \u0458\u0435 \u043f\u0440\u043e\u0434\u0443\u043a\u0446\u0438\u0458\u0430 \u043c\u0435\u0434\u0438\u0458\u0441\u043a\u043e\u0433 \u0438 \u0444\u0438\u043b\u043c\u0441\u043a\u043e\u0433 \u043c\u0430\u0442\u0435\u0438\u0458\u0430\u043b\u0430 \u043e \u043f\u043e\u043b\u043e\u0436\u0430\u0458\u0443 \u043e\u0441\u043e\u0431\u0430 \u0441\u0430 \u0438\u043d\u0432\u0430\u043b\u0438\u0434\u0438\u0442\u0435\u0442\u043e\u043c \u0438 \u0433\u0440\u0430\u0452\u0430\u043d\u0441\u043a\u0438\u043c \u043f\u0440\u0430\u0432\u0438\u043c\u0430.[:]","publisher":{"@id":"https:\/\/www.czuns.org\/#organization"},"potentialAction":[{"@type":"SearchAction","target":{"@type":"EntryPoint","urlTemplate":"https:\/\/www.czuns.org\/?s={search_term_string}"},"query-input":{"@type":"PropertyValueSpecification","valueRequired":true,"valueName":"search_term_string"}}],"inLanguage":"en-US"},{"@type":"Organization","@id":"https:\/\/www.czuns.org\/#organization","name":"Centar \u017diveti uspravno Novi Sad","url":"https:\/\/www.czuns.org\/","logo":{"@type":"ImageObject","inLanguage":"en-US","@id":"https:\/\/www.czuns.org\/#\/schema\/logo\/image\/","url":"https:\/\/www.czuns.org\/wp-content\/uploads\/2020\/07\/czu_logo.png","contentUrl":"https:\/\/www.czuns.org\/wp-content\/uploads\/2020\/07\/czu_logo.png","width":871,"height":315,"caption":"Centar \u017diveti uspravno Novi Sad"},"image":{"@id":"https:\/\/www.czuns.org\/#\/schema\/logo\/image\/"},"sameAs":["https:\/\/www.facebook.com\/profile.php?id=100064645570972","https:\/\/x.com\/uspravno","https:\/\/www.instagram.com\/centar.ziveti.uspravno\/"]},{"@type":"Person","@id":"https:\/\/www.czuns.org\/#\/schema\/person\/e6a524dac9abf6dbe2a6d72ba935ba16","name":"czuns","image":{"@type":"ImageObject","inLanguage":"en-US","@id":"https:\/\/secure.gravatar.com\/avatar\/253f19539fa3a351c7d26815ac9fea49906610392f33e3508931d1c6d3f19d6d?s=96&d=mm&r=g","url":"https:\/\/secure.gravatar.com\/avatar\/253f19539fa3a351c7d26815ac9fea49906610392f33e3508931d1c6d3f19d6d?s=96&d=mm&r=g","contentUrl":"https:\/\/secure.gravatar.com\/avatar\/253f19539fa3a351c7d26815ac9fea49906610392f33e3508931d1c6d3f19d6d?s=96&d=mm&r=g","caption":"czuns"},"url":"https:\/\/www.czuns.org\/en\/author\/czuns\/"}]}},"_links":{"self":[{"href":"https:\/\/www.czuns.org\/en\/wp-json\/wp\/v2\/posts\/11145","targetHints":{"allow":["GET"]}}],"collection":[{"href":"https:\/\/www.czuns.org\/en\/wp-json\/wp\/v2\/posts"}],"about":[{"href":"https:\/\/www.czuns.org\/en\/wp-json\/wp\/v2\/types\/post"}],"author":[{"embeddable":true,"href":"https:\/\/www.czuns.org\/en\/wp-json\/wp\/v2\/users\/3"}],"replies":[{"embeddable":true,"href":"https:\/\/www.czuns.org\/en\/wp-json\/wp\/v2\/comments?post=11145"}],"version-history":[{"count":89,"href":"https:\/\/www.czuns.org\/en\/wp-json\/wp\/v2\/posts\/11145\/revisions"}],"predecessor-version":[{"id":12016,"href":"https:\/\/www.czuns.org\/en\/wp-json\/wp\/v2\/posts\/11145\/revisions\/12016"}],"wp:featuredmedia":[{"embeddable":true,"href":"https:\/\/www.czuns.org\/en\/wp-json\/wp\/v2\/media\/9294"}],"wp:attachment":[{"href":"https:\/\/www.czuns.org\/en\/wp-json\/wp\/v2\/media?parent=11145"}],"wp:term":[{"taxonomy":"category","embeddable":true,"href":"https:\/\/www.czuns.org\/en\/wp-json\/wp\/v2\/categories?post=11145"},{"taxonomy":"post_tag","embeddable":true,"href":"https:\/\/www.czuns.org\/en\/wp-json\/wp\/v2\/tags?post=11145"}],"curies":[{"name":"wp","href":"https:\/\/api.w.org\/{rel}","templated":true}]}}