{"id":11643,"date":"2026-03-09T19:09:25","date_gmt":"2026-03-09T18:09:25","guid":{"rendered":"https:\/\/www.czuns.org\/?p=11643"},"modified":"2026-03-11T10:04:09","modified_gmt":"2026-03-11T09:04:09","slug":"reakcija-na-predlog-za-uvodjenje-usluge-inkluzivni-asistent","status":"publish","type":"post","link":"https:\/\/www.czuns.org\/en\/reakcija-na-predlog-za-uvodjenje-usluge-inkluzivni-asistent\/","title":{"rendered":"Reakcija na predlog za uvo\u0111enje usluge inkluzivni asistent"},"content":{"rendered":"<p class=\"qtranxs-available-languages-message qtranxs-available-languages-message-en\">Sorry, this entry is only available in <a href=\"https:\/\/www.czuns.org\/rs\/wp-json\/wp\/v2\/posts\/11643\" class=\"qtranxs-available-language-link qtranxs-available-language-link-rs\" title=\"B\/CG\/H\/S\">B\/CG\/H\/S<\/a>. For the sake of viewer convenience, the content is shown below in the alternative language. You may click the link to switch the active language.<\/p><p><\/p>\n<div class=\"gE iv gt\">Predlaga\u010dima i Inicijativi za prava osoba sa mentalnim invaliditetom MDRI-S<br \/>\n<i><\/i><\/p>\n<table class=\"cf gJ\" cellpadding=\"0\">\n<tbody>\n<tr class=\"acZ xD\">\n<td colspan=\"3\">\n<table class=\"cf adz\" cellpadding=\"0\">\n<tbody>\n<tr>\n<td class=\"ady\">\n<div class=\"iw ajw\"><span class=\"hb\" translate=\"no\">\u00a0<\/span><\/div>\n<div id=\"avWBGd-12\" class=\"ajy\" tabindex=\"0\" role=\"button\" aria-haspopup=\"true\" data-tooltip=\"Show details\" aria-label=\"Show details\"><img decoding=\"async\" class=\"ajz\" src=\"https:\/\/mail.google.com\/mail\/u\/0\/images\/cleardot.gif\" alt=\"\" \/><\/div>\n<\/td>\n<\/tr>\n<\/tbody>\n<\/table>\n<\/td>\n<\/tr>\n<\/tbody>\n<\/table>\n<\/div>\n<div id=\":op\">\n<div id=\":oq\">\n<div class=\"qQVYZb\"><img loading=\"lazy\" decoding=\"async\" class=\"size-medium wp-image-7231 aligncenter\" src=\"https:\/\/www.czuns.org\/wp-content\/uploads\/2025\/01\/Independent-living-225x300.jpg\" alt=\"Na uvodnoj sliici je tekst: Samopredeljwnje je se\u017e samostalnog \u017eivota. Ja bira i odlu\u010dujem o svemu \u0161to me se tii\u010de i imam pravo na gre\u0161ku.\" width=\"225\" height=\"300\" srcset=\"https:\/\/www.czuns.org\/wp-content\/uploads\/2025\/01\/Independent-living-225x300.jpg 225w, https:\/\/www.czuns.org\/wp-content\/uploads\/2025\/01\/Independent-living.jpg 450w\" sizes=\"auto, (max-width: 225px) 100vw, 225px\" \/><\/div>\n<\/div>\n<\/div>\n<div class=\"\">\n<div id=\":os\" class=\"ii gt\">\n<div id=\":or\" class=\"a3s aiL\">\n<div id=\"avWBGd-17\">\n<div dir=\"auto\">\n<div dir=\"ltr\">\n<div dir=\"auto\">\n<div dir=\"auto\">\n<div dir=\"auto\">\n<div class=\"adM\" dir=\"auto\"><\/div>\n<div dir=\"auto\" style=\"text-align: left;\">Po\u0161tovani\/e,<\/div>\n<div dir=\"auto\"><\/div>\n<div dir=\"auto\" style=\"text-align: left;\">Prekju\u010de je, sticajem okolnosti, po\u0161to Centar od maja 2022 organizuje uslugu personalne asistencije i podr\u0161ku u dono\u0161enju odluka 1 mladoj slikarki s Daunovim sindromom i od oktobra 2024. atuisti\u010dnm studentu sada druge godine na dvema visoko\u0161kolskim ustanovama u BG, stigla onformacija da je preliminarno od strane u\u017ee radne grupe kojom koordimira Nacionalma organizacija osoba sa invaliditetom:<\/div>\n<div dir=\"auto\"><\/div>\n<div>*Predlog standarda za novu uslugu INKLUZIVNI ASISTENT*<\/div>\n<div>\n<div dir=\"auto\">(preuzeto sa NOOIS-a)<\/div>\n<div dir=\"auto\">&#8220;Nakon samo tri sastanka u NOOIS-u, koji je koordinirao radom uze Radne grupe za razvoj nove usluge za samostalni zivot osoba sa intelektualnim invaliditetom, danas je uradjen konacan predlog teksta. Usaglasen predlog bice dostavljen Radnoj grupi za izmene i dopune Pravilnika o blizim uslovima i standardima za pruzanje usluga socijalne zastite koju je formiralo Ministarstvo za rad, zaposljavanje, boracka i socijalna pitanja, Sektor za socijalnu zastitu.<\/div>\n<div dir=\"auto\">Ocekuje se da ce Radna grupa u sirem sastavu u sto kracem roku razmotriti i usvojiti ovaj predlog, imajuci u vidu da su u njegovoj izradi ucestvovali predstavnici svih zainteresovanih strana &#8211; roditeljskih udruzenja i sami roditelji, predstavnici krovne organizacije, pruzalaca usluga, eksperti iz oblasti socijalne zastite i resornog Ministarstva. Ocekivano usvajanje izmena i dopuna ovog Pravilnika predstavljace ogroman iskorak u zastiti ljudskih prava i vecoj ravnopravnosti lica sa intelektualnim, mentalnim i visestrukim smetnjama.<\/div>\n<div dir=\"auto\">Hvala svim ucesnicima ovog procesa na ogromnom doprinosu koji su dali u cilju uvodjenja nove usluge za samostalni zivot odraslih osoba sa intelektualnim invaliditetom u Srbiji.&#8221;<\/div>\n<div dir=\"auto\"><\/div>\n<\/div>\n<div dir=\"auto\"><\/div>\n<div dir=\"auto\">Iskorak u zastiti ljudskih prava i ve\u0107oj ravnopravnosti\u00a0 intelektualno, mentalno i vi\u0161estruko omogu\u0107avanih ometanih osoba desi\u0107e se kada se suo\u010dimo s intergrupnom diskriminacijom koja je nepromenjena u poslednjih 26 godina i \u010dim se organizacije osoba sa invaliditetom i nadle\u017ena tela, uklju\u010duju\u0107i Sektor za socijalnu za\u0161titu resornog ministarstva, opredele za doslednu i punu primenu Konvencije UN-a o pravima osoba sa invaliditetom i \u010dim svi zajedno svojim radom stvarno po\u010dnemo da peimenjujemo op\u0161te komentare Komiteta UN za pra\u0107enje sprovo\u0111enja Konvencije i pojedina\u010dne upu\u0107ene R.Srbiji, po\u010dev od onih u vezi s pravom ma samostalni \u017eivot i uklju\u010drnost u zajednicu, od toga da individualizovana procena potreba za podr\u0161kom treba da bude u fokusu u odnosu na va\u017ae\u0107u procenu stepena i vrste o\u0161te\u0107enja do uvo\u0111enja op\u0161teg prava na uslugu personalne asistencije (ne asistenta ve\u0107 asistencije) kao op\u0161teg i potencojalnog prava svake osobe kojoj je potrebna za samostalni \u017eivot uz podr\u0161ku u odlu\u010divanju o sebi kome je i kad je potrebna. Ova dva vida podr\u0161ke proistekla su iz iskustva i o tome da treba da budu op\u0161te dostupna saglasni su i me\u0111unarodni i evropski pokret za samostalni \u017eivot i Komitet UN-a.<\/div>\n<div dir=\"auto\"><\/div>\n<div dir=\"auto\">Tekst predloga terminolo\u0161ki i pristupim vi\u0161e upu\u0107uje na stru\u010dni odnos nego na iskustveni. Nemogu\u0107e je da u Srbiji ne postoji nijedna punoletna osoba s potrebom za podr\u0161kom u odlu\u010divanju o sebi koja ne mo\u017ee da govori u svoje ime, priklju\u010di pokretu i upozna se s tekovinama me\u0111unarodnog pokreta za samostalni \u017eivot na na\u010din da ovde doprinese njihovoj primeni. Za ovu situaciju smatram direktno odgovornim samozastupni\u010dke organizacije osoba sa invaliditetom i roditeljske zbog uverenosti da ovde ne mo\u017ee biti kao u ostatku sveta iako je potreba za podr\u0161kom svuda ista jer je u pitanju univerzalno ljudsko iskustvo.<\/div>\n<div dir=\"auto\"><\/div>\n<div dir=\"auto\">Prvo \u0161to treba da se uradi jeste promena na\u010dina odobravanja dodatka za pomo\u0107 i negu drugog lica, pove\u0107avanja njenog iznosa da pokrije stvarne potrebe za asistencije jer svega tridesetak lokalnih samouprava finansira uslugu personalne asistencije za manje od 500 odraslih osoba i one koje finansiraju ne finansiraju sve tro\u0161kove, odnosno rad asistena\/kinja\u00a0 ugovara se kao delo ili privremeno-povremeni poslovim bez pla\u0107enih praznika i drugih neradnih dana. Samo u BG i NS cena rada asistenata, ne i li\u010dnih pratilaca deci, donekle prati tro\u0161kove \u017eivota. S iznosom do 37.000 din. odrasle osobe koje ostvaruju pravo na osnovni dodatak za pomo\u0107 i negu drugog lica, a uz ovaj dodatak nemaju pravo na finansiranje asistencije ni kad je lokalna samouorava finansira, ne mogu da pokriju ni 20 sati asistencije nedeljno. Da bi po ceni rada kojju odobrava Grad NS osoba pokrila 40 sati asistencije nedeljno pi ugovoru o radu, uz zamenu u vreme bolovanja i godi\u0161njeg odmora potrebno je 151.000 din. mese\u010dno ove godine. To je iznos koji bi trebalo da imamo u vidu kao po\u010detni za odobravanje garantovanog iznosa za osnovni i uve\u0107ani dodatak za pomo\u0107 i negu drugog lica, da osnovnu pokrije do 4 sata asistencije dnevno a ostatak do 168 sati nedeljno po razredima, shodno tome koliko je kome potrebno. Iskustvo Centra od 17,5 godina organizovanja asistencije pokazalo je da je ve\u0107ini osoba koje po va\u017ee\u0107im kriterijumima ostvaruju pravo na finansiranje personalne asistencije minimalno potrebno 60 do 120 sati asistencije. I dodaci za pomo\u010d i negu drugog.lica i eventualni nastavak finansiranja ove usluge od strane lokalnih samouprava na na\u010din na koji se sada finansira, trebalo bi ovaj odnos vremena i novca da imaju u vidu.<\/div>\n<div dir=\"auto\"><\/div>\n<div dir=\"auto\">U odnosu na kriterijume za licenciranje usluge po va\u017ee\u0107im cenama za 1 osobu koja koristi asistenciju 4l0 sati nedeljno, minimalno je potrebno preko 4 miliona din. godi\u0161nje. Godi\u0161nja cena smanjuje se na vi\u0161e od 1 korisnika\/ce znog deljenih tro\u0161kova, ali je svejedno izazov i za licenciranig pru\u017eaoca i za dr\u017eavni nivo (sada lokalnu sanmoupravu) koja se opredeli (jo\u0161 uvek nije u obavezi) da uvo\u0111enjem u svoju odluku o socijalnoj za\u0161titi finansira ovu uslugu.<\/div>\n<div dir=\"auto\"><\/div>\n<div dir=\"auto\">Tre\u0107i izazov je \u0161to po odlukama o davanju u zakup javnih prostora ve\u0107ina lokalnih samouprava, pravno lice prostor u javnom\u00a0 vlasni\u0161tvu po povla\u0161\u0107enim cenama mo\u017ee zakupiti na 2 ili 3 godine, a licenca za pru\u017eanje usluge socijalne za\u0161tite dobija se prvo na 5 ili 6 godina i obnavlja se na narednih 6. Za svaku licenciranu uslugu potrebna je zasebna kancelarija i zapi\u0161ljavanje stru\u010dnog radnika\/ce tako\u0111e za svaku licenciranu uslugu na svakih 50 korisnika\/ca. To zna\u010di da ukoliko pru\u017ealac podnosi zahtev za licencu ili za njenu obnovu, mora da bude vlasnik kancelarija u kojima organizuje usluge ili ako ih je vi\u0161e od 1, u smenama, ili da ima ugovor o njihovom zakupu na minimalno 6-7\u00a0 godina ili neograni\u010den.<\/div>\n<div dir=\"auto\"><\/div>\n<div dir=\"auto\">U vezi s ovim predlogom, najbolje bi bilo da se prvo odgovaraju\u0107im dodatkom za pomo\u0107 i negu drugog lica (ja bih imenovala dodatkom za samostalni \u017eivot ili za asistrnciju) obezbedi novac da je stvarno imamo bez obzira na to da li ju je lokalna samouorava uvela u\u00a0 svoju odluku o socijalnoj za\u0161ti ili nije i da li na njenom podru\u010dju ima licenciranih pru\u017ealaca s kapacitetim da ispuni sve navedene kriterijume uz spoznaju unapred da je finansiranje it lokalnog takvo da ga dovodi ili u kr\u0161enje radnih prava asistenata\/kinja i Zakona o radu ugovaranjem dela za stalnu delatnost ili u dugovanje.<\/div>\n<div dir=\"auto\"><\/div>\n<div dir=\"auto\">\u0160to se ti\u010de odluke kome \u0107e uslugu pru\u017eati, licencirani pru\u017ealac mo\u017ee se opredeliti, kao \u0161to su npr. to uradile 2 zadruge za samostalni \u017eivot u Stokholmu, koje me\u0111usobno sara\u0111uju. To je mnogo bolje re\u0161enje nego da asistencija za 1 bude personalna za druge inkluzivna. Ono \u0161to bi se miglo nazvati inkluzivnim, postoji u Hrvatskoj, jeste dodatak za dodatne tro\u0161kove invalidnosti, koji se tako\u0111e odobrava na ime osobe, a koristi ga cela porodica jer zaista ima tro\u0161kove koje poridice bez \u010dl. s inv. nemaju. A mo\u017ee se transparentno nazvati dodstak za dodatne tro\u0161kove invalidnosti.<\/div>\n<div dir=\"auto\"><\/div>\n<div dir=\"auto\">Ja imam o\u0161te\u0107enje mozga koje je ostavilo samo fizi\u010dke i delom emocionalne posledice. Dovoljno je da se suo\u010dim s epilepsijom ili bilo kojim udarom, sindromom ili psihozom, \u0161to je za doba u kome \u017eivimo svakodnevica, da mi, po ovome \u0161to je sada predlo\u017eeno, zatrebaju oba vida as\u00ecstencije ili da izgubim personalnu? Isto va\u017ei i u slu\u010daju sticanja fizi\u010dkog o\u0161te\u0107enja ili gubitka vida u slu\u010daju da nekom bude odobrena samo inkluzivna asistencija? Ako ja iz uloge korisnice nazivam svoju asistentkinju\/asistenta inkluzivnim i prihvatim taj naziv, to je izricanje saglasnosti s izdvajanjem. Isti sam odnos, kao lingvistkinja specijalizovana za standardizaciju i normativistiku ovog jezika, imala i u vezi s terminom romski asistent. Li\u010dni, personalni, pedago\u0161ki, andrago\u0161ki\u00a0 u redu su jer su op\u0161ti. Zna\u010di asistent\/kinja treba da doprinese mojoj uklju\u010denosti u zajednicu, umesto da uz ne\u010diju asistenciju (i podr\u0161ku u odlu\u010divanju) po\u010dnem ili da nastavim da \u017eivim samostalno, i da to bude primarna garantovana mera moje uklju\u010denosti u zajednicu uz samozastupni\u010dke i druge organizacije koje\u00a0 moju porodicu i mene na iskustvenoj osnovi od nastanka o\u0161te\u0107enja relevantno informi\u0161u o tekovinama me\u0111unarodnog pokreta za samostalni \u017eivot, da u startu znam da imam pravo na izbor svega \u0161to me se ti\u010de, i svih ostalih tekovina borbe za prava osoba sa invaliditetom i ljudska prava uop\u0161te.<\/div>\n<div dir=\"auto\"><\/div>\n<div dir=\"auto\">Idu\u0107eg meseca je 20 g. od usvajanja Zakona o spre\u010davanju diskriminacije osoba sa invaliditetom, va\u017ee\u0107eg Zakona o planiranju i izgradnji, 15 godina od usvajanja Zakona o soc. za\u0161titi. Sva 3 va\u017ena za samostalni \u017eivot. Slede\u0107e nedelje je 54 god\u00ecne od osnivanja prvog centra za\u00a0 samostalni \u017eivot na Berkliju, u decembru je 20 godina od usvajanja Konvencije. Ne znam kako je mogu\u0107e da ovda\u0161nji pokret za prava osoba sa invaliditetom, na osnovu svega \u0161to je do 2014. u zakonodavnom delu ura\u0111eno ne mo\u017ee da uporedi ovda\u0161nja sa zakonskim re\u0161enjima Norve\u0161ke, \u0160vedske, Slovenije (ova 3 su najbolja), ne \u010duje i ne i\u0161\u010dita sve \u0161to su ostavili za sobom osniva\u010di pokreta u Ameriici, evropskog, britanskog i novu presudu Ustavnog suda Hrvatske u vezi s op\u0161tim pravom na asistenciju umesto konstantnog razdvajanja i doprinno\u0161enja maniru da dr\u017eava mora da se prilago\u0111ava onome \u0161to ima u ponudi i da me\u0111unaridno preuzete obaveze prilagi\u0111ava interesima i, u ovom slu\u010daju stavovima, odr\u0111enih grupa \u010diji bi cilj morao biti dosledna prinena tekovina svih delova pokreta za ljudska prava.<\/div>\n<div dir=\"auto\"><\/div>\n<div dir=\"auto\">U o\u010dekivanju revizije ovog predloga u skladu s \u010dl. 19 Konvencije, srda\u010dno!<\/div>\n<div dir=\"auto\"><\/div>\n<div dir=\"auto\">\n<div>mr Milica Mima Ru\u017ei\u010di\u0107-Nkvkovi\u0107, predsednica<\/div>\n<div>Centar \u017dIVETI USPRAVNO<\/div>\n<\/div>\n<div dir=\"auto\"><\/div>\n<div dir=\"auto\"><\/div>\n<div data-smartmail=\"gmail_signature\">\n<div dir=\"ltr\">\n<div>\n<p>Odgovor Inicijative za prava osoba sa mentalnim invaliditetom:<\/p>\n<p>&nbsp;<\/p>\n<p>Po\u0161tovani,<\/p>\n<p>Hvala na podeljenim informacijama o predlogu standarda za novu uslugu \u201einkluzivni asistent\u201c.<\/p>\n<p>\u017delela bih da podelim kratku napomenu. U na\u0161em kontekstu termin \u201einkluzivni\u201c je tokom vremena dobio prili\u010dno specifi\u010dno zna\u010denje koje \u010desto dovodi do nove kategorizacije i izdvajanja osoba sa invaliditetom. U obrazovanju se, na primer, ve\u0107 ustalila praksa da se deca koja se \u0161koluju uz dodatnu podr\u0161ku ponekad nazivaju \u201einkluzivnom decom\u201c, \u0161to u praksi \u010desto postaje samo novi na\u010din ozna\u010davanja dece sa intelektualnim invaliditetom. Postoji bojazan da bi se sli\u010dno moglo dogoditi i u ovom slu\u010daju.<\/p>\n<p>Istovremeno, \u010dini se da predlog nove usluge otvara \u0161ire pitanje pravca u kome razvijamo sistem podr\u0161ke za samostalni \u017eivot. Umesto uvo\u0111enja novih kategorija usluga, mo\u017eda je vreme da se razmotri sveobuhvatniji pristup i temeljno preispita postoje\u0107i sistem podr\u0161ke, kako bi on zaista bio zasnovan na pravima osoba sa invaliditetom i principima Konvencije UN o pravima osoba sa invaliditetom.<\/p>\n<p>Verujem da je va\u017eno da o ovim pitanjima vodimo otvoren i promi\u0161ljen dijalog pre nego \u0161to se naprave dalji koraci u normiranju novih usluga.<\/p>\n<p>Srda\u010dno,<\/p>\n<div><i><span style=\"font-family: arial, helvetica, sans-serif; font-size: small;\"><b><br \/>\nSne\u017eana\u00a0Lazarevi\u0107<\/b><\/span><\/i><\/div>\n<div><i><span style=\"color: #000000;\">\u00a0<\/span><\/i><\/div>\n<div><i><span style=\"color: #000000;\">I<\/span><\/i><i><span style=\"color: #000000;\">zvr\u0161na direktorka \/ Executive director<\/span><\/i><\/div>\n<div><i><span style=\"font-family: arial, helvetica, sans-serif; font-size: small;\">Inicijativa za prava osoba sa mentalnim<\/span><\/i><\/div>\n<div><i><span style=\"font-family: arial, helvetica, sans-serif; font-size: small;\">invaliditetom MDRI-S<\/span><\/i><\/div>\n<div><i><span style=\"font-family: arial, helvetica, sans-serif; font-size: small;\">Mental Disability Rights Initiative MDRI-S\u00a0 \u00a0 \u00a0 \u00a0 \u00a0 \u00a0 \u00a0 \u00a0 \u00a0 \u00a0 \u00a0 \u00a0 \u00a0 \u00a0 \u00a0 \u00a0 \u00a0 \u00a0 \u00a0 \u00a0 \u00a0 \u00a0 \u00a0 \u00a0 \u00a0 \u00a0 \u00a0 \u00a0 \u00a0 \u00a0 \u00a0 \u00a0 \u00a0 \u00a0 \u00a0 \u00a0 \u00a0 \u00a0 \u00a0 \u00a0 \u00a0 \u00a0 \u00a0 \u00a0 \u00a0 \u00a0 \u00a0 \u00a0 \u00a0 \u00a0 \u00a0 \u00a0 \u00a0 \u00a0 \u00a0 \u00a0 \u00a0 \u00a0 \u00a0 \u00a0 \u00a0 \u00a0 \u00a0 \u00a0 \u00a0 \u00a0 \u00a0 \u00a0 \u00a0 \u00a0 \u00a0 \u00a0 \u00a0 \u00a0 \u00a0 \u00a0 \u00a0 \u00a0 \u00a0 \u00a0 \u00a0 \u00a0 \u00a0<\/span><\/i><\/div>\n<\/div>\n<\/div>\n<\/div>\n<\/div>\n<\/div>\n<\/div>\n<\/div>\n<\/div>\n<\/div>\n<\/div>\n<\/div>\n<\/div>\n<p><\/p>","protected":false},"excerpt":{"rendered":"<p>Sorry, this entry is only available in B\/CG\/H\/S. For the sake of viewer convenience, the content is shown below in the alternative language. You may click the link to switch the active language. Predlaga\u010dima i Inicijativi za prava osoba sa mentalnim invaliditetom MDRI-S \u00a0 Po\u0161tovani\/e, Prekju\u010de je, sticajem okolnosti, po\u0161to&#8230; <a class=\"continue-reading-link\" href=\"https:\/\/www.czuns.org\/en\/reakcija-na-predlog-za-uvodjenje-usluge-inkluzivni-asistent\/\">Ceo \u010dlanak<\/a><\/p>\n","protected":false},"author":3,"featured_media":7231,"comment_status":"open","ping_status":"open","sticky":true,"template":"","format":"standard","meta":{"_eb_attr":"","_crdt_document":"","footnotes":"","_links_to":"","_links_to_target":""},"categories":[116,2],"tags":[],"class_list":["post-11643","post","type-post","status-publish","format-standard","has-post-thumbnail","hentry","category-edukativni-kutak","category-novosti"],"yoast_head":"\n<title><\/title>\n<meta name=\"description\" content=\"\u201eCentar \u2018\u017diveti uspravno\u2019 Novi Sad pru\u017ea personalnu asistenciju, peer podr\u0161ku i promovi\u0161e samostalan \u017eivot i ljudska prava.\" \/>\n<meta name=\"robots\" content=\"index, follow, max-snippet:-1, max-image-preview:large, max-video-preview:-1\" \/>\n<link rel=\"canonical\" href=\"https:\/\/www.czuns.org\/reakcija-na-predlog-za-uvodjenje-usluge-inkluzivni-asistent\/\" \/>\n<meta property=\"og:locale\" content=\"en_US\" \/>\n<meta property=\"og:type\" content=\"article\" \/>\n<meta property=\"og:title\" content=\"[:rs]Reakcija na predlog za uvo\u0111enje usluge inkluzivni asistent[:] - Centre LIVING UPRIGHT Novi Sad\" \/>\n<meta property=\"og:description\" content=\"\u201eCentar \u2018\u017diveti uspravno\u2019 Novi Sad pru\u017ea personalnu asistenciju, peer podr\u0161ku i promovi\u0161e samostalan \u017eivot i ljudska prava.\" \/>\n<meta property=\"og:url\" content=\"https:\/\/www.czuns.org\/reakcija-na-predlog-za-uvodjenje-usluge-inkluzivni-asistent\/\" \/>\n<meta property=\"og:site_name\" content=\"Centre LIVING UPRIGHT Novi Sad\" \/>\n<meta property=\"article:publisher\" content=\"https:\/\/www.facebook.com\/profile.php?id=100064645570972\" \/>\n<meta property=\"article:published_time\" content=\"2026-03-09T18:09:25+00:00\" \/>\n<meta property=\"article:modified_time\" content=\"2026-03-11T09:04:09+00:00\" \/>\n<meta property=\"og:image\" content=\"https:\/\/www.czuns.org\/wp-content\/uploads\/2025\/01\/Independent-living.jpg\" \/>\n\t<meta property=\"og:image:width\" content=\"450\" \/>\n\t<meta property=\"og:image:height\" content=\"600\" \/>\n\t<meta property=\"og:image:type\" content=\"image\/jpeg\" \/>\n<meta name=\"author\" content=\"czuns\" \/>\n<meta name=\"twitter:card\" content=\"summary_large_image\" \/>\n<meta name=\"twitter:creator\" content=\"@uspravno\" \/>\n<meta name=\"twitter:site\" content=\"@uspravno\" \/>\n<meta name=\"twitter:label1\" content=\"Written by\" \/>\n\t<meta name=\"twitter:data1\" content=\"czuns\" \/>\n\t<meta name=\"twitter:label2\" content=\"Est. reading time\" \/>\n\t<meta name=\"twitter:data2\" content=\"11 minutes\" \/>\n<script type=\"application\/ld+json\" class=\"yoast-schema-graph\">{\"@context\":\"https:\\\/\\\/schema.org\",\"@graph\":[{\"@type\":\"Article\",\"@id\":\"https:\\\/\\\/www.czuns.org\\\/reakcija-na-predlog-za-uvodjenje-usluge-inkluzivni-asistent\\\/#article\",\"isPartOf\":{\"@id\":\"https:\\\/\\\/www.czuns.org\\\/reakcija-na-predlog-za-uvodjenje-usluge-inkluzivni-asistent\\\/\"},\"author\":{\"name\":\"czuns\",\"@id\":\"https:\\\/\\\/www.czuns.org\\\/#\\\/schema\\\/person\\\/e6a524dac9abf6dbe2a6d72ba935ba16\"},\"headline\":\"Reakcija na predlog za uvo\u0111enje usluge inkluzivni asistent\",\"datePublished\":\"2026-03-09T18:09:25+00:00\",\"dateModified\":\"2026-03-11T09:04:09+00:00\",\"mainEntityOfPage\":{\"@id\":\"https:\\\/\\\/www.czuns.org\\\/reakcija-na-predlog-za-uvodjenje-usluge-inkluzivni-asistent\\\/\"},\"wordCount\":1955,\"commentCount\":0,\"publisher\":{\"@id\":\"https:\\\/\\\/www.czuns.org\\\/#organization\"},\"image\":{\"@id\":\"https:\\\/\\\/www.czuns.org\\\/reakcija-na-predlog-za-uvodjenje-usluge-inkluzivni-asistent\\\/#primaryimage\"},\"thumbnailUrl\":\"https:\\\/\\\/www.czuns.org\\\/wp-content\\\/uploads\\\/2025\\\/01\\\/Independent-living.jpg\",\"articleSection\":[\"Edukacija\",\"News\"],\"inLanguage\":\"en-US\",\"potentialAction\":[{\"@type\":\"CommentAction\",\"name\":\"Comment\",\"target\":[\"https:\\\/\\\/www.czuns.org\\\/reakcija-na-predlog-za-uvodjenje-usluge-inkluzivni-asistent\\\/#respond\"]}]},{\"@type\":\"WebPage\",\"@id\":\"https:\\\/\\\/www.czuns.org\\\/reakcija-na-predlog-za-uvodjenje-usluge-inkluzivni-asistent\\\/\",\"url\":\"https:\\\/\\\/www.czuns.org\\\/reakcija-na-predlog-za-uvodjenje-usluge-inkluzivni-asistent\\\/\",\"name\":\"[:rs]Reakcija na predlog za uvo\u0111enje usluge inkluzivni asistent[:] - Centre LIVING UPRIGHT Novi Sad\",\"isPartOf\":{\"@id\":\"https:\\\/\\\/www.czuns.org\\\/#website\"},\"primaryImageOfPage\":{\"@id\":\"https:\\\/\\\/www.czuns.org\\\/reakcija-na-predlog-za-uvodjenje-usluge-inkluzivni-asistent\\\/#primaryimage\"},\"image\":{\"@id\":\"https:\\\/\\\/www.czuns.org\\\/reakcija-na-predlog-za-uvodjenje-usluge-inkluzivni-asistent\\\/#primaryimage\"},\"thumbnailUrl\":\"https:\\\/\\\/www.czuns.org\\\/wp-content\\\/uploads\\\/2025\\\/01\\\/Independent-living.jpg\",\"datePublished\":\"2026-03-09T18:09:25+00:00\",\"dateModified\":\"2026-03-11T09:04:09+00:00\",\"description\":\"\u201eCentar \u2018\u017diveti uspravno\u2019 Novi Sad pru\u017ea personalnu asistenciju, peer podr\u0161ku i promovi\u0161e samostalan \u017eivot i ljudska prava.\",\"breadcrumb\":{\"@id\":\"https:\\\/\\\/www.czuns.org\\\/reakcija-na-predlog-za-uvodjenje-usluge-inkluzivni-asistent\\\/#breadcrumb\"},\"inLanguage\":\"en-US\",\"potentialAction\":[{\"@type\":\"ReadAction\",\"target\":[\"https:\\\/\\\/www.czuns.org\\\/reakcija-na-predlog-za-uvodjenje-usluge-inkluzivni-asistent\\\/\"]}]},{\"@type\":\"ImageObject\",\"inLanguage\":\"en-US\",\"@id\":\"https:\\\/\\\/www.czuns.org\\\/reakcija-na-predlog-za-uvodjenje-usluge-inkluzivni-asistent\\\/#primaryimage\",\"url\":\"https:\\\/\\\/www.czuns.org\\\/wp-content\\\/uploads\\\/2025\\\/01\\\/Independent-living.jpg\",\"contentUrl\":\"https:\\\/\\\/www.czuns.org\\\/wp-content\\\/uploads\\\/2025\\\/01\\\/Independent-living.jpg\",\"width\":450,\"height\":600,\"caption\":\"Na uvodnoj sliici je tekst: Samopredeljwnje je se\u017e samostalnog \u017eivota. Ja bira i odlu\u010dujem o svemu \u0161to me se tii\u010de i imam pravo na gre\u0161ku.\"},{\"@type\":\"BreadcrumbList\",\"@id\":\"https:\\\/\\\/www.czuns.org\\\/reakcija-na-predlog-za-uvodjenje-usluge-inkluzivni-asistent\\\/#breadcrumb\",\"itemListElement\":[{\"@type\":\"ListItem\",\"position\":1,\"name\":\"\u041f\u043e\u0447\u0435\u0442\u043d\u0430\",\"item\":\"https:\\\/\\\/www.czuns.org\\\/\"},{\"@type\":\"ListItem\",\"position\":2,\"name\":\"Reakcija na predlog za uvo\u0111enje usluge inkluzivni asistent\"}]},{\"@type\":\"WebSite\",\"@id\":\"https:\\\/\\\/www.czuns.org\\\/#website\",\"url\":\"https:\\\/\\\/www.czuns.org\\\/\",\"name\":\"Centar \u017diveti uspravno Novi Sad\",\"description\":\"[:rs]Prete\u017ena delatnost Centra je 8899 ostali vidovi socijalne za\u0161tite bez sme\u0161taja[:en] Centre&#039;s registered  predominant activity is 8899: other social services except for accommodation[:sr]\u041f\u0440\u0435\u0442\u0435\u0436\u043d\u0430 \u0434\u0435\u043b\u0430\u0442\u043d\u043e\u0441\u0442 \u0426\u0435\u043d\u0442\u0440\u0430 \u0458\u0435 \u043f\u0440\u043e\u0434\u0443\u043a\u0446\u0438\u0458\u0430 \u043c\u0435\u0434\u0438\u0458\u0441\u043a\u043e\u0433 \u0438 \u0444\u0438\u043b\u043c\u0441\u043a\u043e\u0433 \u043c\u0430\u0442\u0435\u0438\u0458\u0430\u043b\u0430 \u043e \u043f\u043e\u043b\u043e\u0436\u0430\u0458\u0443 \u043e\u0441\u043e\u0431\u0430 \u0441\u0430 \u0438\u043d\u0432\u0430\u043b\u0438\u0434\u0438\u0442\u0435\u0442\u043e\u043c \u0438 \u0433\u0440\u0430\u0452\u0430\u043d\u0441\u043a\u0438\u043c \u043f\u0440\u0430\u0432\u0438\u043c\u0430.[:]\",\"publisher\":{\"@id\":\"https:\\\/\\\/www.czuns.org\\\/#organization\"},\"potentialAction\":[{\"@type\":\"SearchAction\",\"target\":{\"@type\":\"EntryPoint\",\"urlTemplate\":\"https:\\\/\\\/www.czuns.org\\\/?s={search_term_string}\"},\"query-input\":{\"@type\":\"PropertyValueSpecification\",\"valueRequired\":true,\"valueName\":\"search_term_string\"}}],\"inLanguage\":\"en-US\"},{\"@type\":\"Organization\",\"@id\":\"https:\\\/\\\/www.czuns.org\\\/#organization\",\"name\":\"Centar \u017diveti uspravno Novi Sad\",\"url\":\"https:\\\/\\\/www.czuns.org\\\/\",\"logo\":{\"@type\":\"ImageObject\",\"inLanguage\":\"en-US\",\"@id\":\"https:\\\/\\\/www.czuns.org\\\/#\\\/schema\\\/logo\\\/image\\\/\",\"url\":\"https:\\\/\\\/www.czuns.org\\\/wp-content\\\/uploads\\\/2020\\\/07\\\/czu_logo.png\",\"contentUrl\":\"https:\\\/\\\/www.czuns.org\\\/wp-content\\\/uploads\\\/2020\\\/07\\\/czu_logo.png\",\"width\":871,\"height\":315,\"caption\":\"Centar \u017diveti uspravno Novi Sad\"},\"image\":{\"@id\":\"https:\\\/\\\/www.czuns.org\\\/#\\\/schema\\\/logo\\\/image\\\/\"},\"sameAs\":[\"https:\\\/\\\/www.facebook.com\\\/profile.php?id=100064645570972\",\"https:\\\/\\\/x.com\\\/uspravno\",\"https:\\\/\\\/www.instagram.com\\\/centar.ziveti.uspravno\\\/\"]},{\"@type\":\"Person\",\"@id\":\"https:\\\/\\\/www.czuns.org\\\/#\\\/schema\\\/person\\\/e6a524dac9abf6dbe2a6d72ba935ba16\",\"name\":\"czuns\",\"image\":{\"@type\":\"ImageObject\",\"inLanguage\":\"en-US\",\"@id\":\"https:\\\/\\\/secure.gravatar.com\\\/avatar\\\/253f19539fa3a351c7d26815ac9fea49906610392f33e3508931d1c6d3f19d6d?s=96&d=mm&r=g\",\"url\":\"https:\\\/\\\/secure.gravatar.com\\\/avatar\\\/253f19539fa3a351c7d26815ac9fea49906610392f33e3508931d1c6d3f19d6d?s=96&d=mm&r=g\",\"contentUrl\":\"https:\\\/\\\/secure.gravatar.com\\\/avatar\\\/253f19539fa3a351c7d26815ac9fea49906610392f33e3508931d1c6d3f19d6d?s=96&d=mm&r=g\",\"caption\":\"czuns\"},\"url\":\"https:\\\/\\\/www.czuns.org\\\/en\\\/author\\\/czuns\\\/\"}]}<\/script>\n","yoast_head_json":{"title":"[:rs]Reakcija na predlog za uvo\u0111enje usluge inkluzivni asistent[:] - Centre LIVING UPRIGHT Novi Sad","description":"\u201eCentar \u2018\u017diveti uspravno\u2019 Novi Sad pru\u017ea personalnu asistenciju, peer podr\u0161ku i promovi\u0161e samostalan \u017eivot i ljudska prava.","robots":{"index":"index","follow":"follow","max-snippet":"max-snippet:-1","max-image-preview":"max-image-preview:large","max-video-preview":"max-video-preview:-1"},"canonical":"https:\/\/www.czuns.org\/reakcija-na-predlog-za-uvodjenje-usluge-inkluzivni-asistent\/","og_locale":"en_US","og_type":"article","og_title":"[:rs]Reakcija na predlog za uvo\u0111enje usluge inkluzivni asistent[:] - Centre LIVING UPRIGHT Novi Sad","og_description":"\u201eCentar \u2018\u017diveti uspravno\u2019 Novi Sad pru\u017ea personalnu asistenciju, peer podr\u0161ku i promovi\u0161e samostalan \u017eivot i ljudska prava.","og_url":"https:\/\/www.czuns.org\/reakcija-na-predlog-za-uvodjenje-usluge-inkluzivni-asistent\/","og_site_name":"Centre LIVING UPRIGHT Novi Sad","article_publisher":"https:\/\/www.facebook.com\/profile.php?id=100064645570972","article_published_time":"2026-03-09T18:09:25+00:00","article_modified_time":"2026-03-11T09:04:09+00:00","og_image":[{"width":450,"height":600,"url":"https:\/\/www.czuns.org\/wp-content\/uploads\/2025\/01\/Independent-living.jpg","type":"image\/jpeg"}],"author":"czuns","twitter_card":"summary_large_image","twitter_creator":"@uspravno","twitter_site":"@uspravno","twitter_misc":{"Written by":"czuns","Est. reading time":"11 minutes"},"schema":{"@context":"https:\/\/schema.org","@graph":[{"@type":"Article","@id":"https:\/\/www.czuns.org\/reakcija-na-predlog-za-uvodjenje-usluge-inkluzivni-asistent\/#article","isPartOf":{"@id":"https:\/\/www.czuns.org\/reakcija-na-predlog-za-uvodjenje-usluge-inkluzivni-asistent\/"},"author":{"name":"czuns","@id":"https:\/\/www.czuns.org\/#\/schema\/person\/e6a524dac9abf6dbe2a6d72ba935ba16"},"headline":"Reakcija na predlog za uvo\u0111enje usluge inkluzivni asistent","datePublished":"2026-03-09T18:09:25+00:00","dateModified":"2026-03-11T09:04:09+00:00","mainEntityOfPage":{"@id":"https:\/\/www.czuns.org\/reakcija-na-predlog-za-uvodjenje-usluge-inkluzivni-asistent\/"},"wordCount":1955,"commentCount":0,"publisher":{"@id":"https:\/\/www.czuns.org\/#organization"},"image":{"@id":"https:\/\/www.czuns.org\/reakcija-na-predlog-za-uvodjenje-usluge-inkluzivni-asistent\/#primaryimage"},"thumbnailUrl":"https:\/\/www.czuns.org\/wp-content\/uploads\/2025\/01\/Independent-living.jpg","articleSection":["Edukacija","News"],"inLanguage":"en-US","potentialAction":[{"@type":"CommentAction","name":"Comment","target":["https:\/\/www.czuns.org\/reakcija-na-predlog-za-uvodjenje-usluge-inkluzivni-asistent\/#respond"]}]},{"@type":"WebPage","@id":"https:\/\/www.czuns.org\/reakcija-na-predlog-za-uvodjenje-usluge-inkluzivni-asistent\/","url":"https:\/\/www.czuns.org\/reakcija-na-predlog-za-uvodjenje-usluge-inkluzivni-asistent\/","name":"[:rs]Reakcija na predlog za uvo\u0111enje usluge inkluzivni asistent[:] - Centre LIVING UPRIGHT Novi Sad","isPartOf":{"@id":"https:\/\/www.czuns.org\/#website"},"primaryImageOfPage":{"@id":"https:\/\/www.czuns.org\/reakcija-na-predlog-za-uvodjenje-usluge-inkluzivni-asistent\/#primaryimage"},"image":{"@id":"https:\/\/www.czuns.org\/reakcija-na-predlog-za-uvodjenje-usluge-inkluzivni-asistent\/#primaryimage"},"thumbnailUrl":"https:\/\/www.czuns.org\/wp-content\/uploads\/2025\/01\/Independent-living.jpg","datePublished":"2026-03-09T18:09:25+00:00","dateModified":"2026-03-11T09:04:09+00:00","description":"\u201eCentar \u2018\u017diveti uspravno\u2019 Novi Sad pru\u017ea personalnu asistenciju, peer podr\u0161ku i promovi\u0161e samostalan \u017eivot i ljudska prava.","breadcrumb":{"@id":"https:\/\/www.czuns.org\/reakcija-na-predlog-za-uvodjenje-usluge-inkluzivni-asistent\/#breadcrumb"},"inLanguage":"en-US","potentialAction":[{"@type":"ReadAction","target":["https:\/\/www.czuns.org\/reakcija-na-predlog-za-uvodjenje-usluge-inkluzivni-asistent\/"]}]},{"@type":"ImageObject","inLanguage":"en-US","@id":"https:\/\/www.czuns.org\/reakcija-na-predlog-za-uvodjenje-usluge-inkluzivni-asistent\/#primaryimage","url":"https:\/\/www.czuns.org\/wp-content\/uploads\/2025\/01\/Independent-living.jpg","contentUrl":"https:\/\/www.czuns.org\/wp-content\/uploads\/2025\/01\/Independent-living.jpg","width":450,"height":600,"caption":"Na uvodnoj sliici je tekst: Samopredeljwnje je se\u017e samostalnog \u017eivota. Ja bira i odlu\u010dujem o svemu \u0161to me se tii\u010de i imam pravo na gre\u0161ku."},{"@type":"BreadcrumbList","@id":"https:\/\/www.czuns.org\/reakcija-na-predlog-za-uvodjenje-usluge-inkluzivni-asistent\/#breadcrumb","itemListElement":[{"@type":"ListItem","position":1,"name":"\u041f\u043e\u0447\u0435\u0442\u043d\u0430","item":"https:\/\/www.czuns.org\/"},{"@type":"ListItem","position":2,"name":"Reakcija na predlog za uvo\u0111enje usluge inkluzivni asistent"}]},{"@type":"WebSite","@id":"https:\/\/www.czuns.org\/#website","url":"https:\/\/www.czuns.org\/","name":"Centar \u017diveti uspravno Novi Sad","description":"[:rs]Prete\u017ena delatnost Centra je 8899 ostali vidovi socijalne za\u0161tite bez sme\u0161taja[:en] Centre&#039;s registered predominant activity is 8899: other social services except for accommodation[:sr]\u041f\u0440\u0435\u0442\u0435\u0436\u043d\u0430 \u0434\u0435\u043b\u0430\u0442\u043d\u043e\u0441\u0442 \u0426\u0435\u043d\u0442\u0440\u0430 \u0458\u0435 \u043f\u0440\u043e\u0434\u0443\u043a\u0446\u0438\u0458\u0430 \u043c\u0435\u0434\u0438\u0458\u0441\u043a\u043e\u0433 \u0438 \u0444\u0438\u043b\u043c\u0441\u043a\u043e\u0433 \u043c\u0430\u0442\u0435\u0438\u0458\u0430\u043b\u0430 \u043e \u043f\u043e\u043b\u043e\u0436\u0430\u0458\u0443 \u043e\u0441\u043e\u0431\u0430 \u0441\u0430 \u0438\u043d\u0432\u0430\u043b\u0438\u0434\u0438\u0442\u0435\u0442\u043e\u043c \u0438 \u0433\u0440\u0430\u0452\u0430\u043d\u0441\u043a\u0438\u043c \u043f\u0440\u0430\u0432\u0438\u043c\u0430.[:]","publisher":{"@id":"https:\/\/www.czuns.org\/#organization"},"potentialAction":[{"@type":"SearchAction","target":{"@type":"EntryPoint","urlTemplate":"https:\/\/www.czuns.org\/?s={search_term_string}"},"query-input":{"@type":"PropertyValueSpecification","valueRequired":true,"valueName":"search_term_string"}}],"inLanguage":"en-US"},{"@type":"Organization","@id":"https:\/\/www.czuns.org\/#organization","name":"Centar \u017diveti uspravno Novi Sad","url":"https:\/\/www.czuns.org\/","logo":{"@type":"ImageObject","inLanguage":"en-US","@id":"https:\/\/www.czuns.org\/#\/schema\/logo\/image\/","url":"https:\/\/www.czuns.org\/wp-content\/uploads\/2020\/07\/czu_logo.png","contentUrl":"https:\/\/www.czuns.org\/wp-content\/uploads\/2020\/07\/czu_logo.png","width":871,"height":315,"caption":"Centar \u017diveti uspravno Novi Sad"},"image":{"@id":"https:\/\/www.czuns.org\/#\/schema\/logo\/image\/"},"sameAs":["https:\/\/www.facebook.com\/profile.php?id=100064645570972","https:\/\/x.com\/uspravno","https:\/\/www.instagram.com\/centar.ziveti.uspravno\/"]},{"@type":"Person","@id":"https:\/\/www.czuns.org\/#\/schema\/person\/e6a524dac9abf6dbe2a6d72ba935ba16","name":"czuns","image":{"@type":"ImageObject","inLanguage":"en-US","@id":"https:\/\/secure.gravatar.com\/avatar\/253f19539fa3a351c7d26815ac9fea49906610392f33e3508931d1c6d3f19d6d?s=96&d=mm&r=g","url":"https:\/\/secure.gravatar.com\/avatar\/253f19539fa3a351c7d26815ac9fea49906610392f33e3508931d1c6d3f19d6d?s=96&d=mm&r=g","contentUrl":"https:\/\/secure.gravatar.com\/avatar\/253f19539fa3a351c7d26815ac9fea49906610392f33e3508931d1c6d3f19d6d?s=96&d=mm&r=g","caption":"czuns"},"url":"https:\/\/www.czuns.org\/en\/author\/czuns\/"}]}},"_links":{"self":[{"href":"https:\/\/www.czuns.org\/en\/wp-json\/wp\/v2\/posts\/11643","targetHints":{"allow":["GET"]}}],"collection":[{"href":"https:\/\/www.czuns.org\/en\/wp-json\/wp\/v2\/posts"}],"about":[{"href":"https:\/\/www.czuns.org\/en\/wp-json\/wp\/v2\/types\/post"}],"author":[{"embeddable":true,"href":"https:\/\/www.czuns.org\/en\/wp-json\/wp\/v2\/users\/3"}],"replies":[{"embeddable":true,"href":"https:\/\/www.czuns.org\/en\/wp-json\/wp\/v2\/comments?post=11643"}],"version-history":[{"count":3,"href":"https:\/\/www.czuns.org\/en\/wp-json\/wp\/v2\/posts\/11643\/revisions"}],"predecessor-version":[{"id":11646,"href":"https:\/\/www.czuns.org\/en\/wp-json\/wp\/v2\/posts\/11643\/revisions\/11646"}],"wp:featuredmedia":[{"embeddable":true,"href":"https:\/\/www.czuns.org\/en\/wp-json\/wp\/v2\/media\/7231"}],"wp:attachment":[{"href":"https:\/\/www.czuns.org\/en\/wp-json\/wp\/v2\/media?parent=11643"}],"wp:term":[{"taxonomy":"category","embeddable":true,"href":"https:\/\/www.czuns.org\/en\/wp-json\/wp\/v2\/categories?post=11643"},{"taxonomy":"post_tag","embeddable":true,"href":"https:\/\/www.czuns.org\/en\/wp-json\/wp\/v2\/tags?post=11643"}],"curies":[{"name":"wp","href":"https:\/\/api.w.org\/{rel}","templated":true}]}}