{"id":11759,"date":"2026-03-19T08:09:16","date_gmt":"2026-03-19T07:09:16","guid":{"rendered":"https:\/\/www.czuns.org\/?p=11759"},"modified":"2026-03-19T14:53:18","modified_gmt":"2026-03-19T13:53:18","slug":"obavestenje-o-uradjenom-za-35-nedelje-i-prekidu-pruzanja-usluge-personalne-asistencije-zbog-isteka-licence","status":"publish","type":"post","link":"https:\/\/www.czuns.org\/en\/obavestenje-o-uradjenom-za-35-nedelje-i-prekidu-pruzanja-usluge-personalne-asistencije-zbog-isteka-licence\/","title":{"rendered":"Obave\u0161tenje o ura\u0111enom za 3,5 nedelje i prekidu pru\u017eanja usluge personalne asistencije zbog isteka licence"},"content":{"rendered":"<p class=\"qtranxs-available-languages-message qtranxs-available-languages-message-en\">Sorry, this entry is only available in <a href=\"https:\/\/www.czuns.org\/rs\/wp-json\/wp\/v2\/posts\/11759\" class=\"qtranxs-available-language-link qtranxs-available-language-link-rs\" title=\"B\/CG\/H\/S\">B\/CG\/H\/S<\/a>. For the sake of viewer convenience, the content is shown below in the alternative language. You may click the link to switch the active language.<\/p><p>Po\u0161tovani\/e,<\/p>\n<p>Smanjili smo zajedno od 22.2. donacijama i participacijom u tro\u0161kovima usluge personalne asistencije tro\u0161kove koji ss odnose na period 30.12-28.2. sa 640.000 din. na 96.190 din.<\/p>\n<p>Pozivamo vas da nastavite da donirate da ih isplatimo do 31.3.<\/p>\n<p>Od ukupnog iznosa nediostaje jo\u0161 1555 din. za isplatu 1 stavke.<\/p>\n<p style=\"text-align: center;\">Podaci za uplatu donacije:<\/p>\n<p style=\"text-align: center;\">Centar &#8220;\u017diveti uspravno&#8221;<br \/>\nTrg Slobode 3, Novi Sad.<\/p>\n<p style=\"text-align: center;\">\ud83d\udcb3 340-11001286-31<\/p>\n<p><img loading=\"lazy\" decoding=\"async\" class=\"size-medium wp-image-10778 aligncenter\" src=\"https:\/\/www.czuns.org\/wp-content\/uploads\/2025\/12\/14-300x300.png\" alt=\"Kako donirati za teku\u0107e tr\u0161kove Centra? 340-11001286-31 Trg Slobode 3, Novi Sad\" width=\"300\" height=\"300\" srcset=\"https:\/\/www.czuns.org\/wp-content\/uploads\/2025\/12\/14-300x300.png 300w, https:\/\/www.czuns.org\/wp-content\/uploads\/2025\/12\/14-1024x1024.png 1024w, https:\/\/www.czuns.org\/wp-content\/uploads\/2025\/12\/14-150x150.png 150w, https:\/\/www.czuns.org\/wp-content\/uploads\/2025\/12\/14-768x768.png 768w, https:\/\/www.czuns.org\/wp-content\/uploads\/2025\/12\/14-100x100.png 100w, https:\/\/www.czuns.org\/wp-content\/uploads\/2025\/12\/14-64x64.png 64w, https:\/\/www.czuns.org\/wp-content\/uploads\/2025\/12\/14-560x560.png 560w, https:\/\/www.czuns.org\/wp-content\/uploads\/2025\/12\/14.png 1080w\" sizes=\"auto, (max-width: 300px) 100vw, 300px\" \/><\/p>\n<p>&nbsp;<\/p>\n<p><strong>Hvala na doniranih 6.572.714,79 dinara u okviru op\u0161te donacijske kampanje <a href=\"https:\/\/www.donacije.rs\/projekat\/czuns\/\">PODR\u017dITE RAD CENTRA \u201c\u017dIVETI USPRAVNO\u201d | Donacije.rs<\/a>, \u00a0pokrenute 3.12.2023.<\/strong><\/p>\n<p>&nbsp;<\/p>\n<p><strong>Ujedno vas obave\u0161tavamo o tome da je Centru 16.3. istekla licenca za pru\u017eanje usluge personalne asistencike i da je 17.3, posle nepunih 17,5 godina, usled nedostatka novca prestao s njenim pru\u017eanjem.<\/strong><\/p>\n<p>Nastavljamo s pru\u017eanjem iskustvene (peer) podr\u0161ke i asistencije u vezi sa studijama studentu dveju V\u0160U u BG, \u010dija je prvobitna procena potreba u vezi s ostvarivanjem prava na finansiranje usluge personalne asistencije poni\u0161tena po njegovoj 25.2. po njegovoj \u017ealbi. Resorni sekretarijat utvrdio je 2 nadostatka u upravnom postupku koji je zapo\u0107et 4.4.2024. Re\u0161enje o poni\u0161tenju prvobitnog postupka dostavljeno mu je 16.3.2026.<\/p>\n<p>Mladoj slikarki iz NS i njemu nastavljamo da pru\u017eano asistenciju u kretanju jer bi u pritivnom 24 sata bili upu\u0107rni na majke.<\/p>\n<p>Moja personalna asistentkinja upu\u0107ena je na kori\u0161\u0107enje pro\u0161logodi\u0161njeg i ovogodi\u0161njeg godi\u0161njeg odmora pre promene ili prekida ugovora.<\/p>\n<p>Vi\u0161e na stranici <a href=\"https:\/\/www.czuns.org\/donatorima-donatorkama\/\">Donatorima\/kama &#8211; Centar \u017diveti uspravno Novi Sad<\/a> i u <a href=\"https:\/\/www.czuns.org\/wp-content\/uploads\/2026\/03\/i12-2026-Odluka-o-prestanku-pruzanj%D0%B0-usluge-PA.pdf\">Odluci Skup\u0161tine Centra o prestanku pru\u017eanj\u0430 usluge PA<\/a><\/p>\n<p>Hvala na svemu \u0161to smo zajedno uradili!<\/p>\n<p><img loading=\"lazy\" decoding=\"async\" class=\"size-medium wp-image-11760 aligncenter\" src=\"https:\/\/www.czuns.org\/wp-content\/uploads\/2026\/03\/3_20260212_181710_0002-358x300.png\" alt=\"Hvala na svemu \u0161to smo zajedno uradili! Emotikoni: zagrljaj, Sunce i golub mira \" width=\"358\" height=\"300\" srcset=\"https:\/\/www.czuns.org\/wp-content\/uploads\/2026\/03\/3_20260212_181710_0002-358x300.png 358w, https:\/\/www.czuns.org\/wp-content\/uploads\/2026\/03\/3_20260212_181710_0002-768x644.png 768w, https:\/\/www.czuns.org\/wp-content\/uploads\/2026\/03\/3_20260212_181710_0002-100x84.png 100w, https:\/\/www.czuns.org\/wp-content\/uploads\/2026\/03\/3_20260212_181710_0002-150x126.png 150w, https:\/\/www.czuns.org\/wp-content\/uploads\/2026\/03\/3_20260212_181710_0002.png 940w\" sizes=\"auto, (max-width: 358px) 100vw, 358px\" \/><\/p>\n<p>Mo\u017eda je najbolji insdikator to da je Grad NS ove godine odobrio finansiranje plata asisteenata\/kinja 66 korisnika\/ca, od kojih je za 13 predvi\u0111eno finansiranje celodnevne asistencije, ostalima se finansira minimum 40 sati nedeljno. Dvehiljadedvadesete, kada je namensko finansiranje nakon desetogodi\u0161njeg pilotiranja i pregovaranja po\u0107elo, bilo je odobreno za nas 35, od kojih za 5, po\u0107ev od juna 2021. celodnevna asistencija. Ovo ne bi bilo mogu\u0107e bez podr\u0161ke privrednog sektora, kolega\/nica iz civilnog dru\u0161tva, javnih radnika\/ca, pre svih umetnika\/ca i novinara\/ki iz NS i ljudi koji su za sve ovo vreme bili deo Centra ili upu\u0107eni na njega i ljudi koji poznaju njegov rad\u00a0 ili ljude upu\u0107ene na njega.<\/p>\n<p><strong>Preduslov podno\u0161enju zahteva za novu licencu, zbog pokrivanja indirektnih tro\u0161kjova, koje Grad Novi Sad ne pokriva namenskim sredstvima za ovu uslugu, jeste deblokada ra\u010duna, ali dok se god ne bude op\u0161te dostupna i fokus ne bude na pokrivanju svih tro\u0161kova radnih praava asistenata\/kinja i iskustvenoj podr\u0161ci, licencirani pru\u017ealac je u situaciji da kr\u0161i Zakon o radu i nekoliko me\u0111unarodnih ugovora o ljudskim pravima koje je dr\u017eava ratifikovala, ili da se suo\u0107i s dugom. Vide\u0107emo \u0161ta vreme nosi, u ovaklvom ambijeentu od \u0161ume (papira, kriterijuma i podela) ne vide se ljudi me\u0111usobno.<\/strong><\/p>\n<p>Moje iskustvo i jo\u0161 6 osoba kojima je Centar donacijama organizova uslugu PA i podr\u0161ku u dono\u0161enju odluka jer ne ispunjavaju kriterijume za finansiranje PA i dveju osoba koje 2-3 godine same prikupljaju donacije za svoju asistenciju (jedna zbog dislociranosti) potvr\u0111uju stanovi\u0161te me\u0111unarodnog pokreta za samostalni \u017eivot da nov\u0107ana naknada za asistenciju treba da se odobrava i upla\u0107uje direktno korisnicima (\u0161to \u0107e se posti\u0107i reformom odobravanja naknade za pomo\u0107 i negu drugog lica, promenom na\u0107ina procene potreba za njom, a samim tim i za podr\u0161kom, i promenom naziva) i naknadom za dodatne tro\u0161kove invalidnosti, koje \u0107e pratiti korisnika\/cu, \u0107ime, npr. ne\u0107ije preseljenje, \u0161kolovanje, rad ili bilo \u0161ta van mesta prebivali\u0161ta ne bi bili uslovljeni dostupno\u0161\u0107u asistencije, kao \u0161to je sad. Tako bii se izbegla i re\u0161enja koja osobu (potencijalno) vode u izolaciju ili me\u0111usobno zarobljavanje, kao \u0161to su to sticanje statusa roditelj-negovatelj, predlog da se uvede nova usluga inkluzivni asistent samo za osobe sa intelektualnim ili vi\u0161estrukim invaliditetom i postoje\u0107e dnevne usluge organizovane po jednoidentitetskom principu Rezidencijalne su zatvor, kao \u0161to je i \u017eivot bez asistencije svojevrsni pritvor. Znam to iz li\u010dnog iskustva boravka u 1 sobi u poslednjih 6 godina jer sam morala da biram izmr\u0111u asistencije za sve aktivnosti i pristupa\u0107nosti \u017eivotnog prostora, \u0161to ne bih nikom po\u017eelela.<\/p>\n<p>&nbsp;<\/p>\n<p>mr Milica Mima Ru\u017ei\u0107i\u0107-Novkovi\u0107, predsednica Centra<\/p>","protected":false},"excerpt":{"rendered":"<p>Sorry, this entry is only available in B\/CG\/H\/S. For the sake of viewer convenience, the content is shown below in the alternative language. You may click the link to switch the active language.Po\u0161tovani\/e, Smanjili smo zajedno od 22.2. donacijama i participacijom u tro\u0161kovima usluge personalne asistencije tro\u0161kove koji ss odnose&#8230; <a class=\"continue-reading-link\" href=\"https:\/\/www.czuns.org\/en\/obavestenje-o-uradjenom-za-35-nedelje-i-prekidu-pruzanja-usluge-personalne-asistencije-zbog-isteka-licence\/\">Ceo \u010dlanak<\/a><\/p>\n","protected":false},"author":3,"featured_media":11765,"comment_status":"open","ping_status":"open","sticky":true,"template":"","format":"standard","meta":{"_eb_attr":"","_crdt_document":"","footnotes":"","_links_to":"","_links_to_target":""},"categories":[2],"tags":[],"class_list":["post-11759","post","type-post","status-publish","format-standard","has-post-thumbnail","hentry","category-novosti"],"yoast_head":"\n<title><\/title>\n<meta name=\"description\" content=\"\u201eCentar \u2018\u017diveti uspravno\u2019 Novi Sad pru\u017ea personalnu asistenciju, peer podr\u0161ku i promovi\u0161e samostalan \u017eivot i ljudska prava.\" \/>\n<meta name=\"robots\" content=\"index, follow, max-snippet:-1, max-image-preview:large, max-video-preview:-1\" \/>\n<link rel=\"canonical\" href=\"https:\/\/www.czuns.org\/obavestenje-o-uradjenom-za-35-nedelje-i-prekidu-pruzanja-usluge-personalne-asistencije-zbog-isteka-licence\/\" \/>\n<meta property=\"og:locale\" content=\"en_US\" \/>\n<meta property=\"og:type\" content=\"article\" \/>\n<meta property=\"og:title\" content=\"[:rs]Obave\u0161tenje o ura\u0111enom za 3,5 nedelje i prekidu pru\u017eanja usluge personalne asistencije zbog isteka licence[:] - Centre LIVING UPRIGHT Novi Sad\" \/>\n<meta property=\"og:description\" content=\"\u201eCentar \u2018\u017diveti uspravno\u2019 Novi Sad pru\u017ea personalnu asistenciju, peer podr\u0161ku i promovi\u0161e samostalan \u017eivot i ljudska prava.\" \/>\n<meta property=\"og:url\" content=\"https:\/\/www.czuns.org\/obavestenje-o-uradjenom-za-35-nedelje-i-prekidu-pruzanja-usluge-personalne-asistencije-zbog-isteka-licence\/\" \/>\n<meta property=\"og:site_name\" content=\"Centre LIVING UPRIGHT Novi Sad\" \/>\n<meta property=\"article:publisher\" content=\"https:\/\/www.facebook.com\/profile.php?id=100064645570972\" \/>\n<meta property=\"article:published_time\" content=\"2026-03-19T07:09:16+00:00\" \/>\n<meta property=\"article:modified_time\" content=\"2026-03-19T13:53:18+00:00\" \/>\n<meta property=\"og:image\" content=\"https:\/\/www.czuns.org\/wp-content\/uploads\/2026\/03\/czu_logo.png\" \/>\n\t<meta property=\"og:image:width\" content=\"871\" \/>\n\t<meta property=\"og:image:height\" content=\"315\" \/>\n\t<meta property=\"og:image:type\" content=\"image\/png\" \/>\n<meta name=\"author\" content=\"czuns\" \/>\n<meta name=\"twitter:card\" content=\"summary_large_image\" \/>\n<meta name=\"twitter:creator\" content=\"@uspravno\" \/>\n<meta name=\"twitter:site\" content=\"@uspravno\" \/>\n<meta name=\"twitter:label1\" content=\"Written by\" \/>\n\t<meta name=\"twitter:data1\" content=\"czuns\" \/>\n\t<meta name=\"twitter:label2\" content=\"Est. reading time\" \/>\n\t<meta name=\"twitter:data2\" content=\"5 minutes\" \/>\n<script type=\"application\/ld+json\" class=\"yoast-schema-graph\">{\"@context\":\"https:\\\/\\\/schema.org\",\"@graph\":[{\"@type\":\"Article\",\"@id\":\"https:\\\/\\\/www.czuns.org\\\/obavestenje-o-uradjenom-za-35-nedelje-i-prekidu-pruzanja-usluge-personalne-asistencije-zbog-isteka-licence\\\/#article\",\"isPartOf\":{\"@id\":\"https:\\\/\\\/www.czuns.org\\\/obavestenje-o-uradjenom-za-35-nedelje-i-prekidu-pruzanja-usluge-personalne-asistencije-zbog-isteka-licence\\\/\"},\"author\":{\"name\":\"czuns\",\"@id\":\"https:\\\/\\\/www.czuns.org\\\/#\\\/schema\\\/person\\\/e6a524dac9abf6dbe2a6d72ba935ba16\"},\"headline\":\"Obave\u0161tenje o ura\u0111enom za 3,5 nedelje i prekidu pru\u017eanja usluge personalne asistencije zbog isteka licence\",\"datePublished\":\"2026-03-19T07:09:16+00:00\",\"dateModified\":\"2026-03-19T13:53:18+00:00\",\"mainEntityOfPage\":{\"@id\":\"https:\\\/\\\/www.czuns.org\\\/obavestenje-o-uradjenom-za-35-nedelje-i-prekidu-pruzanja-usluge-personalne-asistencije-zbog-isteka-licence\\\/\"},\"wordCount\":738,\"commentCount\":0,\"publisher\":{\"@id\":\"https:\\\/\\\/www.czuns.org\\\/#organization\"},\"image\":{\"@id\":\"https:\\\/\\\/www.czuns.org\\\/obavestenje-o-uradjenom-za-35-nedelje-i-prekidu-pruzanja-usluge-personalne-asistencije-zbog-isteka-licence\\\/#primaryimage\"},\"thumbnailUrl\":\"https:\\\/\\\/www.czuns.org\\\/wp-content\\\/uploads\\\/2026\\\/03\\\/czu_logo.png\",\"articleSection\":[\"News\"],\"inLanguage\":\"en-US\",\"potentialAction\":[{\"@type\":\"CommentAction\",\"name\":\"Comment\",\"target\":[\"https:\\\/\\\/www.czuns.org\\\/obavestenje-o-uradjenom-za-35-nedelje-i-prekidu-pruzanja-usluge-personalne-asistencije-zbog-isteka-licence\\\/#respond\"]}]},{\"@type\":\"WebPage\",\"@id\":\"https:\\\/\\\/www.czuns.org\\\/obavestenje-o-uradjenom-za-35-nedelje-i-prekidu-pruzanja-usluge-personalne-asistencije-zbog-isteka-licence\\\/\",\"url\":\"https:\\\/\\\/www.czuns.org\\\/obavestenje-o-uradjenom-za-35-nedelje-i-prekidu-pruzanja-usluge-personalne-asistencije-zbog-isteka-licence\\\/\",\"name\":\"[:rs]Obave\u0161tenje o ura\u0111enom za 3,5 nedelje i prekidu pru\u017eanja usluge personalne asistencije zbog isteka licence[:] - Centre LIVING UPRIGHT Novi Sad\",\"isPartOf\":{\"@id\":\"https:\\\/\\\/www.czuns.org\\\/#website\"},\"primaryImageOfPage\":{\"@id\":\"https:\\\/\\\/www.czuns.org\\\/obavestenje-o-uradjenom-za-35-nedelje-i-prekidu-pruzanja-usluge-personalne-asistencije-zbog-isteka-licence\\\/#primaryimage\"},\"image\":{\"@id\":\"https:\\\/\\\/www.czuns.org\\\/obavestenje-o-uradjenom-za-35-nedelje-i-prekidu-pruzanja-usluge-personalne-asistencije-zbog-isteka-licence\\\/#primaryimage\"},\"thumbnailUrl\":\"https:\\\/\\\/www.czuns.org\\\/wp-content\\\/uploads\\\/2026\\\/03\\\/czu_logo.png\",\"datePublished\":\"2026-03-19T07:09:16+00:00\",\"dateModified\":\"2026-03-19T13:53:18+00:00\",\"description\":\"\u201eCentar \u2018\u017diveti uspravno\u2019 Novi Sad pru\u017ea personalnu asistenciju, peer podr\u0161ku i promovi\u0161e samostalan \u017eivot i ljudska prava.\",\"breadcrumb\":{\"@id\":\"https:\\\/\\\/www.czuns.org\\\/obavestenje-o-uradjenom-za-35-nedelje-i-prekidu-pruzanja-usluge-personalne-asistencije-zbog-isteka-licence\\\/#breadcrumb\"},\"inLanguage\":\"en-US\",\"potentialAction\":[{\"@type\":\"ReadAction\",\"target\":[\"https:\\\/\\\/www.czuns.org\\\/obavestenje-o-uradjenom-za-35-nedelje-i-prekidu-pruzanja-usluge-personalne-asistencije-zbog-isteka-licence\\\/\"]}]},{\"@type\":\"ImageObject\",\"inLanguage\":\"en-US\",\"@id\":\"https:\\\/\\\/www.czuns.org\\\/obavestenje-o-uradjenom-za-35-nedelje-i-prekidu-pruzanja-usluge-personalne-asistencije-zbog-isteka-licence\\\/#primaryimage\",\"url\":\"https:\\\/\\\/www.czuns.org\\\/wp-content\\\/uploads\\\/2026\\\/03\\\/czu_logo.png\",\"contentUrl\":\"https:\\\/\\\/www.czuns.org\\\/wp-content\\\/uploads\\\/2026\\\/03\\\/czu_logo.png\",\"width\":871,\"height\":315},{\"@type\":\"BreadcrumbList\",\"@id\":\"https:\\\/\\\/www.czuns.org\\\/obavestenje-o-uradjenom-za-35-nedelje-i-prekidu-pruzanja-usluge-personalne-asistencije-zbog-isteka-licence\\\/#breadcrumb\",\"itemListElement\":[{\"@type\":\"ListItem\",\"position\":1,\"name\":\"\u041f\u043e\u0447\u0435\u0442\u043d\u0430\",\"item\":\"https:\\\/\\\/www.czuns.org\\\/\"},{\"@type\":\"ListItem\",\"position\":2,\"name\":\"Obave\u0161tenje o ura\u0111enom za 3,5 nedelje i prekidu pru\u017eanja usluge personalne asistencije zbog isteka licence\"}]},{\"@type\":\"WebSite\",\"@id\":\"https:\\\/\\\/www.czuns.org\\\/#website\",\"url\":\"https:\\\/\\\/www.czuns.org\\\/\",\"name\":\"Centar \u017diveti uspravno Novi Sad\",\"description\":\"[:rs]Prete\u017ena delatnost Centra je 8899 ostali vidovi socijalne za\u0161tite bez sme\u0161taja[:en] Centre&#039;s registered  predominant activity is 8899: other social services except for accommodation[:sr]\u041f\u0440\u0435\u0442\u0435\u0436\u043d\u0430 \u0434\u0435\u043b\u0430\u0442\u043d\u043e\u0441\u0442 \u0426\u0435\u043d\u0442\u0440\u0430 \u0458\u0435 \u043f\u0440\u043e\u0434\u0443\u043a\u0446\u0438\u0458\u0430 \u043c\u0435\u0434\u0438\u0458\u0441\u043a\u043e\u0433 \u0438 \u0444\u0438\u043b\u043c\u0441\u043a\u043e\u0433 \u043c\u0430\u0442\u0435\u0438\u0458\u0430\u043b\u0430 \u043e \u043f\u043e\u043b\u043e\u0436\u0430\u0458\u0443 \u043e\u0441\u043e\u0431\u0430 \u0441\u0430 \u0438\u043d\u0432\u0430\u043b\u0438\u0434\u0438\u0442\u0435\u0442\u043e\u043c \u0438 \u0433\u0440\u0430\u0452\u0430\u043d\u0441\u043a\u0438\u043c \u043f\u0440\u0430\u0432\u0438\u043c\u0430.[:]\",\"publisher\":{\"@id\":\"https:\\\/\\\/www.czuns.org\\\/#organization\"},\"potentialAction\":[{\"@type\":\"SearchAction\",\"target\":{\"@type\":\"EntryPoint\",\"urlTemplate\":\"https:\\\/\\\/www.czuns.org\\\/?s={search_term_string}\"},\"query-input\":{\"@type\":\"PropertyValueSpecification\",\"valueRequired\":true,\"valueName\":\"search_term_string\"}}],\"inLanguage\":\"en-US\"},{\"@type\":\"Organization\",\"@id\":\"https:\\\/\\\/www.czuns.org\\\/#organization\",\"name\":\"Centar \u017diveti uspravno Novi Sad\",\"url\":\"https:\\\/\\\/www.czuns.org\\\/\",\"logo\":{\"@type\":\"ImageObject\",\"inLanguage\":\"en-US\",\"@id\":\"https:\\\/\\\/www.czuns.org\\\/#\\\/schema\\\/logo\\\/image\\\/\",\"url\":\"https:\\\/\\\/www.czuns.org\\\/wp-content\\\/uploads\\\/2020\\\/07\\\/czu_logo.png\",\"contentUrl\":\"https:\\\/\\\/www.czuns.org\\\/wp-content\\\/uploads\\\/2020\\\/07\\\/czu_logo.png\",\"width\":871,\"height\":315,\"caption\":\"Centar \u017diveti uspravno Novi Sad\"},\"image\":{\"@id\":\"https:\\\/\\\/www.czuns.org\\\/#\\\/schema\\\/logo\\\/image\\\/\"},\"sameAs\":[\"https:\\\/\\\/www.facebook.com\\\/profile.php?id=100064645570972\",\"https:\\\/\\\/x.com\\\/uspravno\",\"https:\\\/\\\/www.instagram.com\\\/centar.ziveti.uspravno\\\/\"]},{\"@type\":\"Person\",\"@id\":\"https:\\\/\\\/www.czuns.org\\\/#\\\/schema\\\/person\\\/e6a524dac9abf6dbe2a6d72ba935ba16\",\"name\":\"czuns\",\"image\":{\"@type\":\"ImageObject\",\"inLanguage\":\"en-US\",\"@id\":\"https:\\\/\\\/secure.gravatar.com\\\/avatar\\\/253f19539fa3a351c7d26815ac9fea49906610392f33e3508931d1c6d3f19d6d?s=96&d=mm&r=g\",\"url\":\"https:\\\/\\\/secure.gravatar.com\\\/avatar\\\/253f19539fa3a351c7d26815ac9fea49906610392f33e3508931d1c6d3f19d6d?s=96&d=mm&r=g\",\"contentUrl\":\"https:\\\/\\\/secure.gravatar.com\\\/avatar\\\/253f19539fa3a351c7d26815ac9fea49906610392f33e3508931d1c6d3f19d6d?s=96&d=mm&r=g\",\"caption\":\"czuns\"},\"url\":\"https:\\\/\\\/www.czuns.org\\\/en\\\/author\\\/czuns\\\/\"}]}<\/script>\n","yoast_head_json":{"title":"[:rs]Obave\u0161tenje o ura\u0111enom za 3,5 nedelje i prekidu pru\u017eanja usluge personalne asistencije zbog isteka licence[:] - Centre LIVING UPRIGHT Novi Sad","description":"\u201eCentar \u2018\u017diveti uspravno\u2019 Novi Sad pru\u017ea personalnu asistenciju, peer podr\u0161ku i promovi\u0161e samostalan \u017eivot i ljudska prava.","robots":{"index":"index","follow":"follow","max-snippet":"max-snippet:-1","max-image-preview":"max-image-preview:large","max-video-preview":"max-video-preview:-1"},"canonical":"https:\/\/www.czuns.org\/obavestenje-o-uradjenom-za-35-nedelje-i-prekidu-pruzanja-usluge-personalne-asistencije-zbog-isteka-licence\/","og_locale":"en_US","og_type":"article","og_title":"[:rs]Obave\u0161tenje o ura\u0111enom za 3,5 nedelje i prekidu pru\u017eanja usluge personalne asistencije zbog isteka licence[:] - Centre LIVING UPRIGHT Novi Sad","og_description":"\u201eCentar \u2018\u017diveti uspravno\u2019 Novi Sad pru\u017ea personalnu asistenciju, peer podr\u0161ku i promovi\u0161e samostalan \u017eivot i ljudska prava.","og_url":"https:\/\/www.czuns.org\/obavestenje-o-uradjenom-za-35-nedelje-i-prekidu-pruzanja-usluge-personalne-asistencije-zbog-isteka-licence\/","og_site_name":"Centre LIVING UPRIGHT Novi Sad","article_publisher":"https:\/\/www.facebook.com\/profile.php?id=100064645570972","article_published_time":"2026-03-19T07:09:16+00:00","article_modified_time":"2026-03-19T13:53:18+00:00","og_image":[{"width":871,"height":315,"url":"https:\/\/www.czuns.org\/wp-content\/uploads\/2026\/03\/czu_logo.png","type":"image\/png"}],"author":"czuns","twitter_card":"summary_large_image","twitter_creator":"@uspravno","twitter_site":"@uspravno","twitter_misc":{"Written by":"czuns","Est. reading time":"5 minutes"},"schema":{"@context":"https:\/\/schema.org","@graph":[{"@type":"Article","@id":"https:\/\/www.czuns.org\/obavestenje-o-uradjenom-za-35-nedelje-i-prekidu-pruzanja-usluge-personalne-asistencije-zbog-isteka-licence\/#article","isPartOf":{"@id":"https:\/\/www.czuns.org\/obavestenje-o-uradjenom-za-35-nedelje-i-prekidu-pruzanja-usluge-personalne-asistencije-zbog-isteka-licence\/"},"author":{"name":"czuns","@id":"https:\/\/www.czuns.org\/#\/schema\/person\/e6a524dac9abf6dbe2a6d72ba935ba16"},"headline":"Obave\u0161tenje o ura\u0111enom za 3,5 nedelje i prekidu pru\u017eanja usluge personalne asistencije zbog isteka licence","datePublished":"2026-03-19T07:09:16+00:00","dateModified":"2026-03-19T13:53:18+00:00","mainEntityOfPage":{"@id":"https:\/\/www.czuns.org\/obavestenje-o-uradjenom-za-35-nedelje-i-prekidu-pruzanja-usluge-personalne-asistencije-zbog-isteka-licence\/"},"wordCount":738,"commentCount":0,"publisher":{"@id":"https:\/\/www.czuns.org\/#organization"},"image":{"@id":"https:\/\/www.czuns.org\/obavestenje-o-uradjenom-za-35-nedelje-i-prekidu-pruzanja-usluge-personalne-asistencije-zbog-isteka-licence\/#primaryimage"},"thumbnailUrl":"https:\/\/www.czuns.org\/wp-content\/uploads\/2026\/03\/czu_logo.png","articleSection":["News"],"inLanguage":"en-US","potentialAction":[{"@type":"CommentAction","name":"Comment","target":["https:\/\/www.czuns.org\/obavestenje-o-uradjenom-za-35-nedelje-i-prekidu-pruzanja-usluge-personalne-asistencije-zbog-isteka-licence\/#respond"]}]},{"@type":"WebPage","@id":"https:\/\/www.czuns.org\/obavestenje-o-uradjenom-za-35-nedelje-i-prekidu-pruzanja-usluge-personalne-asistencije-zbog-isteka-licence\/","url":"https:\/\/www.czuns.org\/obavestenje-o-uradjenom-za-35-nedelje-i-prekidu-pruzanja-usluge-personalne-asistencije-zbog-isteka-licence\/","name":"[:rs]Obave\u0161tenje o ura\u0111enom za 3,5 nedelje i prekidu pru\u017eanja usluge personalne asistencije zbog isteka licence[:] - Centre LIVING UPRIGHT Novi Sad","isPartOf":{"@id":"https:\/\/www.czuns.org\/#website"},"primaryImageOfPage":{"@id":"https:\/\/www.czuns.org\/obavestenje-o-uradjenom-za-35-nedelje-i-prekidu-pruzanja-usluge-personalne-asistencije-zbog-isteka-licence\/#primaryimage"},"image":{"@id":"https:\/\/www.czuns.org\/obavestenje-o-uradjenom-za-35-nedelje-i-prekidu-pruzanja-usluge-personalne-asistencije-zbog-isteka-licence\/#primaryimage"},"thumbnailUrl":"https:\/\/www.czuns.org\/wp-content\/uploads\/2026\/03\/czu_logo.png","datePublished":"2026-03-19T07:09:16+00:00","dateModified":"2026-03-19T13:53:18+00:00","description":"\u201eCentar \u2018\u017diveti uspravno\u2019 Novi Sad pru\u017ea personalnu asistenciju, peer podr\u0161ku i promovi\u0161e samostalan \u017eivot i ljudska prava.","breadcrumb":{"@id":"https:\/\/www.czuns.org\/obavestenje-o-uradjenom-za-35-nedelje-i-prekidu-pruzanja-usluge-personalne-asistencije-zbog-isteka-licence\/#breadcrumb"},"inLanguage":"en-US","potentialAction":[{"@type":"ReadAction","target":["https:\/\/www.czuns.org\/obavestenje-o-uradjenom-za-35-nedelje-i-prekidu-pruzanja-usluge-personalne-asistencije-zbog-isteka-licence\/"]}]},{"@type":"ImageObject","inLanguage":"en-US","@id":"https:\/\/www.czuns.org\/obavestenje-o-uradjenom-za-35-nedelje-i-prekidu-pruzanja-usluge-personalne-asistencije-zbog-isteka-licence\/#primaryimage","url":"https:\/\/www.czuns.org\/wp-content\/uploads\/2026\/03\/czu_logo.png","contentUrl":"https:\/\/www.czuns.org\/wp-content\/uploads\/2026\/03\/czu_logo.png","width":871,"height":315},{"@type":"BreadcrumbList","@id":"https:\/\/www.czuns.org\/obavestenje-o-uradjenom-za-35-nedelje-i-prekidu-pruzanja-usluge-personalne-asistencije-zbog-isteka-licence\/#breadcrumb","itemListElement":[{"@type":"ListItem","position":1,"name":"\u041f\u043e\u0447\u0435\u0442\u043d\u0430","item":"https:\/\/www.czuns.org\/"},{"@type":"ListItem","position":2,"name":"Obave\u0161tenje o ura\u0111enom za 3,5 nedelje i prekidu pru\u017eanja usluge personalne asistencije zbog isteka licence"}]},{"@type":"WebSite","@id":"https:\/\/www.czuns.org\/#website","url":"https:\/\/www.czuns.org\/","name":"Centar \u017diveti uspravno Novi Sad","description":"[:rs]Prete\u017ena delatnost Centra je 8899 ostali vidovi socijalne za\u0161tite bez sme\u0161taja[:en] Centre&#039;s registered predominant activity is 8899: other social services except for accommodation[:sr]\u041f\u0440\u0435\u0442\u0435\u0436\u043d\u0430 \u0434\u0435\u043b\u0430\u0442\u043d\u043e\u0441\u0442 \u0426\u0435\u043d\u0442\u0440\u0430 \u0458\u0435 \u043f\u0440\u043e\u0434\u0443\u043a\u0446\u0438\u0458\u0430 \u043c\u0435\u0434\u0438\u0458\u0441\u043a\u043e\u0433 \u0438 \u0444\u0438\u043b\u043c\u0441\u043a\u043e\u0433 \u043c\u0430\u0442\u0435\u0438\u0458\u0430\u043b\u0430 \u043e \u043f\u043e\u043b\u043e\u0436\u0430\u0458\u0443 \u043e\u0441\u043e\u0431\u0430 \u0441\u0430 \u0438\u043d\u0432\u0430\u043b\u0438\u0434\u0438\u0442\u0435\u0442\u043e\u043c \u0438 \u0433\u0440\u0430\u0452\u0430\u043d\u0441\u043a\u0438\u043c \u043f\u0440\u0430\u0432\u0438\u043c\u0430.[:]","publisher":{"@id":"https:\/\/www.czuns.org\/#organization"},"potentialAction":[{"@type":"SearchAction","target":{"@type":"EntryPoint","urlTemplate":"https:\/\/www.czuns.org\/?s={search_term_string}"},"query-input":{"@type":"PropertyValueSpecification","valueRequired":true,"valueName":"search_term_string"}}],"inLanguage":"en-US"},{"@type":"Organization","@id":"https:\/\/www.czuns.org\/#organization","name":"Centar \u017diveti uspravno Novi Sad","url":"https:\/\/www.czuns.org\/","logo":{"@type":"ImageObject","inLanguage":"en-US","@id":"https:\/\/www.czuns.org\/#\/schema\/logo\/image\/","url":"https:\/\/www.czuns.org\/wp-content\/uploads\/2020\/07\/czu_logo.png","contentUrl":"https:\/\/www.czuns.org\/wp-content\/uploads\/2020\/07\/czu_logo.png","width":871,"height":315,"caption":"Centar \u017diveti uspravno Novi Sad"},"image":{"@id":"https:\/\/www.czuns.org\/#\/schema\/logo\/image\/"},"sameAs":["https:\/\/www.facebook.com\/profile.php?id=100064645570972","https:\/\/x.com\/uspravno","https:\/\/www.instagram.com\/centar.ziveti.uspravno\/"]},{"@type":"Person","@id":"https:\/\/www.czuns.org\/#\/schema\/person\/e6a524dac9abf6dbe2a6d72ba935ba16","name":"czuns","image":{"@type":"ImageObject","inLanguage":"en-US","@id":"https:\/\/secure.gravatar.com\/avatar\/253f19539fa3a351c7d26815ac9fea49906610392f33e3508931d1c6d3f19d6d?s=96&d=mm&r=g","url":"https:\/\/secure.gravatar.com\/avatar\/253f19539fa3a351c7d26815ac9fea49906610392f33e3508931d1c6d3f19d6d?s=96&d=mm&r=g","contentUrl":"https:\/\/secure.gravatar.com\/avatar\/253f19539fa3a351c7d26815ac9fea49906610392f33e3508931d1c6d3f19d6d?s=96&d=mm&r=g","caption":"czuns"},"url":"https:\/\/www.czuns.org\/en\/author\/czuns\/"}]}},"_links":{"self":[{"href":"https:\/\/www.czuns.org\/en\/wp-json\/wp\/v2\/posts\/11759","targetHints":{"allow":["GET"]}}],"collection":[{"href":"https:\/\/www.czuns.org\/en\/wp-json\/wp\/v2\/posts"}],"about":[{"href":"https:\/\/www.czuns.org\/en\/wp-json\/wp\/v2\/types\/post"}],"author":[{"embeddable":true,"href":"https:\/\/www.czuns.org\/en\/wp-json\/wp\/v2\/users\/3"}],"replies":[{"embeddable":true,"href":"https:\/\/www.czuns.org\/en\/wp-json\/wp\/v2\/comments?post=11759"}],"version-history":[{"count":3,"href":"https:\/\/www.czuns.org\/en\/wp-json\/wp\/v2\/posts\/11759\/revisions"}],"predecessor-version":[{"id":11773,"href":"https:\/\/www.czuns.org\/en\/wp-json\/wp\/v2\/posts\/11759\/revisions\/11773"}],"wp:featuredmedia":[{"embeddable":true,"href":"https:\/\/www.czuns.org\/en\/wp-json\/wp\/v2\/media\/11765"}],"wp:attachment":[{"href":"https:\/\/www.czuns.org\/en\/wp-json\/wp\/v2\/media?parent=11759"}],"wp:term":[{"taxonomy":"category","embeddable":true,"href":"https:\/\/www.czuns.org\/en\/wp-json\/wp\/v2\/categories?post=11759"},{"taxonomy":"post_tag","embeddable":true,"href":"https:\/\/www.czuns.org\/en\/wp-json\/wp\/v2\/tags?post=11759"}],"curies":[{"name":"wp","href":"https:\/\/api.w.org\/{rel}","templated":true}]}}