{"id":11780,"date":"2026-03-21T09:24:31","date_gmt":"2026-03-21T08:24:31","guid":{"rendered":"https:\/\/www.czuns.org\/?p=11780"},"modified":"2026-03-23T12:27:02","modified_gmt":"2026-03-23T11:27:02","slug":"hvala-na-svemu-sto-smo-zajedno-uradili","status":"publish","type":"post","link":"https:\/\/www.czuns.org\/en\/hvala-na-svemu-sto-smo-zajedno-uradili\/","title":{"rendered":"Hvala na svemu \u0161to smo zajedno uradili!"},"content":{"rendered":"<p class=\"qtranxs-available-languages-message qtranxs-available-languages-message-en\">Sorry, this entry is only available in <a href=\"https:\/\/www.czuns.org\/rs\/wp-json\/wp\/v2\/posts\/11780\" class=\"qtranxs-available-language-link qtranxs-available-language-link-rs\" title=\"B\/CG\/H\/S\">B\/CG\/H\/S<\/a>. For the sake of viewer convenience, the content is shown below in the alternative language. You may click the link to switch the active language.<\/p><p><img loading=\"lazy\" decoding=\"async\" class=\"alignnone size-medium wp-image-11760 alignleft\" src=\"https:\/\/www.czuns.org\/wp-content\/uploads\/2026\/03\/3_20260212_181710_0002-358x300.png\" alt=\"Hvala na svemu \u0161to smo zajedno uradili! Emotikoni: zagrljaj, Sunce i golub mira\" width=\"358\" height=\"300\" srcset=\"https:\/\/www.czuns.org\/wp-content\/uploads\/2026\/03\/3_20260212_181710_0002-358x300.png 358w, https:\/\/www.czuns.org\/wp-content\/uploads\/2026\/03\/3_20260212_181710_0002-768x644.png 768w, https:\/\/www.czuns.org\/wp-content\/uploads\/2026\/03\/3_20260212_181710_0002-100x84.png 100w, https:\/\/www.czuns.org\/wp-content\/uploads\/2026\/03\/3_20260212_181710_0002-150x126.png 150w, https:\/\/www.czuns.org\/wp-content\/uploads\/2026\/03\/3_20260212_181710_0002.png 940w\" sizes=\"auto, (max-width: 358px) 100vw, 358px\" \/><\/p>\n<div class=\"xdj266r x14z9mp xat24cr x1lziwak x1vvkbs x126k92a\">\n<div dir=\"auto\" style=\"text-align: left;\">Dragi ljudi,<\/div>\n<\/div>\n<div dir=\"auto\"><\/div>\n<div dir=\"auto\"><\/div>\n<div dir=\"auto\"><\/div>\n<div class=\"x14z9mp xat24cr x1lziwak x1vvkbs xtlvy1s x126k92a\">\n<div dir=\"auto\">Ponovo smo uspeli!<\/div>\n<\/div>\n<div dir=\"auto\"><\/div>\n<div class=\"x14z9mp xat24cr x1lziwak x1vvkbs xtlvy1s x126k92a\">\n<div dir=\"auto\"><\/div>\n<div dir=\"auto\">Danas su 2 osobe upu\u0107ene na Centar i 1 anonimni dionator\/ka donirali 104.026,69 din. Ispls\u0107ene su januarske i februarske zarade dvoma od troje asistenata i tro\u0161kva knjigovodstva i ra\u010dunovodstva. Za zaradu tre\u0107oj asistentkinji donirano je dovoljno novca, ali ona kao i kordinacija programom Centra mo\u017ee biti ispla\u0107ena tek nakon blokade ra\u010duna pod kojom je s kamatom za 22.3. Iznos od 5.245.000 din.<\/div>\n<\/div>\n<div dir=\"auto\"><\/div>\n<div dir=\"auto\"><\/div>\n<div class=\"x14z9mp xat24cr x1lziwak x1vvkbs xtlvy1s x126k92a\">\n<div dir=\"auto\">Ispla\u0107eni su danas i januarski doprinosi koordinatorke. Za njene februarske doprinose i za ra\u010dunovodstvo i knjigovodstvo bilo bi dobro da do 31.3. donacijama skupimo 47.360 din.<\/div>\n<\/div>\n<div dir=\"auto\"><\/div>\n<div dir=\"auto\"><\/div>\n<div class=\"x14z9mp xat24cr x1lziwak x1vvkbs xtlvy1s x126k92a\">\n<div dir=\"auto\">Martovski tro\u0161kovi podr\u0161ke studentu iz Beograda i 1 osobe iz Novog Sada, kori\u0161\u0107enja godi\u0161njeg odmora 1 asistentkinje od 17.3. (po prestanka pru\u017eanja usluge) i tro\u0161kovi kancelarije iznose 350.000 din. Tek nakon isplate martovske plate i naknade za odmor asistentima, po\u0161to im je u pislednjih 14 meseci svaka druga plata kasnila, mo\u017eemo se usmeriti samo na deblokadu ra\u010duna da je do maja otklonimo s tim \u0161to svaki dan pod blokadom stvara kamatu od 1200 dinara.<\/div>\n<\/div>\n<div class=\"x14z9mp xat24cr x1lziwak x1vvkbs xtlvy1s x126k92a\">\n<div dir=\"auto\"><\/div>\n<div dir=\"auto\"><strong>Za teku\u0107e tro\u0161kove Centra mo\u017eete donirati na ra\u010dun 340-11001286-31.<\/strong><\/div>\n<p><img loading=\"lazy\" decoding=\"async\" class=\"wp-image-11782 size-medium aligncenter\" src=\"https:\/\/www.czuns.org\/wp-content\/uploads\/2026\/03\/2-240x300.png\" alt=\"Kako donirati? \ud83d\udccc Za teku\u0107e tro\u0161kove: \ud83d\udcb3 340-11001286-31 Centar \u017diveti uspravno, Trg Slobode 3 Novi Sad Ispod je QR kod za donaciju od 500 din.\" width=\"240\" height=\"300\" srcset=\"https:\/\/www.czuns.org\/wp-content\/uploads\/2026\/03\/2-240x300.png 240w, https:\/\/www.czuns.org\/wp-content\/uploads\/2026\/03\/2-819x1024.png 819w, https:\/\/www.czuns.org\/wp-content\/uploads\/2026\/03\/2-768x960.png 768w, https:\/\/www.czuns.org\/wp-content\/uploads\/2026\/03\/2-80x100.png 80w, https:\/\/www.czuns.org\/wp-content\/uploads\/2026\/03\/2-120x150.png 120w, https:\/\/www.czuns.org\/wp-content\/uploads\/2026\/03\/2.png 1080w\" sizes=\"auto, (max-width: 240px) 100vw, 240px\" \/><\/p>\n<\/div>\n<div><\/div>\n<div class=\"x14z9mp xat24cr x1lziwak x1vvkbs xtlvy1s x126k92a\">\n<div dir=\"auto\">\u00a0 \u00a0 \u00a0 \u00a0 \u00a0 \u00a0 \u00a0 \u00a0 \u00a0 <strong>Za deblokadu ra\u010duna mo\u017eete donirati na ra\u010dun 340-5350-79.<\/strong><\/div>\n<\/div>\n<div dir=\"auto\"><\/div>\n<div dir=\"auto\"><img loading=\"lazy\" decoding=\"async\" class=\"alignnone size-medium wp-image-11783 aligncenter\" src=\"https:\/\/www.czuns.org\/wp-content\/uploads\/2026\/03\/1-240x300.png\" alt=\"Kako donirati? \ud83d\udccc Za deblokadu ra\u010duna: \ud83d\udcb3 340-5350-79 Centar \u017diveti uspravno, Trg Slobode 3 Novi Sad Iapod QR koda za sonaciju od 500 din, pi\u0161e Dnevna kamata je 1200 din. Svaki dan pravi razlku.\" width=\"240\" height=\"300\" srcset=\"https:\/\/www.czuns.org\/wp-content\/uploads\/2026\/03\/1-240x300.png 240w, https:\/\/www.czuns.org\/wp-content\/uploads\/2026\/03\/1-819x1024.png 819w, https:\/\/www.czuns.org\/wp-content\/uploads\/2026\/03\/1-768x960.png 768w, https:\/\/www.czuns.org\/wp-content\/uploads\/2026\/03\/1-80x100.png 80w, https:\/\/www.czuns.org\/wp-content\/uploads\/2026\/03\/1-120x150.png 120w, https:\/\/www.czuns.org\/wp-content\/uploads\/2026\/03\/1.png 1080w\" sizes=\"auto, (max-width: 240px) 100vw, 240px\" \/><strong>Primalac donacije Centar &#8220;\u017diveti uspravno&#8221;<\/strong><\/div>\n<div class=\"x14z9mp xat24cr x1lziwak x1vvkbs xtlvy1s x126k92a\">\n<div dir=\"auto\"><strong>Trg Slobode 3, Novi Sad<\/strong><\/div>\n<\/div>\n<div class=\"x14z9mp xat24cr x1lziwak x1vvkbs xtlvy1s x126k92a\">\n<div dir=\"auto\"><\/div>\n<div dir=\"auto\"><\/div>\n<div dir=\"auto\"><\/div>\n<div dir=\"auto\">U okviru op\u0161te donacijske kampanje za podr\u0161ku radu Centra pokrenute 6.12.2023. donirano je 6.677.801,27 din, od toga u 2026. 886.590,69 din, od kojih od 22.2. do danas 663.272,27 din.<\/div>\n<\/div>\n<div dir=\"auto\"><\/div>\n<div dir=\"auto\"><\/div>\n<div dir=\"auto\"><\/div>\n<div class=\"x14z9mp xat24cr x1lziwak x1vvkbs xtlvy1s x126k92a\">\n<div dir=\"auto\">Iznos od 17.196 din. donirano je za deblokadu ra\u010duna Centra, ostalih 646.076,27 din. donirano je za januarske i fenruarske teku\u0107e tro\u0161kove.<\/div>\n<\/div>\n<div class=\"x14z9mp xat24cr x1lziwak x1vvkbs xtlvy1s x126k92a\">\n<div dir=\"auto\"><\/div>\n<div dir=\"auto\"><\/div>\n<div dir=\"auto\"><\/div>\n<div dir=\"auto\">Kad je danas bezmalo sve \u010demu je blizu rok ispla\u0107eno, nakon du\u017eeg vremena, nakon svega s \u010dim smo se od februata suo\u010dile, svesne toga da u ovakvim okolnostima Centar ne mo\u017ee relicencirati i do deblokade ra\u010duna eventualno ponovo licencirati uslugu personalne asistencije osetile smo mir. Zahvalnost ose\u0107amo sve vreme.<\/div>\n<\/div>\n<div class=\"x14z9mp xat24cr x1lziwak x1vvkbs xtlvy1s x126k92a\">\n<div dir=\"auto\">Sve \u0161to smo zajedno uradili da odr\u017eimo kontinutet usluge 17,5 godina, nari\u010dito od maja 2023, otkad Centar radi u potpunoj neizvesnisti, neprocenjivo je.<\/div>\n<\/div>\n<div dir=\"auto\"><\/div>\n<div dir=\"auto\"><\/div>\n<div dir=\"auto\"><\/div>\n<div class=\"x14z9mp xat24cr x1lziwak x1vvkbs xtlvy1s x126k92a\">\n<div dir=\"auto\">Vi\u0161e na stranici <a href=\"https:\/\/www.czuns.org\/donatorima-donatorkama\/\">Donatorima\/kama &#8211; Centar \u017diveti uspravno Novi Sad<\/a><\/div>\n<\/div>\n<div dir=\"auto\"><\/div>\n<div dir=\"auto\"><\/div>\n<div dir=\"auto\"><\/div>\n<div dir=\"auto\">U Novom Sadu, 20. marta 2026.<\/div>\n<div dir=\"auto\"><\/div>\n<p><\/p>","protected":false},"excerpt":{"rendered":"<p>Sorry, this entry is only available in B\/CG\/H\/S. For the sake of viewer convenience, the content is shown below in the alternative language. You may click the link to switch the active language. Dragi ljudi, Ponovo smo uspeli! Danas su 2 osobe upu\u0107ene na Centar i 1 anonimni dionator\/ka donirali&#8230; <a class=\"continue-reading-link\" href=\"https:\/\/www.czuns.org\/en\/hvala-na-svemu-sto-smo-zajedno-uradili\/\">Ceo \u010dlanak<\/a><\/p>\n","protected":false},"author":3,"featured_media":11760,"comment_status":"open","ping_status":"open","sticky":true,"template":"","format":"standard","meta":{"_eb_attr":"","_crdt_document":"","footnotes":"","_links_to":"","_links_to_target":""},"categories":[2],"tags":[],"class_list":["post-11780","post","type-post","status-publish","format-standard","has-post-thumbnail","hentry","category-novosti"],"yoast_head":"\n<title><\/title>\n<meta name=\"description\" content=\"\u201eCentar \u2018\u017diveti uspravno\u2019 Novi Sad pru\u017ea personalnu asistenciju, peer podr\u0161ku i promovi\u0161e samostalan \u017eivot i ljudska prava.\" \/>\n<meta name=\"robots\" content=\"index, follow, max-snippet:-1, max-image-preview:large, max-video-preview:-1\" \/>\n<link rel=\"canonical\" href=\"https:\/\/www.czuns.org\/hvala-na-svemu-sto-smo-zajedno-uradili\/\" \/>\n<meta property=\"og:locale\" content=\"en_US\" \/>\n<meta property=\"og:type\" content=\"article\" \/>\n<meta property=\"og:title\" content=\"[:rs]Hvala na svemu \u0161to smo zajedno uradili! [:] - Centre LIVING UPRIGHT Novi Sad\" \/>\n<meta property=\"og:description\" content=\"\u201eCentar \u2018\u017diveti uspravno\u2019 Novi Sad pru\u017ea personalnu asistenciju, peer podr\u0161ku i promovi\u0161e samostalan \u017eivot i ljudska prava.\" \/>\n<meta property=\"og:url\" content=\"https:\/\/www.czuns.org\/hvala-na-svemu-sto-smo-zajedno-uradili\/\" \/>\n<meta property=\"og:site_name\" content=\"Centre LIVING UPRIGHT Novi Sad\" \/>\n<meta property=\"article:publisher\" content=\"https:\/\/www.facebook.com\/profile.php?id=100064645570972\" \/>\n<meta property=\"article:published_time\" content=\"2026-03-21T08:24:31+00:00\" \/>\n<meta property=\"article:modified_time\" content=\"2026-03-23T11:27:02+00:00\" \/>\n<meta property=\"og:image\" content=\"https:\/\/www.czuns.org\/wp-content\/uploads\/2026\/03\/3_20260212_181710_0002.png\" \/>\n\t<meta property=\"og:image:width\" content=\"940\" \/>\n\t<meta property=\"og:image:height\" content=\"788\" \/>\n\t<meta property=\"og:image:type\" content=\"image\/png\" \/>\n<meta name=\"author\" content=\"czuns\" \/>\n<meta name=\"twitter:card\" content=\"summary_large_image\" \/>\n<meta name=\"twitter:creator\" content=\"@uspravno\" \/>\n<meta name=\"twitter:site\" content=\"@uspravno\" \/>\n<meta name=\"twitter:label1\" content=\"Written by\" \/>\n\t<meta name=\"twitter:data1\" content=\"czuns\" \/>\n\t<meta name=\"twitter:label2\" content=\"Est. reading time\" \/>\n\t<meta name=\"twitter:data2\" content=\"3 minutes\" \/>\n<script type=\"application\/ld+json\" class=\"yoast-schema-graph\">{\"@context\":\"https:\\\/\\\/schema.org\",\"@graph\":[{\"@type\":\"Article\",\"@id\":\"https:\\\/\\\/www.czuns.org\\\/hvala-na-svemu-sto-smo-zajedno-uradili\\\/#article\",\"isPartOf\":{\"@id\":\"https:\\\/\\\/www.czuns.org\\\/hvala-na-svemu-sto-smo-zajedno-uradili\\\/\"},\"author\":{\"name\":\"czuns\",\"@id\":\"https:\\\/\\\/www.czuns.org\\\/#\\\/schema\\\/person\\\/e6a524dac9abf6dbe2a6d72ba935ba16\"},\"headline\":\"Hvala na svemu \u0161to smo zajedno uradili!\",\"datePublished\":\"2026-03-21T08:24:31+00:00\",\"dateModified\":\"2026-03-23T11:27:02+00:00\",\"mainEntityOfPage\":{\"@id\":\"https:\\\/\\\/www.czuns.org\\\/hvala-na-svemu-sto-smo-zajedno-uradili\\\/\"},\"wordCount\":359,\"commentCount\":0,\"publisher\":{\"@id\":\"https:\\\/\\\/www.czuns.org\\\/#organization\"},\"image\":{\"@id\":\"https:\\\/\\\/www.czuns.org\\\/hvala-na-svemu-sto-smo-zajedno-uradili\\\/#primaryimage\"},\"thumbnailUrl\":\"https:\\\/\\\/www.czuns.org\\\/wp-content\\\/uploads\\\/2026\\\/03\\\/3_20260212_181710_0002.png\",\"articleSection\":[\"News\"],\"inLanguage\":\"en-US\",\"potentialAction\":[{\"@type\":\"CommentAction\",\"name\":\"Comment\",\"target\":[\"https:\\\/\\\/www.czuns.org\\\/hvala-na-svemu-sto-smo-zajedno-uradili\\\/#respond\"]}]},{\"@type\":\"WebPage\",\"@id\":\"https:\\\/\\\/www.czuns.org\\\/hvala-na-svemu-sto-smo-zajedno-uradili\\\/\",\"url\":\"https:\\\/\\\/www.czuns.org\\\/hvala-na-svemu-sto-smo-zajedno-uradili\\\/\",\"name\":\"[:rs]Hvala na svemu \u0161to smo zajedno uradili! [:] - Centre LIVING UPRIGHT Novi Sad\",\"isPartOf\":{\"@id\":\"https:\\\/\\\/www.czuns.org\\\/#website\"},\"primaryImageOfPage\":{\"@id\":\"https:\\\/\\\/www.czuns.org\\\/hvala-na-svemu-sto-smo-zajedno-uradili\\\/#primaryimage\"},\"image\":{\"@id\":\"https:\\\/\\\/www.czuns.org\\\/hvala-na-svemu-sto-smo-zajedno-uradili\\\/#primaryimage\"},\"thumbnailUrl\":\"https:\\\/\\\/www.czuns.org\\\/wp-content\\\/uploads\\\/2026\\\/03\\\/3_20260212_181710_0002.png\",\"datePublished\":\"2026-03-21T08:24:31+00:00\",\"dateModified\":\"2026-03-23T11:27:02+00:00\",\"description\":\"\u201eCentar \u2018\u017diveti uspravno\u2019 Novi Sad pru\u017ea personalnu asistenciju, peer podr\u0161ku i promovi\u0161e samostalan \u017eivot i ljudska prava.\",\"breadcrumb\":{\"@id\":\"https:\\\/\\\/www.czuns.org\\\/hvala-na-svemu-sto-smo-zajedno-uradili\\\/#breadcrumb\"},\"inLanguage\":\"en-US\",\"potentialAction\":[{\"@type\":\"ReadAction\",\"target\":[\"https:\\\/\\\/www.czuns.org\\\/hvala-na-svemu-sto-smo-zajedno-uradili\\\/\"]}]},{\"@type\":\"ImageObject\",\"inLanguage\":\"en-US\",\"@id\":\"https:\\\/\\\/www.czuns.org\\\/hvala-na-svemu-sto-smo-zajedno-uradili\\\/#primaryimage\",\"url\":\"https:\\\/\\\/www.czuns.org\\\/wp-content\\\/uploads\\\/2026\\\/03\\\/3_20260212_181710_0002.png\",\"contentUrl\":\"https:\\\/\\\/www.czuns.org\\\/wp-content\\\/uploads\\\/2026\\\/03\\\/3_20260212_181710_0002.png\",\"width\":940,\"height\":788,\"caption\":\"Hvala na svemu \u0161to smo zajedno uradili! Emotikoni: zagrljaj, Sunce i golub mira\"},{\"@type\":\"BreadcrumbList\",\"@id\":\"https:\\\/\\\/www.czuns.org\\\/hvala-na-svemu-sto-smo-zajedno-uradili\\\/#breadcrumb\",\"itemListElement\":[{\"@type\":\"ListItem\",\"position\":1,\"name\":\"\u041f\u043e\u0447\u0435\u0442\u043d\u0430\",\"item\":\"https:\\\/\\\/www.czuns.org\\\/\"},{\"@type\":\"ListItem\",\"position\":2,\"name\":\"Hvala na svemu \u0161to smo zajedno uradili!\"}]},{\"@type\":\"WebSite\",\"@id\":\"https:\\\/\\\/www.czuns.org\\\/#website\",\"url\":\"https:\\\/\\\/www.czuns.org\\\/\",\"name\":\"Centar \u017diveti uspravno Novi Sad\",\"description\":\"[:rs]Prete\u017ena delatnost Centra je 8899 ostali vidovi socijalne za\u0161tite bez sme\u0161taja[:en] Centre&#039;s registered  predominant activity is 8899: other social services except for accommodation[:sr]\u041f\u0440\u0435\u0442\u0435\u0436\u043d\u0430 \u0434\u0435\u043b\u0430\u0442\u043d\u043e\u0441\u0442 \u0426\u0435\u043d\u0442\u0440\u0430 \u0458\u0435 \u043f\u0440\u043e\u0434\u0443\u043a\u0446\u0438\u0458\u0430 \u043c\u0435\u0434\u0438\u0458\u0441\u043a\u043e\u0433 \u0438 \u0444\u0438\u043b\u043c\u0441\u043a\u043e\u0433 \u043c\u0430\u0442\u0435\u0438\u0458\u0430\u043b\u0430 \u043e \u043f\u043e\u043b\u043e\u0436\u0430\u0458\u0443 \u043e\u0441\u043e\u0431\u0430 \u0441\u0430 \u0438\u043d\u0432\u0430\u043b\u0438\u0434\u0438\u0442\u0435\u0442\u043e\u043c \u0438 \u0433\u0440\u0430\u0452\u0430\u043d\u0441\u043a\u0438\u043c \u043f\u0440\u0430\u0432\u0438\u043c\u0430.[:]\",\"publisher\":{\"@id\":\"https:\\\/\\\/www.czuns.org\\\/#organization\"},\"potentialAction\":[{\"@type\":\"SearchAction\",\"target\":{\"@type\":\"EntryPoint\",\"urlTemplate\":\"https:\\\/\\\/www.czuns.org\\\/?s={search_term_string}\"},\"query-input\":{\"@type\":\"PropertyValueSpecification\",\"valueRequired\":true,\"valueName\":\"search_term_string\"}}],\"inLanguage\":\"en-US\"},{\"@type\":\"Organization\",\"@id\":\"https:\\\/\\\/www.czuns.org\\\/#organization\",\"name\":\"Centar \u017diveti uspravno Novi Sad\",\"url\":\"https:\\\/\\\/www.czuns.org\\\/\",\"logo\":{\"@type\":\"ImageObject\",\"inLanguage\":\"en-US\",\"@id\":\"https:\\\/\\\/www.czuns.org\\\/#\\\/schema\\\/logo\\\/image\\\/\",\"url\":\"https:\\\/\\\/www.czuns.org\\\/wp-content\\\/uploads\\\/2020\\\/07\\\/czu_logo.png\",\"contentUrl\":\"https:\\\/\\\/www.czuns.org\\\/wp-content\\\/uploads\\\/2020\\\/07\\\/czu_logo.png\",\"width\":871,\"height\":315,\"caption\":\"Centar \u017diveti uspravno Novi Sad\"},\"image\":{\"@id\":\"https:\\\/\\\/www.czuns.org\\\/#\\\/schema\\\/logo\\\/image\\\/\"},\"sameAs\":[\"https:\\\/\\\/www.facebook.com\\\/profile.php?id=100064645570972\",\"https:\\\/\\\/x.com\\\/uspravno\",\"https:\\\/\\\/www.instagram.com\\\/centar.ziveti.uspravno\\\/\"]},{\"@type\":\"Person\",\"@id\":\"https:\\\/\\\/www.czuns.org\\\/#\\\/schema\\\/person\\\/e6a524dac9abf6dbe2a6d72ba935ba16\",\"name\":\"czuns\",\"image\":{\"@type\":\"ImageObject\",\"inLanguage\":\"en-US\",\"@id\":\"https:\\\/\\\/secure.gravatar.com\\\/avatar\\\/253f19539fa3a351c7d26815ac9fea49906610392f33e3508931d1c6d3f19d6d?s=96&d=mm&r=g\",\"url\":\"https:\\\/\\\/secure.gravatar.com\\\/avatar\\\/253f19539fa3a351c7d26815ac9fea49906610392f33e3508931d1c6d3f19d6d?s=96&d=mm&r=g\",\"contentUrl\":\"https:\\\/\\\/secure.gravatar.com\\\/avatar\\\/253f19539fa3a351c7d26815ac9fea49906610392f33e3508931d1c6d3f19d6d?s=96&d=mm&r=g\",\"caption\":\"czuns\"},\"url\":\"https:\\\/\\\/www.czuns.org\\\/en\\\/author\\\/czuns\\\/\"}]}<\/script>\n","yoast_head_json":{"title":"[:rs]Hvala na svemu \u0161to smo zajedno uradili! [:] - Centre LIVING UPRIGHT Novi Sad","description":"\u201eCentar \u2018\u017diveti uspravno\u2019 Novi Sad pru\u017ea personalnu asistenciju, peer podr\u0161ku i promovi\u0161e samostalan \u017eivot i ljudska prava.","robots":{"index":"index","follow":"follow","max-snippet":"max-snippet:-1","max-image-preview":"max-image-preview:large","max-video-preview":"max-video-preview:-1"},"canonical":"https:\/\/www.czuns.org\/hvala-na-svemu-sto-smo-zajedno-uradili\/","og_locale":"en_US","og_type":"article","og_title":"[:rs]Hvala na svemu \u0161to smo zajedno uradili! [:] - Centre LIVING UPRIGHT Novi Sad","og_description":"\u201eCentar \u2018\u017diveti uspravno\u2019 Novi Sad pru\u017ea personalnu asistenciju, peer podr\u0161ku i promovi\u0161e samostalan \u017eivot i ljudska prava.","og_url":"https:\/\/www.czuns.org\/hvala-na-svemu-sto-smo-zajedno-uradili\/","og_site_name":"Centre LIVING UPRIGHT Novi Sad","article_publisher":"https:\/\/www.facebook.com\/profile.php?id=100064645570972","article_published_time":"2026-03-21T08:24:31+00:00","article_modified_time":"2026-03-23T11:27:02+00:00","og_image":[{"width":940,"height":788,"url":"https:\/\/www.czuns.org\/wp-content\/uploads\/2026\/03\/3_20260212_181710_0002.png","type":"image\/png"}],"author":"czuns","twitter_card":"summary_large_image","twitter_creator":"@uspravno","twitter_site":"@uspravno","twitter_misc":{"Written by":"czuns","Est. reading time":"3 minutes"},"schema":{"@context":"https:\/\/schema.org","@graph":[{"@type":"Article","@id":"https:\/\/www.czuns.org\/hvala-na-svemu-sto-smo-zajedno-uradili\/#article","isPartOf":{"@id":"https:\/\/www.czuns.org\/hvala-na-svemu-sto-smo-zajedno-uradili\/"},"author":{"name":"czuns","@id":"https:\/\/www.czuns.org\/#\/schema\/person\/e6a524dac9abf6dbe2a6d72ba935ba16"},"headline":"Hvala na svemu \u0161to smo zajedno uradili!","datePublished":"2026-03-21T08:24:31+00:00","dateModified":"2026-03-23T11:27:02+00:00","mainEntityOfPage":{"@id":"https:\/\/www.czuns.org\/hvala-na-svemu-sto-smo-zajedno-uradili\/"},"wordCount":359,"commentCount":0,"publisher":{"@id":"https:\/\/www.czuns.org\/#organization"},"image":{"@id":"https:\/\/www.czuns.org\/hvala-na-svemu-sto-smo-zajedno-uradili\/#primaryimage"},"thumbnailUrl":"https:\/\/www.czuns.org\/wp-content\/uploads\/2026\/03\/3_20260212_181710_0002.png","articleSection":["News"],"inLanguage":"en-US","potentialAction":[{"@type":"CommentAction","name":"Comment","target":["https:\/\/www.czuns.org\/hvala-na-svemu-sto-smo-zajedno-uradili\/#respond"]}]},{"@type":"WebPage","@id":"https:\/\/www.czuns.org\/hvala-na-svemu-sto-smo-zajedno-uradili\/","url":"https:\/\/www.czuns.org\/hvala-na-svemu-sto-smo-zajedno-uradili\/","name":"[:rs]Hvala na svemu \u0161to smo zajedno uradili! [:] - Centre LIVING UPRIGHT Novi Sad","isPartOf":{"@id":"https:\/\/www.czuns.org\/#website"},"primaryImageOfPage":{"@id":"https:\/\/www.czuns.org\/hvala-na-svemu-sto-smo-zajedno-uradili\/#primaryimage"},"image":{"@id":"https:\/\/www.czuns.org\/hvala-na-svemu-sto-smo-zajedno-uradili\/#primaryimage"},"thumbnailUrl":"https:\/\/www.czuns.org\/wp-content\/uploads\/2026\/03\/3_20260212_181710_0002.png","datePublished":"2026-03-21T08:24:31+00:00","dateModified":"2026-03-23T11:27:02+00:00","description":"\u201eCentar \u2018\u017diveti uspravno\u2019 Novi Sad pru\u017ea personalnu asistenciju, peer podr\u0161ku i promovi\u0161e samostalan \u017eivot i ljudska prava.","breadcrumb":{"@id":"https:\/\/www.czuns.org\/hvala-na-svemu-sto-smo-zajedno-uradili\/#breadcrumb"},"inLanguage":"en-US","potentialAction":[{"@type":"ReadAction","target":["https:\/\/www.czuns.org\/hvala-na-svemu-sto-smo-zajedno-uradili\/"]}]},{"@type":"ImageObject","inLanguage":"en-US","@id":"https:\/\/www.czuns.org\/hvala-na-svemu-sto-smo-zajedno-uradili\/#primaryimage","url":"https:\/\/www.czuns.org\/wp-content\/uploads\/2026\/03\/3_20260212_181710_0002.png","contentUrl":"https:\/\/www.czuns.org\/wp-content\/uploads\/2026\/03\/3_20260212_181710_0002.png","width":940,"height":788,"caption":"Hvala na svemu \u0161to smo zajedno uradili! Emotikoni: zagrljaj, Sunce i golub mira"},{"@type":"BreadcrumbList","@id":"https:\/\/www.czuns.org\/hvala-na-svemu-sto-smo-zajedno-uradili\/#breadcrumb","itemListElement":[{"@type":"ListItem","position":1,"name":"\u041f\u043e\u0447\u0435\u0442\u043d\u0430","item":"https:\/\/www.czuns.org\/"},{"@type":"ListItem","position":2,"name":"Hvala na svemu \u0161to smo zajedno uradili!"}]},{"@type":"WebSite","@id":"https:\/\/www.czuns.org\/#website","url":"https:\/\/www.czuns.org\/","name":"Centar \u017diveti uspravno Novi Sad","description":"[:rs]Prete\u017ena delatnost Centra je 8899 ostali vidovi socijalne za\u0161tite bez sme\u0161taja[:en] Centre&#039;s registered predominant activity is 8899: other social services except for accommodation[:sr]\u041f\u0440\u0435\u0442\u0435\u0436\u043d\u0430 \u0434\u0435\u043b\u0430\u0442\u043d\u043e\u0441\u0442 \u0426\u0435\u043d\u0442\u0440\u0430 \u0458\u0435 \u043f\u0440\u043e\u0434\u0443\u043a\u0446\u0438\u0458\u0430 \u043c\u0435\u0434\u0438\u0458\u0441\u043a\u043e\u0433 \u0438 \u0444\u0438\u043b\u043c\u0441\u043a\u043e\u0433 \u043c\u0430\u0442\u0435\u0438\u0458\u0430\u043b\u0430 \u043e \u043f\u043e\u043b\u043e\u0436\u0430\u0458\u0443 \u043e\u0441\u043e\u0431\u0430 \u0441\u0430 \u0438\u043d\u0432\u0430\u043b\u0438\u0434\u0438\u0442\u0435\u0442\u043e\u043c \u0438 \u0433\u0440\u0430\u0452\u0430\u043d\u0441\u043a\u0438\u043c \u043f\u0440\u0430\u0432\u0438\u043c\u0430.[:]","publisher":{"@id":"https:\/\/www.czuns.org\/#organization"},"potentialAction":[{"@type":"SearchAction","target":{"@type":"EntryPoint","urlTemplate":"https:\/\/www.czuns.org\/?s={search_term_string}"},"query-input":{"@type":"PropertyValueSpecification","valueRequired":true,"valueName":"search_term_string"}}],"inLanguage":"en-US"},{"@type":"Organization","@id":"https:\/\/www.czuns.org\/#organization","name":"Centar \u017diveti uspravno Novi Sad","url":"https:\/\/www.czuns.org\/","logo":{"@type":"ImageObject","inLanguage":"en-US","@id":"https:\/\/www.czuns.org\/#\/schema\/logo\/image\/","url":"https:\/\/www.czuns.org\/wp-content\/uploads\/2020\/07\/czu_logo.png","contentUrl":"https:\/\/www.czuns.org\/wp-content\/uploads\/2020\/07\/czu_logo.png","width":871,"height":315,"caption":"Centar \u017diveti uspravno Novi Sad"},"image":{"@id":"https:\/\/www.czuns.org\/#\/schema\/logo\/image\/"},"sameAs":["https:\/\/www.facebook.com\/profile.php?id=100064645570972","https:\/\/x.com\/uspravno","https:\/\/www.instagram.com\/centar.ziveti.uspravno\/"]},{"@type":"Person","@id":"https:\/\/www.czuns.org\/#\/schema\/person\/e6a524dac9abf6dbe2a6d72ba935ba16","name":"czuns","image":{"@type":"ImageObject","inLanguage":"en-US","@id":"https:\/\/secure.gravatar.com\/avatar\/253f19539fa3a351c7d26815ac9fea49906610392f33e3508931d1c6d3f19d6d?s=96&d=mm&r=g","url":"https:\/\/secure.gravatar.com\/avatar\/253f19539fa3a351c7d26815ac9fea49906610392f33e3508931d1c6d3f19d6d?s=96&d=mm&r=g","contentUrl":"https:\/\/secure.gravatar.com\/avatar\/253f19539fa3a351c7d26815ac9fea49906610392f33e3508931d1c6d3f19d6d?s=96&d=mm&r=g","caption":"czuns"},"url":"https:\/\/www.czuns.org\/en\/author\/czuns\/"}]}},"_links":{"self":[{"href":"https:\/\/www.czuns.org\/en\/wp-json\/wp\/v2\/posts\/11780","targetHints":{"allow":["GET"]}}],"collection":[{"href":"https:\/\/www.czuns.org\/en\/wp-json\/wp\/v2\/posts"}],"about":[{"href":"https:\/\/www.czuns.org\/en\/wp-json\/wp\/v2\/types\/post"}],"author":[{"embeddable":true,"href":"https:\/\/www.czuns.org\/en\/wp-json\/wp\/v2\/users\/3"}],"replies":[{"embeddable":true,"href":"https:\/\/www.czuns.org\/en\/wp-json\/wp\/v2\/comments?post=11780"}],"version-history":[{"count":5,"href":"https:\/\/www.czuns.org\/en\/wp-json\/wp\/v2\/posts\/11780\/revisions"}],"predecessor-version":[{"id":11795,"href":"https:\/\/www.czuns.org\/en\/wp-json\/wp\/v2\/posts\/11780\/revisions\/11795"}],"wp:featuredmedia":[{"embeddable":true,"href":"https:\/\/www.czuns.org\/en\/wp-json\/wp\/v2\/media\/11760"}],"wp:attachment":[{"href":"https:\/\/www.czuns.org\/en\/wp-json\/wp\/v2\/media?parent=11780"}],"wp:term":[{"taxonomy":"category","embeddable":true,"href":"https:\/\/www.czuns.org\/en\/wp-json\/wp\/v2\/categories?post=11780"},{"taxonomy":"post_tag","embeddable":true,"href":"https:\/\/www.czuns.org\/en\/wp-json\/wp\/v2\/tags?post=11780"}],"curies":[{"name":"wp","href":"https:\/\/api.w.org\/{rel}","templated":true}]}}