{"id":13283,"date":"2026-09-01T19:04:24","date_gmt":"2026-09-01T17:04:24","guid":{"rendered":"https:\/\/www.czuns.org\/?p=13283"},"modified":"2026-09-02T08:51:42","modified_gmt":"2026-09-02T06:51:42","slug":"poziv-da-zajedmo-uradimo-sve-sto-moozemo-da-centar-ziveti-uspravno-u-septembru-otkloni-blokadu-racuna","status":"publish","type":"post","link":"https:\/\/www.czuns.org\/en\/poziv-da-zajedmo-uradimo-sve-sto-moozemo-da-centar-ziveti-uspravno-u-septembru-otkloni-blokadu-racuna\/","title":{"rendered":"Poziv da zajedmo uradimo sve \u0161to moo\u017eemo da Centar &#8220;\u017diveti uspravno&#8221; u septembru otklonio blokadu ra\u010duna"},"content":{"rendered":"<p class=\"qtranxs-available-languages-message qtranxs-available-languages-message-en\">Sorry, this entry is only available in <a href=\"https:\/\/www.czuns.org\/rs\/wp-json\/wp\/v2\/posts\/13283\" class=\"qtranxs-available-language-link qtranxs-available-language-link-rs\" title=\"B\/CG\/H\/S\">B\/CG\/H\/S<\/a>. For the sake of viewer convenience, the content is shown below in the alternative language. You may click the link to switch the active language.<\/p><p><\/p>\n<div><\/div>\n<div><\/div>\n<div><\/div>\n<div><img loading=\"lazy\" decoding=\"async\" class=\"size-medium wp-image-11765 aligncenter\" src=\"https:\/\/www.czuns.org\/wp-content\/uploads\/2026\/03\/czu_logo-500x181.png\" alt=\"\" width=\"500\" height=\"181\" srcset=\"https:\/\/www.czuns.org\/wp-content\/uploads\/2026\/03\/czu_logo-500x181.png 500w, https:\/\/www.czuns.org\/wp-content\/uploads\/2026\/03\/czu_logo-768x278.png 768w, https:\/\/www.czuns.org\/wp-content\/uploads\/2026\/03\/czu_logo-100x36.png 100w, https:\/\/www.czuns.org\/wp-content\/uploads\/2026\/03\/czu_logo-150x54.png 150w, https:\/\/www.czuns.org\/wp-content\/uploads\/2026\/03\/czu_logo.png 871w\" sizes=\"auto, (max-width: 500px) 100vw, 500px\" \/><\/div>\n<div><\/div>\n<div>Po\u0161tovani\/e, dragi\/e,<\/div>\n<div><\/div>\n<div>\n<p>Od 5. juna, otkako Centar prete\u017eno prikuplja sredstva za deblokadu ra\u010duna za ovu namenu donirano je 195.167,45 din. Iznos je s 5.314.000 din. Smanjen na 5.209.000 din. Ostatkom su napla\u0107eneme naknade i dnevna kamata koja je oko 1150 din.<\/p>\n<p>&nbsp;<\/p>\n<\/div>\n<div>Vi\u0161e mo\u017eete pro\u010ditati u mom obra\u0107asnju <a href=\"https:\/\/www.czuns.org\/ako-nas-5-312-odmah-donira-1000-din-ili-10-624-iznos-od-500-din-u-junu-cemo-odblokirati-rscune-centra-posle-9-godina-i-4-meseca\/\" target=\"_blank\" rel=\"noopener\" data-saferedirecturl=\"https:\/\/www.google.com\/url?q=https:\/\/www.czuns.org\/ako-nas-5-312-odmah-donira-1000-din-ili-10-624-iznos-od-500-din-u-junu-cemo-odblokirati-rscune-centra-posle-9-godina-i-4-meseca\/&amp;source=gmail&amp;ust=1788367101874000&amp;usg=AOvVaw2Hi0PaYAjxycZcoS5LQwMn\">Ako nas 5.209 odmah donira 1000 din. ili nas 10.418 iznos od 500 din, odblokira\u0107emo ra\u010dune Centra posle 9,5 godina<\/a>, u kome a\u017euriram svaku promenu i u apelu\u00a0\u00a0<a href=\"https:\/\/www.czuns.org\/hajde-da-iscupamo-centar-iz-blokade-racuna\/\" target=\"_blank\" rel=\"noopener\" data-saferedirecturl=\"https:\/\/www.google.com\/url?q=https:\/\/www.czuns.org\/hajde-da-iscupamo-centar-iz-blokade-racuna\/&amp;source=gmail&amp;ust=1788367101874000&amp;usg=AOvVaw2IQkRUu9gCE6nBmItvARkX\">Hajde da i\u0161\u010dupamo Centar iz blokade ra\u010duna!<\/a><\/div>\n<div><\/div>\n<div>\n<p>DDevetnaestog septembra 26. je godina od otvvaranja Savetovali\u0161ta &#8220;\u017diveti uspravno&#8221;, \u010diji je tim uz\u00a0 jo\u0161 nas dvoje 29. januara 2002. osnovao Centar &#8220;\u017diveti uspravno&#8221; kao samostalno zdru\u017eenjwe gra\u0111ana. Misija Centra od 2007. je stvaranje okru\u017eenja u kome \u0107e se po\u0161tovati sva ljuska prava i omogu\u0107iti p\u0161una primena Konvencije UN-a o pravima osoba sa invaliditetom.<\/p>\n<p>Pre nekoliko nedelja vlasnica Uncutovih krreacija napisala mi je da je Centar novosadski brend zbog svega \u0161to je inicirao i uradio za ljude i za pristupsa\u010dnost i da bi bilo dobro da pozovemo ljude da nam mejlom po\u0161alju kad mogu da uplate donacioju u kom iznosu (500n\u00a0 ili 1000 din. ili neki drugi) i da u jednom danu svi koji mo\u017eemo uplatimo da se zaustavi ksaamata. Ja sam se u petak setila da bi to mogao biti 19. septembar.\u00a0 Ako mo\u017eete da donirate odmah ili pre ovog datuma, zna\u010di\u0107e zbog dana\u0161nje mese\u010dne naknade poslovne bankr kamate koja \u0107e do tada pove\u017eat ukupan iznos za oko 22.000 din.<\/p>\n<\/div>\n<p><img loading=\"lazy\" decoding=\"async\" class=\"size-medium wp-image-13286 aligncenter\" src=\"https:\/\/www.czuns.org\/wp-content\/uploads\/2026\/09\/5210-240x300.png\" alt=\"Otkloni\u0107emo blokadu ra\u010duna Centra ako nas 5210 odmah doniramo 1000 din, Kako donirati? Centar \u017diveti uspravno Trg Slobode 3 Novi Sad 340-5350-79 Desno od podataka Centra je QR kod za donaciju od 500 din. Cifre koje \u010dine broj hioiljadu su bele boje u spojeni pojedina\u010dnim delovima sdlagalice teget, narand\u017eastom, svetlo-plavom i crvenom.\" width=\"240\" height=\"300\" srcset=\"https:\/\/www.czuns.org\/wp-content\/uploads\/2026\/09\/5210-240x300.png 240w, https:\/\/www.czuns.org\/wp-content\/uploads\/2026\/09\/5210-819x1024.png 819w, https:\/\/www.czuns.org\/wp-content\/uploads\/2026\/09\/5210-768x960.png 768w, https:\/\/www.czuns.org\/wp-content\/uploads\/2026\/09\/5210-80x100.png 80w, https:\/\/www.czuns.org\/wp-content\/uploads\/2026\/09\/5210-120x150.png 120w, https:\/\/www.czuns.org\/wp-content\/uploads\/2026\/09\/5210.png 1080w\" sizes=\"auto, (max-width: 240px) 100vw, 240px\" \/><\/p>\n<p>&nbsp;<\/p>\n<div>Imaju\u0107i u vidu to da je priliikom usvajkanja i menjanja propisa u vezi s podr\u0161kom osobama sa invalidititetom u julu i avgustu nije kori\u0161ten princip ni\u0161ta o nama bez nas i zanemarena su sva stanovi\u0161ta me\u0111unarodnog pokreta (zasamostalni \u017eivot) osoba sa invaliditetom, po deblokadi ra\u010duna Centar \u0107e i dalje biti na raspolaganju za peer podr\u0161ku i informisanje svih koji mu se obrate u\u00a0 vezi s ostvarivanjem bilo kog prava. \u0160to se ti\u010de organizovanja drugih usluga, od kojih je uslugu personalne asistencije organizovao 17,5 godina, razmotri\u0107e kad ovda\u0161nji pokret osoba sa invaliditetom io dr\u017eava prestanu da stvarajku situacije u kojima se kr\u0161e me\u0111unarodni ugovori i doma\u0107i propisi u vezi s ostvarivanjem socijalnih prava.\u00a0 Vi\u0161e u \u010dlanku <a href=\"https:\/\/www.czuns.org\/milica-mima-ruzicic-novkovic-prilog-svedocenju-o-vremenu\/\" target=\"_blank\" rel=\"noopener\" data-saferedirecturl=\"https:\/\/www.google.com\/url?q=https:\/\/www.czuns.org\/milica-mima-ruzicic-novkovic-prilog-svedocenju-o-vremenu\/&amp;source=gmail&amp;ust=1788367101874000&amp;usg=AOvVaw0dh_3gPv4VdEn_PeIDkY2F\">Milica Mima Ru\u017ei\u010di\u0107-Novkovi\u0107: Prilog svedo\u010denju o vremenu<\/a>.<\/div>\n<div><\/div>\n<div>\n<p>Blokada dela ra\u010duna Centra jedna je od posledica ovda\u0161njeg dpminantnog pristupa jer je nameensko finansiranje usluge personalne asistencije umesto u drugoj polovini 2014, lad su stupili maa snagu minimalni dr\u017eavni standardi za organizacovanje obe i drugih usluiga socijalne za\u0161tite, u Npvom Sadu po\u010delo u januaru 2020, optimalni broj sati u junu 2020. U me\u0111uvremenu, sve \u0161to Grad NS i druge op\u0161tine i gradovi u kojima ju je Centar organizovao ljuddima koji po dosada\u0161njim minimalnim standardima nisu imali pravo na njeno finansiranje, Centar je pokrivao donacijama, u okviru javnih radova, prodajom knjiga, lekturom, prevo\u0111enjem i pozajmlivanjem novca.<\/p>\n<p>&nbsp;<\/p>\n<\/div>\n<div>Unapred zahvalne na podr\u0161ci i na svermu \u0161to smo u okviru\u00a0 op\u0161te donacijske kasmpanje\u00a0<a href=\"https:\/\/www.donacije.rs\/projekat\/czuns\/\" target=\"_blank\" rel=\"noopener\" data-saferedirecturl=\"https:\/\/www.google.com\/url?q=https:\/\/www.donacije.rs\/projekat\/czuns\/&amp;source=gmail&amp;ust=1788367101874000&amp;usg=AOvVaw3XTx6Ct4wSi2Bwn2_VpV17\">PODR\u017dITE RAD CENTRA \u201c\u017dIVETI USPRAVNO\u201d | Donacije.rs<\/a>\u00a0zajedno uradili. U\u00a0<a href=\"https:\/\/www.czuns.org\/presek-doniranih-sredstava-za-rad-centra-u-okviru-stalne-kampanje-i-kako-ga-mozete-podrzati-da-otkloni-blokadu-racuna\/\" target=\"_blank\" rel=\"noopener\" data-saferedirecturl=\"https:\/\/www.google.com\/url?q=https:\/\/www.czuns.org\/presek-doniranih-sredstava-za-rad-centra-u-okviru-stalne-kampanje-i-kako-ga-mozete-podrzati-da-otkloni-blokadu-racuna\/&amp;source=gmail&amp;ust=1788367101874000&amp;usg=AOvVaw0E5Yv8l-_o6L0iEas6b0gX\">PRESEKU DONIRANIH SREDSTAVA ZA RAD CENTRA U OKVIRU STALNE KAMPANJE I KAKO GA MO\u017dETE PODR\u017dATI DA OTKLONI BLOKADU RA\u010cUNA\u00a0<\/a>\u00a0mo\u017eete pro\u010ditati i pratiti njene idhode.<\/div>\n<div><\/div>\n<div>U Novom Sadu, 1. septembra 2026.<\/div>\n<div><\/div>\n<div>\n<div class=\"gmail_signature\" dir=\"ltr\" data-smartmail=\"gmail_signature\">\n<div dir=\"ltr\">\n<div><\/div>\n<div><\/div>\n<div>\n<table>\n<tbody>\n<tr>\n<td valign=\"top\"><a href=\"https:\/\/www.czuns.org\/\" target=\"_blank\" rel=\"noopener\" data-saferedirecturl=\"https:\/\/www.google.com\/url?q=https:\/\/www.czuns.org\/&amp;source=gmail&amp;ust=1788367101874000&amp;usg=AOvVaw1RE_1_FRCeRr2OvLZUlwEf\"><img decoding=\"async\" class=\"CToWUd\" src=\"https:\/\/ci3.googleusercontent.com\/meips\/ADKq_NYlzi3dWnSYF6xFwOgYgR0pHeMDe3n-0GY9wVRRrVL0qQmCAYPrWyZaHvw3PMV-r-AkEixW2C7qQWkSRIqJRGB1Hml90p7Xjs4OQd9Ah8GA9W17Jf4zd68NXMH3=s0-d-e1-ft#https:\/\/newoldstamp.com\/p\/000\/024\/u672.png?59785b336729d?1501059894372\" data-bit=\"iit\" \/><\/a><\/td>\n<td valign=\"top\">\n<div>mr Milica Mima Ru\u017ei\u010di\u0107-Novkovi\u0107, predsednica<\/div>\n<\/td>\n<\/tr>\n<\/tbody>\n<\/table>\n<p>&nbsp;<\/p>\n<\/div>\n<\/div>\n<\/div>\n<\/div>\n<p><\/p>","protected":false},"excerpt":{"rendered":"<p>Sorry, this entry is only available in B\/CG\/H\/S. For the sake of viewer convenience, the content is shown below in the alternative language. You may click the link to switch the active language. Po\u0161tovani\/e, dragi\/e, Od 5. juna, otkako Centar prete\u017eno prikuplja sredstva za deblokadu ra\u010duna za ovu namenu donirano&#8230; <a class=\"continue-reading-link\" href=\"https:\/\/www.czuns.org\/en\/poziv-da-zajedmo-uradimo-sve-sto-moozemo-da-centar-ziveti-uspravno-u-septembru-otkloni-blokadu-racuna\/\">Ceo \u010dlanak<\/a><\/p>\n","protected":false},"author":3,"featured_media":9242,"comment_status":"open","ping_status":"closed","sticky":true,"template":"","format":"standard","meta":{"_eb_attr":"","footnotes":"","_links_to":"","_links_to_target":""},"categories":[2],"tags":[],"class_list":["post-13283","post","type-post","status-publish","format-standard","has-post-thumbnail","hentry","category-novosti"],"yoast_head":"\n<title>Poziv da zajedmo uradimo sve \u0161to moo\u017eemo da Centar &quot;\u017diveti uspravno&quot; u septembru otklonio blokadu ra\u010duna - Centre LIVING UPRIGHT Novi Sad<\/title>\n<meta name=\"description\" content=\"\u201eCentar \u2018\u017diveti uspravno\u2019 Novi Sad pru\u017ea personalnu asistenciju, peer podr\u0161ku i promovi\u0161e samostalan \u017eivot i ljudska prava.\" \/>\n<meta name=\"robots\" content=\"index, follow, max-snippet:-1, max-image-preview:large, max-video-preview:-1\" \/>\n<link rel=\"canonical\" href=\"https:\/\/www.czuns.org\/poziv-da-zajedmo-uradimo-sve-sto-moozemo-da-centar-ziveti-uspravno-u-septembru-otkloni-blokadu-racuna\/\" \/>\n<meta property=\"og:locale\" content=\"en_US\" \/>\n<meta property=\"og:type\" content=\"article\" \/>\n<meta property=\"og:title\" content=\"[:rs]Poziv da zajedno uradimo sve \u0161to mo\u017eemo da Centar &quot;\u017diveti uspravno&quot; u septembru otkloni blokadu ra\u010dun[:en]Poziv da zajedmo uradimo sve \u0161to moo\u017eemo da Centar &quot;\u017diveti uspravno&quot; u septembru otklonio blokadu ra\u010duna[:] - Centre LIVING UPRIGHT Novi Sad\" \/>\n<meta property=\"og:description\" content=\"\u201eCentar \u2018\u017diveti uspravno\u2019 Novi Sad pru\u017ea personalnu asistenciju, peer podr\u0161ku i promovi\u0161e samostalan \u017eivot i ljudska prava.\" \/>\n<meta property=\"og:url\" content=\"https:\/\/www.czuns.org\/poziv-da-zajedmo-uradimo-sve-sto-moozemo-da-centar-ziveti-uspravno-u-septembru-otkloni-blokadu-racuna\/\" \/>\n<meta property=\"og:site_name\" content=\"Centre LIVING UPRIGHT Novi Sad\" \/>\n<meta property=\"article:publisher\" content=\"https:\/\/www.facebook.com\/profile.php?id=100064645570972\" \/>\n<meta property=\"article:published_time\" content=\"2026-09-01T17:04:24+00:00\" \/>\n<meta property=\"article:modified_time\" content=\"2026-09-02T06:51:42+00:00\" \/>\n<meta property=\"og:image\" content=\"https:\/\/www.czuns.org\/wp-content\/uploads\/2025\/08\/6.png\" \/>\n\t<meta property=\"og:image:width\" content=\"1200\" \/>\n\t<meta property=\"og:image:height\" content=\"450\" \/>\n\t<meta property=\"og:image:type\" content=\"image\/png\" \/>\n<meta name=\"author\" content=\"czuns\" \/>\n<meta name=\"twitter:card\" content=\"summary_large_image\" \/>\n<meta name=\"twitter:creator\" content=\"@uspravno\" \/>\n<meta name=\"twitter:site\" content=\"@uspravno\" \/>\n<meta name=\"twitter:label1\" content=\"Written by\" \/>\n\t<meta name=\"twitter:data1\" content=\"czuns\" \/>\n\t<meta name=\"twitter:label2\" content=\"Est. reading time\" \/>\n\t<meta name=\"twitter:data2\" content=\"4 minutes\" \/>\n<script type=\"application\/ld+json\" class=\"yoast-schema-graph\">{\"@context\":\"https:\\\/\\\/schema.org\",\"@graph\":[{\"@type\":\"Article\",\"@id\":\"https:\\\/\\\/www.czuns.org\\\/poziv-da-zajedmo-uradimo-sve-sto-moozemo-da-centar-ziveti-uspravno-u-septembru-otkloni-blokadu-racuna\\\/#article\",\"isPartOf\":{\"@id\":\"https:\\\/\\\/www.czuns.org\\\/poziv-da-zajedmo-uradimo-sve-sto-moozemo-da-centar-ziveti-uspravno-u-septembru-otkloni-blokadu-racuna\\\/\"},\"author\":{\"name\":\"czuns\",\"@id\":\"https:\\\/\\\/www.czuns.org\\\/#\\\/schema\\\/person\\\/e6a524dac9abf6dbe2a6d72ba935ba16\"},\"headline\":\"Poziv da zajedmo uradimo sve \u0161to moo\u017eemo da Centar &#8220;\u017diveti uspravno&#8221; u septembru otklonio blokadu ra\u010duna\",\"datePublished\":\"2026-09-01T17:04:24+00:00\",\"dateModified\":\"2026-09-02T06:51:42+00:00\",\"mainEntityOfPage\":{\"@id\":\"https:\\\/\\\/www.czuns.org\\\/poziv-da-zajedmo-uradimo-sve-sto-moozemo-da-centar-ziveti-uspravno-u-septembru-otkloni-blokadu-racuna\\\/\"},\"wordCount\":612,\"commentCount\":0,\"publisher\":{\"@id\":\"https:\\\/\\\/www.czuns.org\\\/#organization\"},\"image\":{\"@id\":\"https:\\\/\\\/www.czuns.org\\\/poziv-da-zajedmo-uradimo-sve-sto-moozemo-da-centar-ziveti-uspravno-u-septembru-otkloni-blokadu-racuna\\\/#primaryimage\"},\"thumbnailUrl\":\"https:\\\/\\\/www.czuns.org\\\/wp-content\\\/uploads\\\/2025\\\/08\\\/6.png\",\"articleSection\":[\"News\"],\"inLanguage\":\"en-US\",\"potentialAction\":[{\"@type\":\"CommentAction\",\"name\":\"Comment\",\"target\":[\"https:\\\/\\\/www.czuns.org\\\/poziv-da-zajedmo-uradimo-sve-sto-moozemo-da-centar-ziveti-uspravno-u-septembru-otkloni-blokadu-racuna\\\/#respond\"]}]},{\"@type\":\"WebPage\",\"@id\":\"https:\\\/\\\/www.czuns.org\\\/poziv-da-zajedmo-uradimo-sve-sto-moozemo-da-centar-ziveti-uspravno-u-septembru-otkloni-blokadu-racuna\\\/\",\"url\":\"https:\\\/\\\/www.czuns.org\\\/poziv-da-zajedmo-uradimo-sve-sto-moozemo-da-centar-ziveti-uspravno-u-septembru-otkloni-blokadu-racuna\\\/\",\"name\":\"[:rs]Poziv da zajedno uradimo sve \u0161to mo\u017eemo da Centar \\\"\u017diveti uspravno\\\" u septembru otkloni blokadu ra\u010dun[:en]Poziv da zajedmo uradimo sve \u0161to moo\u017eemo da Centar \\\"\u017diveti uspravno\\\" u septembru otklonio blokadu ra\u010duna[:] - Centre LIVING UPRIGHT Novi Sad\",\"isPartOf\":{\"@id\":\"https:\\\/\\\/www.czuns.org\\\/#website\"},\"primaryImageOfPage\":{\"@id\":\"https:\\\/\\\/www.czuns.org\\\/poziv-da-zajedmo-uradimo-sve-sto-moozemo-da-centar-ziveti-uspravno-u-septembru-otkloni-blokadu-racuna\\\/#primaryimage\"},\"image\":{\"@id\":\"https:\\\/\\\/www.czuns.org\\\/poziv-da-zajedmo-uradimo-sve-sto-moozemo-da-centar-ziveti-uspravno-u-septembru-otkloni-blokadu-racuna\\\/#primaryimage\"},\"thumbnailUrl\":\"https:\\\/\\\/www.czuns.org\\\/wp-content\\\/uploads\\\/2025\\\/08\\\/6.png\",\"datePublished\":\"2026-09-01T17:04:24+00:00\",\"dateModified\":\"2026-09-02T06:51:42+00:00\",\"description\":\"\u201eCentar \u2018\u017diveti uspravno\u2019 Novi Sad pru\u017ea personalnu asistenciju, peer podr\u0161ku i promovi\u0161e samostalan \u017eivot i ljudska prava.\",\"breadcrumb\":{\"@id\":\"https:\\\/\\\/www.czuns.org\\\/poziv-da-zajedmo-uradimo-sve-sto-moozemo-da-centar-ziveti-uspravno-u-septembru-otkloni-blokadu-racuna\\\/#breadcrumb\"},\"inLanguage\":\"en-US\",\"potentialAction\":[{\"@type\":\"ReadAction\",\"target\":[\"https:\\\/\\\/www.czuns.org\\\/poziv-da-zajedmo-uradimo-sve-sto-moozemo-da-centar-ziveti-uspravno-u-septembru-otkloni-blokadu-racuna\\\/\"]}]},{\"@type\":\"ImageObject\",\"inLanguage\":\"en-US\",\"@id\":\"https:\\\/\\\/www.czuns.org\\\/poziv-da-zajedmo-uradimo-sve-sto-moozemo-da-centar-ziveti-uspravno-u-septembru-otkloni-blokadu-racuna\\\/#primaryimage\",\"url\":\"https:\\\/\\\/www.czuns.org\\\/wp-content\\\/uploads\\\/2025\\\/08\\\/6.png\",\"contentUrl\":\"https:\\\/\\\/www.czuns.org\\\/wp-content\\\/uploads\\\/2025\\\/08\\\/6.png\",\"width\":1200,\"height\":450},{\"@type\":\"BreadcrumbList\",\"@id\":\"https:\\\/\\\/www.czuns.org\\\/poziv-da-zajedmo-uradimo-sve-sto-moozemo-da-centar-ziveti-uspravno-u-septembru-otkloni-blokadu-racuna\\\/#breadcrumb\",\"itemListElement\":[{\"@type\":\"ListItem\",\"position\":1,\"name\":\"\u041f\u043e\u0447\u0435\u0442\u043d\u0430\",\"item\":\"https:\\\/\\\/www.czuns.org\\\/\"},{\"@type\":\"ListItem\",\"position\":2,\"name\":\"Poziv da zajedno uradimo sve \u0161to mo\u017eemo da Centar &#8220;\u017diveti uspravno&#8221; u septembru otkloni blokadu ra\u010dun\"}]},{\"@type\":\"WebSite\",\"@id\":\"https:\\\/\\\/www.czuns.org\\\/#website\",\"url\":\"https:\\\/\\\/www.czuns.org\\\/\",\"name\":\"Centar \u017diveti uspravno Novi Sad\",\"description\":\"[:rs]Prete\u017ena delatnost Centra je 8899 ostali vidovi socijalne za\u0161tite bez sme\u0161taja[:en] Centre&#039;s registered  predominant activity is 8899: other social services except for accommodation[:sr]\u041f\u0440\u0435\u0442\u0435\u0436\u043d\u0430 \u0434\u0435\u043b\u0430\u0442\u043d\u043e\u0441\u0442 \u0426\u0435\u043d\u0442\u0440\u0430 \u0458\u0435 \u043f\u0440\u043e\u0434\u0443\u043a\u0446\u0438\u0458\u0430 \u043c\u0435\u0434\u0438\u0458\u0441\u043a\u043e\u0433 \u0438 \u0444\u0438\u043b\u043c\u0441\u043a\u043e\u0433 \u043c\u0430\u0442\u0435\u0438\u0458\u0430\u043b\u0430 \u043e \u043f\u043e\u043b\u043e\u0436\u0430\u0458\u0443 \u043e\u0441\u043e\u0431\u0430 \u0441\u0430 \u0438\u043d\u0432\u0430\u043b\u0438\u0434\u0438\u0442\u0435\u0442\u043e\u043c \u0438 \u0433\u0440\u0430\u0452\u0430\u043d\u0441\u043a\u0438\u043c \u043f\u0440\u0430\u0432\u0438\u043c\u0430.[:]\",\"publisher\":{\"@id\":\"https:\\\/\\\/www.czuns.org\\\/#organization\"},\"potentialAction\":[{\"@type\":\"SearchAction\",\"target\":{\"@type\":\"EntryPoint\",\"urlTemplate\":\"https:\\\/\\\/www.czuns.org\\\/?s={search_term_string}\"},\"query-input\":{\"@type\":\"PropertyValueSpecification\",\"valueRequired\":true,\"valueName\":\"search_term_string\"}}],\"inLanguage\":\"en-US\"},{\"@type\":\"Organization\",\"@id\":\"https:\\\/\\\/www.czuns.org\\\/#organization\",\"name\":\"Centar \u017diveti uspravno Novi Sad\",\"url\":\"https:\\\/\\\/www.czuns.org\\\/\",\"logo\":{\"@type\":\"ImageObject\",\"inLanguage\":\"en-US\",\"@id\":\"https:\\\/\\\/www.czuns.org\\\/#\\\/schema\\\/logo\\\/image\\\/\",\"url\":\"https:\\\/\\\/www.czuns.org\\\/wp-content\\\/uploads\\\/2020\\\/07\\\/czu_logo.png\",\"contentUrl\":\"https:\\\/\\\/www.czuns.org\\\/wp-content\\\/uploads\\\/2020\\\/07\\\/czu_logo.png\",\"width\":871,\"height\":315,\"caption\":\"Centar \u017diveti uspravno Novi Sad\"},\"image\":{\"@id\":\"https:\\\/\\\/www.czuns.org\\\/#\\\/schema\\\/logo\\\/image\\\/\"},\"sameAs\":[\"https:\\\/\\\/www.facebook.com\\\/profile.php?id=100064645570972\",\"https:\\\/\\\/x.com\\\/uspravno\",\"https:\\\/\\\/www.instagram.com\\\/centar.ziveti.uspravno\\\/\"]},{\"@type\":\"Person\",\"@id\":\"https:\\\/\\\/www.czuns.org\\\/#\\\/schema\\\/person\\\/e6a524dac9abf6dbe2a6d72ba935ba16\",\"name\":\"czuns\",\"image\":{\"@type\":\"ImageObject\",\"inLanguage\":\"en-US\",\"@id\":\"https:\\\/\\\/secure.gravatar.com\\\/avatar\\\/253f19539fa3a351c7d26815ac9fea49906610392f33e3508931d1c6d3f19d6d?s=96&d=mm&r=g\",\"url\":\"https:\\\/\\\/secure.gravatar.com\\\/avatar\\\/253f19539fa3a351c7d26815ac9fea49906610392f33e3508931d1c6d3f19d6d?s=96&d=mm&r=g\",\"contentUrl\":\"https:\\\/\\\/secure.gravatar.com\\\/avatar\\\/253f19539fa3a351c7d26815ac9fea49906610392f33e3508931d1c6d3f19d6d?s=96&d=mm&r=g\",\"caption\":\"czuns\"},\"url\":\"https:\\\/\\\/www.czuns.org\\\/en\\\/author\\\/czuns\\\/\"}]}<\/script>\n","yoast_head_json":{"title":"[:rs]Poziv da zajedno uradimo sve \u0161to mo\u017eemo da Centar \"\u017diveti uspravno\" u septembru otkloni blokadu ra\u010dun[:en]Poziv da zajedmo uradimo sve \u0161to moo\u017eemo da Centar \"\u017diveti uspravno\" u septembru otklonio blokadu ra\u010duna[:] - Centre LIVING UPRIGHT Novi Sad","description":"\u201eCentar \u2018\u017diveti uspravno\u2019 Novi Sad pru\u017ea personalnu asistenciju, peer podr\u0161ku i promovi\u0161e samostalan \u017eivot i ljudska prava.","robots":{"index":"index","follow":"follow","max-snippet":"max-snippet:-1","max-image-preview":"max-image-preview:large","max-video-preview":"max-video-preview:-1"},"canonical":"https:\/\/www.czuns.org\/poziv-da-zajedmo-uradimo-sve-sto-moozemo-da-centar-ziveti-uspravno-u-septembru-otkloni-blokadu-racuna\/","og_locale":"en_US","og_type":"article","og_title":"[:rs]Poziv da zajedno uradimo sve \u0161to mo\u017eemo da Centar \"\u017diveti uspravno\" u septembru otkloni blokadu ra\u010dun[:en]Poziv da zajedmo uradimo sve \u0161to moo\u017eemo da Centar \"\u017diveti uspravno\" u septembru otklonio blokadu ra\u010duna[:] - Centre LIVING UPRIGHT Novi Sad","og_description":"\u201eCentar \u2018\u017diveti uspravno\u2019 Novi Sad pru\u017ea personalnu asistenciju, peer podr\u0161ku i promovi\u0161e samostalan \u017eivot i ljudska prava.","og_url":"https:\/\/www.czuns.org\/poziv-da-zajedmo-uradimo-sve-sto-moozemo-da-centar-ziveti-uspravno-u-septembru-otkloni-blokadu-racuna\/","og_site_name":"Centre LIVING UPRIGHT Novi Sad","article_publisher":"https:\/\/www.facebook.com\/profile.php?id=100064645570972","article_published_time":"2026-09-01T17:04:24+00:00","article_modified_time":"2026-09-02T06:51:42+00:00","og_image":[{"width":1200,"height":450,"url":"https:\/\/www.czuns.org\/wp-content\/uploads\/2025\/08\/6.png","type":"image\/png"}],"author":"czuns","twitter_card":"summary_large_image","twitter_creator":"@uspravno","twitter_site":"@uspravno","twitter_misc":{"Written by":"czuns","Est. reading time":"4 minutes"},"schema":{"@context":"https:\/\/schema.org","@graph":[{"@type":"Article","@id":"https:\/\/www.czuns.org\/poziv-da-zajedmo-uradimo-sve-sto-moozemo-da-centar-ziveti-uspravno-u-septembru-otkloni-blokadu-racuna\/#article","isPartOf":{"@id":"https:\/\/www.czuns.org\/poziv-da-zajedmo-uradimo-sve-sto-moozemo-da-centar-ziveti-uspravno-u-septembru-otkloni-blokadu-racuna\/"},"author":{"name":"czuns","@id":"https:\/\/www.czuns.org\/#\/schema\/person\/e6a524dac9abf6dbe2a6d72ba935ba16"},"headline":"Poziv da zajedmo uradimo sve \u0161to moo\u017eemo da Centar &#8220;\u017diveti uspravno&#8221; u septembru otklonio blokadu ra\u010duna","datePublished":"2026-09-01T17:04:24+00:00","dateModified":"2026-09-02T06:51:42+00:00","mainEntityOfPage":{"@id":"https:\/\/www.czuns.org\/poziv-da-zajedmo-uradimo-sve-sto-moozemo-da-centar-ziveti-uspravno-u-septembru-otkloni-blokadu-racuna\/"},"wordCount":612,"commentCount":0,"publisher":{"@id":"https:\/\/www.czuns.org\/#organization"},"image":{"@id":"https:\/\/www.czuns.org\/poziv-da-zajedmo-uradimo-sve-sto-moozemo-da-centar-ziveti-uspravno-u-septembru-otkloni-blokadu-racuna\/#primaryimage"},"thumbnailUrl":"https:\/\/www.czuns.org\/wp-content\/uploads\/2025\/08\/6.png","articleSection":["News"],"inLanguage":"en-US","potentialAction":[{"@type":"CommentAction","name":"Comment","target":["https:\/\/www.czuns.org\/poziv-da-zajedmo-uradimo-sve-sto-moozemo-da-centar-ziveti-uspravno-u-septembru-otkloni-blokadu-racuna\/#respond"]}]},{"@type":"WebPage","@id":"https:\/\/www.czuns.org\/poziv-da-zajedmo-uradimo-sve-sto-moozemo-da-centar-ziveti-uspravno-u-septembru-otkloni-blokadu-racuna\/","url":"https:\/\/www.czuns.org\/poziv-da-zajedmo-uradimo-sve-sto-moozemo-da-centar-ziveti-uspravno-u-septembru-otkloni-blokadu-racuna\/","name":"[:rs]Poziv da zajedno uradimo sve \u0161to mo\u017eemo da Centar \"\u017diveti uspravno\" u septembru otkloni blokadu ra\u010dun[:en]Poziv da zajedmo uradimo sve \u0161to moo\u017eemo da Centar \"\u017diveti uspravno\" u septembru otklonio blokadu ra\u010duna[:] - Centre LIVING UPRIGHT Novi Sad","isPartOf":{"@id":"https:\/\/www.czuns.org\/#website"},"primaryImageOfPage":{"@id":"https:\/\/www.czuns.org\/poziv-da-zajedmo-uradimo-sve-sto-moozemo-da-centar-ziveti-uspravno-u-septembru-otkloni-blokadu-racuna\/#primaryimage"},"image":{"@id":"https:\/\/www.czuns.org\/poziv-da-zajedmo-uradimo-sve-sto-moozemo-da-centar-ziveti-uspravno-u-septembru-otkloni-blokadu-racuna\/#primaryimage"},"thumbnailUrl":"https:\/\/www.czuns.org\/wp-content\/uploads\/2025\/08\/6.png","datePublished":"2026-09-01T17:04:24+00:00","dateModified":"2026-09-02T06:51:42+00:00","description":"\u201eCentar \u2018\u017diveti uspravno\u2019 Novi Sad pru\u017ea personalnu asistenciju, peer podr\u0161ku i promovi\u0161e samostalan \u017eivot i ljudska prava.","breadcrumb":{"@id":"https:\/\/www.czuns.org\/poziv-da-zajedmo-uradimo-sve-sto-moozemo-da-centar-ziveti-uspravno-u-septembru-otkloni-blokadu-racuna\/#breadcrumb"},"inLanguage":"en-US","potentialAction":[{"@type":"ReadAction","target":["https:\/\/www.czuns.org\/poziv-da-zajedmo-uradimo-sve-sto-moozemo-da-centar-ziveti-uspravno-u-septembru-otkloni-blokadu-racuna\/"]}]},{"@type":"ImageObject","inLanguage":"en-US","@id":"https:\/\/www.czuns.org\/poziv-da-zajedmo-uradimo-sve-sto-moozemo-da-centar-ziveti-uspravno-u-septembru-otkloni-blokadu-racuna\/#primaryimage","url":"https:\/\/www.czuns.org\/wp-content\/uploads\/2025\/08\/6.png","contentUrl":"https:\/\/www.czuns.org\/wp-content\/uploads\/2025\/08\/6.png","width":1200,"height":450},{"@type":"BreadcrumbList","@id":"https:\/\/www.czuns.org\/poziv-da-zajedmo-uradimo-sve-sto-moozemo-da-centar-ziveti-uspravno-u-septembru-otkloni-blokadu-racuna\/#breadcrumb","itemListElement":[{"@type":"ListItem","position":1,"name":"\u041f\u043e\u0447\u0435\u0442\u043d\u0430","item":"https:\/\/www.czuns.org\/"},{"@type":"ListItem","position":2,"name":"Poziv da zajedno uradimo sve \u0161to mo\u017eemo da Centar &#8220;\u017diveti uspravno&#8221; u septembru otkloni blokadu ra\u010dun"}]},{"@type":"WebSite","@id":"https:\/\/www.czuns.org\/#website","url":"https:\/\/www.czuns.org\/","name":"Centar \u017diveti uspravno Novi Sad","description":"[:rs]Prete\u017ena delatnost Centra je 8899 ostali vidovi socijalne za\u0161tite bez sme\u0161taja[:en] Centre&#039;s registered predominant activity is 8899: other social services except for accommodation[:sr]\u041f\u0440\u0435\u0442\u0435\u0436\u043d\u0430 \u0434\u0435\u043b\u0430\u0442\u043d\u043e\u0441\u0442 \u0426\u0435\u043d\u0442\u0440\u0430 \u0458\u0435 \u043f\u0440\u043e\u0434\u0443\u043a\u0446\u0438\u0458\u0430 \u043c\u0435\u0434\u0438\u0458\u0441\u043a\u043e\u0433 \u0438 \u0444\u0438\u043b\u043c\u0441\u043a\u043e\u0433 \u043c\u0430\u0442\u0435\u0438\u0458\u0430\u043b\u0430 \u043e \u043f\u043e\u043b\u043e\u0436\u0430\u0458\u0443 \u043e\u0441\u043e\u0431\u0430 \u0441\u0430 \u0438\u043d\u0432\u0430\u043b\u0438\u0434\u0438\u0442\u0435\u0442\u043e\u043c \u0438 \u0433\u0440\u0430\u0452\u0430\u043d\u0441\u043a\u0438\u043c \u043f\u0440\u0430\u0432\u0438\u043c\u0430.[:]","publisher":{"@id":"https:\/\/www.czuns.org\/#organization"},"potentialAction":[{"@type":"SearchAction","target":{"@type":"EntryPoint","urlTemplate":"https:\/\/www.czuns.org\/?s={search_term_string}"},"query-input":{"@type":"PropertyValueSpecification","valueRequired":true,"valueName":"search_term_string"}}],"inLanguage":"en-US"},{"@type":"Organization","@id":"https:\/\/www.czuns.org\/#organization","name":"Centar \u017diveti uspravno Novi Sad","url":"https:\/\/www.czuns.org\/","logo":{"@type":"ImageObject","inLanguage":"en-US","@id":"https:\/\/www.czuns.org\/#\/schema\/logo\/image\/","url":"https:\/\/www.czuns.org\/wp-content\/uploads\/2020\/07\/czu_logo.png","contentUrl":"https:\/\/www.czuns.org\/wp-content\/uploads\/2020\/07\/czu_logo.png","width":871,"height":315,"caption":"Centar \u017diveti uspravno Novi Sad"},"image":{"@id":"https:\/\/www.czuns.org\/#\/schema\/logo\/image\/"},"sameAs":["https:\/\/www.facebook.com\/profile.php?id=100064645570972","https:\/\/x.com\/uspravno","https:\/\/www.instagram.com\/centar.ziveti.uspravno\/"]},{"@type":"Person","@id":"https:\/\/www.czuns.org\/#\/schema\/person\/e6a524dac9abf6dbe2a6d72ba935ba16","name":"czuns","image":{"@type":"ImageObject","inLanguage":"en-US","@id":"https:\/\/secure.gravatar.com\/avatar\/253f19539fa3a351c7d26815ac9fea49906610392f33e3508931d1c6d3f19d6d?s=96&d=mm&r=g","url":"https:\/\/secure.gravatar.com\/avatar\/253f19539fa3a351c7d26815ac9fea49906610392f33e3508931d1c6d3f19d6d?s=96&d=mm&r=g","contentUrl":"https:\/\/secure.gravatar.com\/avatar\/253f19539fa3a351c7d26815ac9fea49906610392f33e3508931d1c6d3f19d6d?s=96&d=mm&r=g","caption":"czuns"},"url":"https:\/\/www.czuns.org\/en\/author\/czuns\/"}]}},"_links":{"self":[{"href":"https:\/\/www.czuns.org\/en\/wp-json\/wp\/v2\/posts\/13283","targetHints":{"allow":["GET"]}}],"collection":[{"href":"https:\/\/www.czuns.org\/en\/wp-json\/wp\/v2\/posts"}],"about":[{"href":"https:\/\/www.czuns.org\/en\/wp-json\/wp\/v2\/types\/post"}],"author":[{"embeddable":true,"href":"https:\/\/www.czuns.org\/en\/wp-json\/wp\/v2\/users\/3"}],"replies":[{"embeddable":true,"href":"https:\/\/www.czuns.org\/en\/wp-json\/wp\/v2\/comments?post=13283"}],"version-history":[{"count":6,"href":"https:\/\/www.czuns.org\/en\/wp-json\/wp\/v2\/posts\/13283\/revisions"}],"predecessor-version":[{"id":13290,"href":"https:\/\/www.czuns.org\/en\/wp-json\/wp\/v2\/posts\/13283\/revisions\/13290"}],"wp:featuredmedia":[{"embeddable":true,"href":"https:\/\/www.czuns.org\/en\/wp-json\/wp\/v2\/media\/9242"}],"wp:attachment":[{"href":"https:\/\/www.czuns.org\/en\/wp-json\/wp\/v2\/media?parent=13283"}],"wp:term":[{"taxonomy":"category","embeddable":true,"href":"https:\/\/www.czuns.org\/en\/wp-json\/wp\/v2\/categories?post=13283"},{"taxonomy":"post_tag","embeddable":true,"href":"https:\/\/www.czuns.org\/en\/wp-json\/wp\/v2\/tags?post=13283"}],"curies":[{"name":"wp","href":"https:\/\/api.w.org\/{rel}","templated":true}]}}