{"id":1565,"date":"2016-12-24T14:27:41","date_gmt":"2016-12-24T13:27:41","guid":{"rendered":"http:\/\/www.czuns.org\/?p=1565"},"modified":"2021-11-25T18:10:33","modified_gmt":"2021-11-25T17:10:33","slug":"up%d0%bez%d0%ber%d0%b5nj%d0%b5-p%d0%bev%d0%bed%d0%bem-n%d0%b0%d1%98%d0%b0v%d0%b5-%d0%besniv%d0%b0nj%d0%b0-drz%d0%b0vn%d0%beg-s%d0%b0v%d0%b5t%d0%b0-z%d0%b0-b%d0%berbu-z%d0%b0-sm%d0%b0nj%d0%b5nj%d0%b5","status":"publish","type":"post","link":"https:\/\/www.czuns.org\/en\/up%d0%bez%d0%ber%d0%b5nj%d0%b5-p%d0%bev%d0%bed%d0%bem-n%d0%b0%d1%98%d0%b0v%d0%b5-%d0%besniv%d0%b0nj%d0%b0-drz%d0%b0vn%d0%beg-s%d0%b0v%d0%b5t%d0%b0-z%d0%b0-b%d0%berbu-z%d0%b0-sm%d0%b0nj%d0%b5nj%d0%b5\/","title":{"rendered":"Warning regarding the announcement of the establishment of the National Council for the fight to reduce abortions"},"content":{"rendered":"<p>We need social and economic conditions for parenthood, sex education in schools, support for parenthood and family planning, odgovaaraju\u0107i conditions, life and health, safe abortion, imposing abortion as a solution in the case of prenatal detection of permanent damage in detetaa and not Council for the fight against abortion.<\/p>\n<p>We believe that the institutions now have the important job of creating formal mechanisms for fogging system operation, shifting responsibility to specific people and pointing fingers at them. Refer to the following links:<\/p>\n<ul>\n<li><a href=\"http:\/\/ravnopravnost.gov.rs\/rs\/up%D0%BEz%D0%BEr%D0%B5nj%D0%B5-p%D0%BEv%D0%BEd%D0%BEm-n%D0%B0%D1%98%D0%B0v%D0%B5-%D0%BEsniv%D0%B0nj%D0%B0-drz%D0%B0vn%D0%BEg-s%D0%B0v%D0%B5t%D0%B0\/\">http:\/\/ravnopravnost.gov.rs\/rs\/up%D0%BEz%D0%BEr%D0%B5nj%D0%B5-p%D0%BEv%D0%BEd%D0%BEm-n%D0%B0%D1%98%D0%B0v%D0%B5-%D0%BEsniv%D0%B0nj%D0%B0-drz%D0%B0vn%D0%BEg-s%D0%B0v%D0%B5t%D0%B0\/ \u00a0<\/a><\/li>\n<\/ul>\n<ul>\n<li><a href=\"http:\/\/lsv.rs\/vesti\/seksualno-obrazovanje-u-skole-a-ne-zabrana-abortusa-14806\/\">http:\/\/lsv.rs\/vesti\/seksualno-obrazovanj ole-a-ne-zabrana-abortusa-14806\/<\/a><\/li>\n<li><a href=\"http:\/\/linkis.com\/rs.n1info.com\/a21665\/tBm6i\">http:\/\/linkis.com\/rs.n1info.com\/a21665\/tBm6i\u00a0<\/a><\/li>\n<\/ul>\n<p>&nbsp;<\/p>","protected":false},"excerpt":{"rendered":"<p>We need social and economic conditions for parenthood, sex education in schools, support for parenthood and family planning, odgovaaraju\u0107i conditions, life and health, safe abortion, imposing abortion as a solution in the case of prenatal detection of permanent damage in detetaa and not Council for the fight against abortion. We&#8230; <a class=\"continue-reading-link\" href=\"https:\/\/www.czuns.org\/en\/up%d0%bez%d0%ber%d0%b5nj%d0%b5-p%d0%bev%d0%bed%d0%bem-n%d0%b0%d1%98%d0%b0v%d0%b5-%d0%besniv%d0%b0nj%d0%b0-drz%d0%b0vn%d0%beg-s%d0%b0v%d0%b5t%d0%b0-z%d0%b0-b%d0%berbu-z%d0%b0-sm%d0%b0nj%d0%b5nj%d0%b5\/\">Ceo \u010dlanak<\/a><\/p>\n","protected":false},"author":3,"featured_media":0,"comment_status":"closed","ping_status":"open","sticky":false,"template":"","format":"standard","meta":{"_eb_attr":"","_crdt_document":"","footnotes":"","_links_to":"","_links_to_target":""},"categories":[2],"tags":[],"class_list":["post-1565","post","type-post","status-publish","format-standard","hentry","category-novosti"],"yoast_head":"\n<title>Warning regarding the announcement of the establishment of the National Council for the fight to reduce abortions - Centre LIVING UPRIGHT Novi Sad<\/title>\n<meta name=\"description\" content=\"\u201eCentar \u2018\u017diveti uspravno\u2019 Novi Sad pru\u017ea personalnu asistenciju, peer podr\u0161ku i promovi\u0161e samostalan \u017eivot i ljudska prava.\" \/>\n<meta name=\"robots\" content=\"index, follow, max-snippet:-1, max-image-preview:large, max-video-preview:-1\" \/>\n<link rel=\"canonical\" href=\"https:\/\/www.czuns.org\/up\u043ez\u043er\u0435nj\u0435-p\u043ev\u043ed\u043em-n\u0430\u0458\u0430v\u0435-\u043esniv\u0430nj\u0430-drz\u0430vn\u043eg-s\u0430v\u0435t\u0430-z\u0430-b\u043erbu-z\u0430-sm\u0430nj\u0435nj\u0435\/\" \/>\n<meta property=\"og:locale\" content=\"en_US\" \/>\n<meta property=\"og:type\" content=\"article\" \/>\n<meta property=\"og:title\" content=\"[:rs]Up\u043ez\u043er\u0435nj\u0435 p\u043ev\u043ed\u043em n\u0430\u0458\u0430v\u0435 \u043esniv\u0430nj\u0430 Dr\u017e\u0430vn\u043eg s\u0430v\u0435t\u0430 z\u0430 b\u043erbu z\u0430 sm\u0430nj\u0435nj\u0435 \u0430b\u043ertus\u0430[:sr]\u0423\u043f\u043e\u0437\u043e\u0440\u0435\u045a\u0435 \u043f\u043e\u0432\u043e\u0434\u043e\u043c \u043d\u0430\u0458\u0430\u0432\u0435 \u043e\u0441\u043d\u0438\u0432\u0430\u045a\u0430 \u0414\u0440\u0436\u0430\u0432\u043d\u043e\u0433 \u0441\u0430\u0432\u0435\u0442\u0430 \u0437\u0430 \u0431\u043e\u0440\u0431\u0443 \u0437\u0430 \u0441\u043c\u0430\u045a\u0435\u045a\u0435 \u0430\u0431\u043e\u0440\u0442\u0443\u0441\u0430[:en] Warning regarding the announcement of the establishment of the National Council for the fight to reduce abortions[:] - Centre LIVING UPRIGHT Novi Sad\" \/>\n<meta property=\"og:description\" content=\"\u201eCentar \u2018\u017diveti uspravno\u2019 Novi Sad pru\u017ea personalnu asistenciju, peer podr\u0161ku i promovi\u0161e samostalan \u017eivot i ljudska prava.\" \/>\n<meta property=\"og:url\" content=\"https:\/\/www.czuns.org\/up\u043ez\u043er\u0435nj\u0435-p\u043ev\u043ed\u043em-n\u0430\u0458\u0430v\u0435-\u043esniv\u0430nj\u0430-drz\u0430vn\u043eg-s\u0430v\u0435t\u0430-z\u0430-b\u043erbu-z\u0430-sm\u0430nj\u0435nj\u0435\/\" \/>\n<meta property=\"og:site_name\" content=\"Centre LIVING UPRIGHT Novi Sad\" \/>\n<meta property=\"article:publisher\" content=\"https:\/\/www.facebook.com\/profile.php?id=100064645570972\" \/>\n<meta property=\"article:published_time\" content=\"2016-12-24T13:27:41+00:00\" \/>\n<meta property=\"article:modified_time\" content=\"2021-11-25T17:10:33+00:00\" \/>\n<meta property=\"og:image\" content=\"https:\/\/www.czuns.org\/wp-content\/uploads\/2020\/02\/logo-jpg-1.jpg\" \/>\n\t<meta property=\"og:image:width\" content=\"249\" \/>\n\t<meta property=\"og:image:height\" content=\"90\" \/>\n\t<meta property=\"og:image:type\" content=\"image\/jpeg\" \/>\n<meta name=\"author\" content=\"czuns\" \/>\n<meta name=\"twitter:card\" content=\"summary_large_image\" \/>\n<meta name=\"twitter:creator\" content=\"@uspravno\" \/>\n<meta name=\"twitter:site\" content=\"@uspravno\" \/>\n<meta name=\"twitter:label1\" content=\"Written by\" \/>\n\t<meta name=\"twitter:data1\" content=\"czuns\" \/>\n\t<meta name=\"twitter:label2\" content=\"Est. reading time\" \/>\n\t<meta name=\"twitter:data2\" content=\"2 minutes\" \/>\n<script type=\"application\/ld+json\" class=\"yoast-schema-graph\">{\"@context\":\"https:\\\/\\\/schema.org\",\"@graph\":[{\"@type\":\"Article\",\"@id\":\"https:\\\/\\\/www.czuns.org\\\/up%d0%bez%d0%ber%d0%b5nj%d0%b5-p%d0%bev%d0%bed%d0%bem-n%d0%b0%d1%98%d0%b0v%d0%b5-%d0%besniv%d0%b0nj%d0%b0-drz%d0%b0vn%d0%beg-s%d0%b0v%d0%b5t%d0%b0-z%d0%b0-b%d0%berbu-z%d0%b0-sm%d0%b0nj%d0%b5nj%d0%b5\\\/#article\",\"isPartOf\":{\"@id\":\"https:\\\/\\\/www.czuns.org\\\/up%d0%bez%d0%ber%d0%b5nj%d0%b5-p%d0%bev%d0%bed%d0%bem-n%d0%b0%d1%98%d0%b0v%d0%b5-%d0%besniv%d0%b0nj%d0%b0-drz%d0%b0vn%d0%beg-s%d0%b0v%d0%b5t%d0%b0-z%d0%b0-b%d0%berbu-z%d0%b0-sm%d0%b0nj%d0%b5nj%d0%b5\\\/\"},\"author\":{\"name\":\"czuns\",\"@id\":\"https:\\\/\\\/www.czuns.org\\\/#\\\/schema\\\/person\\\/e6a524dac9abf6dbe2a6d72ba935ba16\"},\"headline\":\"Warning regarding the announcement of the establishment of the National Council for the fight to reduce abortions\",\"datePublished\":\"2016-12-24T13:27:41+00:00\",\"dateModified\":\"2021-11-25T17:10:33+00:00\",\"mainEntityOfPage\":{\"@id\":\"https:\\\/\\\/www.czuns.org\\\/up%d0%bez%d0%ber%d0%b5nj%d0%b5-p%d0%bev%d0%bed%d0%bem-n%d0%b0%d1%98%d0%b0v%d0%b5-%d0%besniv%d0%b0nj%d0%b0-drz%d0%b0vn%d0%beg-s%d0%b0v%d0%b5t%d0%b0-z%d0%b0-b%d0%berbu-z%d0%b0-sm%d0%b0nj%d0%b5nj%d0%b5\\\/\"},\"wordCount\":499,\"publisher\":{\"@id\":\"https:\\\/\\\/www.czuns.org\\\/#organization\"},\"articleSection\":[\"News\"],\"inLanguage\":\"en-US\"},{\"@type\":\"WebPage\",\"@id\":\"https:\\\/\\\/www.czuns.org\\\/up%d0%bez%d0%ber%d0%b5nj%d0%b5-p%d0%bev%d0%bed%d0%bem-n%d0%b0%d1%98%d0%b0v%d0%b5-%d0%besniv%d0%b0nj%d0%b0-drz%d0%b0vn%d0%beg-s%d0%b0v%d0%b5t%d0%b0-z%d0%b0-b%d0%berbu-z%d0%b0-sm%d0%b0nj%d0%b5nj%d0%b5\\\/\",\"url\":\"https:\\\/\\\/www.czuns.org\\\/up%d0%bez%d0%ber%d0%b5nj%d0%b5-p%d0%bev%d0%bed%d0%bem-n%d0%b0%d1%98%d0%b0v%d0%b5-%d0%besniv%d0%b0nj%d0%b0-drz%d0%b0vn%d0%beg-s%d0%b0v%d0%b5t%d0%b0-z%d0%b0-b%d0%berbu-z%d0%b0-sm%d0%b0nj%d0%b5nj%d0%b5\\\/\",\"name\":\"[:rs]Up\u043ez\u043er\u0435nj\u0435 p\u043ev\u043ed\u043em n\u0430\u0458\u0430v\u0435 \u043esniv\u0430nj\u0430 Dr\u017e\u0430vn\u043eg s\u0430v\u0435t\u0430 z\u0430 b\u043erbu z\u0430 sm\u0430nj\u0435nj\u0435 \u0430b\u043ertus\u0430[:sr]\u0423\u043f\u043e\u0437\u043e\u0440\u0435\u045a\u0435 \u043f\u043e\u0432\u043e\u0434\u043e\u043c \u043d\u0430\u0458\u0430\u0432\u0435 \u043e\u0441\u043d\u0438\u0432\u0430\u045a\u0430 \u0414\u0440\u0436\u0430\u0432\u043d\u043e\u0433 \u0441\u0430\u0432\u0435\u0442\u0430 \u0437\u0430 \u0431\u043e\u0440\u0431\u0443 \u0437\u0430 \u0441\u043c\u0430\u045a\u0435\u045a\u0435 \u0430\u0431\u043e\u0440\u0442\u0443\u0441\u0430[:en] Warning regarding the announcement of the establishment of the National Council for the fight to reduce abortions[:] - Centre LIVING UPRIGHT Novi Sad\",\"isPartOf\":{\"@id\":\"https:\\\/\\\/www.czuns.org\\\/#website\"},\"datePublished\":\"2016-12-24T13:27:41+00:00\",\"dateModified\":\"2021-11-25T17:10:33+00:00\",\"description\":\"\u201eCentar \u2018\u017diveti uspravno\u2019 Novi Sad pru\u017ea personalnu asistenciju, peer podr\u0161ku i promovi\u0161e samostalan \u017eivot i ljudska prava.\",\"breadcrumb\":{\"@id\":\"https:\\\/\\\/www.czuns.org\\\/up%d0%bez%d0%ber%d0%b5nj%d0%b5-p%d0%bev%d0%bed%d0%bem-n%d0%b0%d1%98%d0%b0v%d0%b5-%d0%besniv%d0%b0nj%d0%b0-drz%d0%b0vn%d0%beg-s%d0%b0v%d0%b5t%d0%b0-z%d0%b0-b%d0%berbu-z%d0%b0-sm%d0%b0nj%d0%b5nj%d0%b5\\\/#breadcrumb\"},\"inLanguage\":\"en-US\",\"potentialAction\":[{\"@type\":\"ReadAction\",\"target\":[\"https:\\\/\\\/www.czuns.org\\\/up%d0%bez%d0%ber%d0%b5nj%d0%b5-p%d0%bev%d0%bed%d0%bem-n%d0%b0%d1%98%d0%b0v%d0%b5-%d0%besniv%d0%b0nj%d0%b0-drz%d0%b0vn%d0%beg-s%d0%b0v%d0%b5t%d0%b0-z%d0%b0-b%d0%berbu-z%d0%b0-sm%d0%b0nj%d0%b5nj%d0%b5\\\/\"]}]},{\"@type\":\"BreadcrumbList\",\"@id\":\"https:\\\/\\\/www.czuns.org\\\/up%d0%bez%d0%ber%d0%b5nj%d0%b5-p%d0%bev%d0%bed%d0%bem-n%d0%b0%d1%98%d0%b0v%d0%b5-%d0%besniv%d0%b0nj%d0%b0-drz%d0%b0vn%d0%beg-s%d0%b0v%d0%b5t%d0%b0-z%d0%b0-b%d0%berbu-z%d0%b0-sm%d0%b0nj%d0%b5nj%d0%b5\\\/#breadcrumb\",\"itemListElement\":[{\"@type\":\"ListItem\",\"position\":1,\"name\":\"\u041f\u043e\u0447\u0435\u0442\u043d\u0430\",\"item\":\"https:\\\/\\\/www.czuns.org\\\/\"},{\"@type\":\"ListItem\",\"position\":2,\"name\":\"Up\u043ez\u043er\u0435nj\u0435 p\u043ev\u043ed\u043em n\u0430\u0458\u0430v\u0435 \u043esniv\u0430nj\u0430 Dr\u017e\u0430vn\u043eg s\u0430v\u0435t\u0430 z\u0430 b\u043erbu z\u0430 sm\u0430nj\u0435nj\u0435 \u0430b\u043ertus\u0430\"}]},{\"@type\":\"WebSite\",\"@id\":\"https:\\\/\\\/www.czuns.org\\\/#website\",\"url\":\"https:\\\/\\\/www.czuns.org\\\/\",\"name\":\"Centar \u017diveti uspravno Novi Sad\",\"description\":\"[:rs]Prete\u017ena delatnost Centra je 8899 ostali vidovi socijalne za\u0161tite bez sme\u0161taja[:en] Centre&#039;s registered  predominant activity is 8899: other social services except for accommodation[:sr]\u041f\u0440\u0435\u0442\u0435\u0436\u043d\u0430 \u0434\u0435\u043b\u0430\u0442\u043d\u043e\u0441\u0442 \u0426\u0435\u043d\u0442\u0440\u0430 \u0458\u0435 \u043f\u0440\u043e\u0434\u0443\u043a\u0446\u0438\u0458\u0430 \u043c\u0435\u0434\u0438\u0458\u0441\u043a\u043e\u0433 \u0438 \u0444\u0438\u043b\u043c\u0441\u043a\u043e\u0433 \u043c\u0430\u0442\u0435\u0438\u0458\u0430\u043b\u0430 \u043e \u043f\u043e\u043b\u043e\u0436\u0430\u0458\u0443 \u043e\u0441\u043e\u0431\u0430 \u0441\u0430 \u0438\u043d\u0432\u0430\u043b\u0438\u0434\u0438\u0442\u0435\u0442\u043e\u043c \u0438 \u0433\u0440\u0430\u0452\u0430\u043d\u0441\u043a\u0438\u043c \u043f\u0440\u0430\u0432\u0438\u043c\u0430.[:]\",\"publisher\":{\"@id\":\"https:\\\/\\\/www.czuns.org\\\/#organization\"},\"potentialAction\":[{\"@type\":\"SearchAction\",\"target\":{\"@type\":\"EntryPoint\",\"urlTemplate\":\"https:\\\/\\\/www.czuns.org\\\/?s={search_term_string}\"},\"query-input\":{\"@type\":\"PropertyValueSpecification\",\"valueRequired\":true,\"valueName\":\"search_term_string\"}}],\"inLanguage\":\"en-US\"},{\"@type\":\"Organization\",\"@id\":\"https:\\\/\\\/www.czuns.org\\\/#organization\",\"name\":\"Centar \u017diveti uspravno Novi Sad\",\"url\":\"https:\\\/\\\/www.czuns.org\\\/\",\"logo\":{\"@type\":\"ImageObject\",\"inLanguage\":\"en-US\",\"@id\":\"https:\\\/\\\/www.czuns.org\\\/#\\\/schema\\\/logo\\\/image\\\/\",\"url\":\"https:\\\/\\\/www.czuns.org\\\/wp-content\\\/uploads\\\/2020\\\/07\\\/czu_logo.png\",\"contentUrl\":\"https:\\\/\\\/www.czuns.org\\\/wp-content\\\/uploads\\\/2020\\\/07\\\/czu_logo.png\",\"width\":871,\"height\":315,\"caption\":\"Centar \u017diveti uspravno Novi Sad\"},\"image\":{\"@id\":\"https:\\\/\\\/www.czuns.org\\\/#\\\/schema\\\/logo\\\/image\\\/\"},\"sameAs\":[\"https:\\\/\\\/www.facebook.com\\\/profile.php?id=100064645570972\",\"https:\\\/\\\/x.com\\\/uspravno\",\"https:\\\/\\\/www.instagram.com\\\/centar.ziveti.uspravno\\\/\"]},{\"@type\":\"Person\",\"@id\":\"https:\\\/\\\/www.czuns.org\\\/#\\\/schema\\\/person\\\/e6a524dac9abf6dbe2a6d72ba935ba16\",\"name\":\"czuns\",\"image\":{\"@type\":\"ImageObject\",\"inLanguage\":\"en-US\",\"@id\":\"https:\\\/\\\/secure.gravatar.com\\\/avatar\\\/253f19539fa3a351c7d26815ac9fea49906610392f33e3508931d1c6d3f19d6d?s=96&d=mm&r=g\",\"url\":\"https:\\\/\\\/secure.gravatar.com\\\/avatar\\\/253f19539fa3a351c7d26815ac9fea49906610392f33e3508931d1c6d3f19d6d?s=96&d=mm&r=g\",\"contentUrl\":\"https:\\\/\\\/secure.gravatar.com\\\/avatar\\\/253f19539fa3a351c7d26815ac9fea49906610392f33e3508931d1c6d3f19d6d?s=96&d=mm&r=g\",\"caption\":\"czuns\"},\"url\":\"https:\\\/\\\/www.czuns.org\\\/en\\\/author\\\/czuns\\\/\"}]}<\/script>\n","yoast_head_json":{"title":"[:rs]Up\u043ez\u043er\u0435nj\u0435 p\u043ev\u043ed\u043em n\u0430\u0458\u0430v\u0435 \u043esniv\u0430nj\u0430 Dr\u017e\u0430vn\u043eg s\u0430v\u0435t\u0430 z\u0430 b\u043erbu z\u0430 sm\u0430nj\u0435nj\u0435 \u0430b\u043ertus\u0430[:sr]\u0423\u043f\u043e\u0437\u043e\u0440\u0435\u045a\u0435 \u043f\u043e\u0432\u043e\u0434\u043e\u043c \u043d\u0430\u0458\u0430\u0432\u0435 \u043e\u0441\u043d\u0438\u0432\u0430\u045a\u0430 \u0414\u0440\u0436\u0430\u0432\u043d\u043e\u0433 \u0441\u0430\u0432\u0435\u0442\u0430 \u0437\u0430 \u0431\u043e\u0440\u0431\u0443 \u0437\u0430 \u0441\u043c\u0430\u045a\u0435\u045a\u0435 \u0430\u0431\u043e\u0440\u0442\u0443\u0441\u0430[:en] Warning regarding the announcement of the establishment of the National Council for the fight to reduce abortions[:] - Centre LIVING UPRIGHT Novi Sad","description":"\u201eCentar \u2018\u017diveti uspravno\u2019 Novi Sad pru\u017ea personalnu asistenciju, peer podr\u0161ku i promovi\u0161e samostalan \u017eivot i ljudska prava.","robots":{"index":"index","follow":"follow","max-snippet":"max-snippet:-1","max-image-preview":"max-image-preview:large","max-video-preview":"max-video-preview:-1"},"canonical":"https:\/\/www.czuns.org\/up\u043ez\u043er\u0435nj\u0435-p\u043ev\u043ed\u043em-n\u0430\u0458\u0430v\u0435-\u043esniv\u0430nj\u0430-drz\u0430vn\u043eg-s\u0430v\u0435t\u0430-z\u0430-b\u043erbu-z\u0430-sm\u0430nj\u0435nj\u0435\/","og_locale":"en_US","og_type":"article","og_title":"[:rs]Up\u043ez\u043er\u0435nj\u0435 p\u043ev\u043ed\u043em n\u0430\u0458\u0430v\u0435 \u043esniv\u0430nj\u0430 Dr\u017e\u0430vn\u043eg s\u0430v\u0435t\u0430 z\u0430 b\u043erbu z\u0430 sm\u0430nj\u0435nj\u0435 \u0430b\u043ertus\u0430[:sr]\u0423\u043f\u043e\u0437\u043e\u0440\u0435\u045a\u0435 \u043f\u043e\u0432\u043e\u0434\u043e\u043c \u043d\u0430\u0458\u0430\u0432\u0435 \u043e\u0441\u043d\u0438\u0432\u0430\u045a\u0430 \u0414\u0440\u0436\u0430\u0432\u043d\u043e\u0433 \u0441\u0430\u0432\u0435\u0442\u0430 \u0437\u0430 \u0431\u043e\u0440\u0431\u0443 \u0437\u0430 \u0441\u043c\u0430\u045a\u0435\u045a\u0435 \u0430\u0431\u043e\u0440\u0442\u0443\u0441\u0430[:en] Warning regarding the announcement of the establishment of the National Council for the fight to reduce abortions[:] - Centre LIVING UPRIGHT Novi Sad","og_description":"\u201eCentar \u2018\u017diveti uspravno\u2019 Novi Sad pru\u017ea personalnu asistenciju, peer podr\u0161ku i promovi\u0161e samostalan \u017eivot i ljudska prava.","og_url":"https:\/\/www.czuns.org\/up\u043ez\u043er\u0435nj\u0435-p\u043ev\u043ed\u043em-n\u0430\u0458\u0430v\u0435-\u043esniv\u0430nj\u0430-drz\u0430vn\u043eg-s\u0430v\u0435t\u0430-z\u0430-b\u043erbu-z\u0430-sm\u0430nj\u0435nj\u0435\/","og_site_name":"Centre LIVING UPRIGHT Novi Sad","article_publisher":"https:\/\/www.facebook.com\/profile.php?id=100064645570972","article_published_time":"2016-12-24T13:27:41+00:00","article_modified_time":"2021-11-25T17:10:33+00:00","og_image":[{"width":249,"height":90,"url":"https:\/\/www.czuns.org\/wp-content\/uploads\/2020\/02\/logo-jpg-1.jpg","type":"image\/jpeg"}],"author":"czuns","twitter_card":"summary_large_image","twitter_creator":"@uspravno","twitter_site":"@uspravno","twitter_misc":{"Written by":"czuns","Est. reading time":"2 minutes"},"schema":{"@context":"https:\/\/schema.org","@graph":[{"@type":"Article","@id":"https:\/\/www.czuns.org\/up%d0%bez%d0%ber%d0%b5nj%d0%b5-p%d0%bev%d0%bed%d0%bem-n%d0%b0%d1%98%d0%b0v%d0%b5-%d0%besniv%d0%b0nj%d0%b0-drz%d0%b0vn%d0%beg-s%d0%b0v%d0%b5t%d0%b0-z%d0%b0-b%d0%berbu-z%d0%b0-sm%d0%b0nj%d0%b5nj%d0%b5\/#article","isPartOf":{"@id":"https:\/\/www.czuns.org\/up%d0%bez%d0%ber%d0%b5nj%d0%b5-p%d0%bev%d0%bed%d0%bem-n%d0%b0%d1%98%d0%b0v%d0%b5-%d0%besniv%d0%b0nj%d0%b0-drz%d0%b0vn%d0%beg-s%d0%b0v%d0%b5t%d0%b0-z%d0%b0-b%d0%berbu-z%d0%b0-sm%d0%b0nj%d0%b5nj%d0%b5\/"},"author":{"name":"czuns","@id":"https:\/\/www.czuns.org\/#\/schema\/person\/e6a524dac9abf6dbe2a6d72ba935ba16"},"headline":"Warning regarding the announcement of the establishment of the National Council for the fight to reduce abortions","datePublished":"2016-12-24T13:27:41+00:00","dateModified":"2021-11-25T17:10:33+00:00","mainEntityOfPage":{"@id":"https:\/\/www.czuns.org\/up%d0%bez%d0%ber%d0%b5nj%d0%b5-p%d0%bev%d0%bed%d0%bem-n%d0%b0%d1%98%d0%b0v%d0%b5-%d0%besniv%d0%b0nj%d0%b0-drz%d0%b0vn%d0%beg-s%d0%b0v%d0%b5t%d0%b0-z%d0%b0-b%d0%berbu-z%d0%b0-sm%d0%b0nj%d0%b5nj%d0%b5\/"},"wordCount":499,"publisher":{"@id":"https:\/\/www.czuns.org\/#organization"},"articleSection":["News"],"inLanguage":"en-US"},{"@type":"WebPage","@id":"https:\/\/www.czuns.org\/up%d0%bez%d0%ber%d0%b5nj%d0%b5-p%d0%bev%d0%bed%d0%bem-n%d0%b0%d1%98%d0%b0v%d0%b5-%d0%besniv%d0%b0nj%d0%b0-drz%d0%b0vn%d0%beg-s%d0%b0v%d0%b5t%d0%b0-z%d0%b0-b%d0%berbu-z%d0%b0-sm%d0%b0nj%d0%b5nj%d0%b5\/","url":"https:\/\/www.czuns.org\/up%d0%bez%d0%ber%d0%b5nj%d0%b5-p%d0%bev%d0%bed%d0%bem-n%d0%b0%d1%98%d0%b0v%d0%b5-%d0%besniv%d0%b0nj%d0%b0-drz%d0%b0vn%d0%beg-s%d0%b0v%d0%b5t%d0%b0-z%d0%b0-b%d0%berbu-z%d0%b0-sm%d0%b0nj%d0%b5nj%d0%b5\/","name":"[:rs]Up\u043ez\u043er\u0435nj\u0435 p\u043ev\u043ed\u043em n\u0430\u0458\u0430v\u0435 \u043esniv\u0430nj\u0430 Dr\u017e\u0430vn\u043eg s\u0430v\u0435t\u0430 z\u0430 b\u043erbu z\u0430 sm\u0430nj\u0435nj\u0435 \u0430b\u043ertus\u0430[:sr]\u0423\u043f\u043e\u0437\u043e\u0440\u0435\u045a\u0435 \u043f\u043e\u0432\u043e\u0434\u043e\u043c \u043d\u0430\u0458\u0430\u0432\u0435 \u043e\u0441\u043d\u0438\u0432\u0430\u045a\u0430 \u0414\u0440\u0436\u0430\u0432\u043d\u043e\u0433 \u0441\u0430\u0432\u0435\u0442\u0430 \u0437\u0430 \u0431\u043e\u0440\u0431\u0443 \u0437\u0430 \u0441\u043c\u0430\u045a\u0435\u045a\u0435 \u0430\u0431\u043e\u0440\u0442\u0443\u0441\u0430[:en] Warning regarding the announcement of the establishment of the National Council for the fight to reduce abortions[:] - Centre LIVING UPRIGHT Novi Sad","isPartOf":{"@id":"https:\/\/www.czuns.org\/#website"},"datePublished":"2016-12-24T13:27:41+00:00","dateModified":"2021-11-25T17:10:33+00:00","description":"\u201eCentar \u2018\u017diveti uspravno\u2019 Novi Sad pru\u017ea personalnu asistenciju, peer podr\u0161ku i promovi\u0161e samostalan \u017eivot i ljudska prava.","breadcrumb":{"@id":"https:\/\/www.czuns.org\/up%d0%bez%d0%ber%d0%b5nj%d0%b5-p%d0%bev%d0%bed%d0%bem-n%d0%b0%d1%98%d0%b0v%d0%b5-%d0%besniv%d0%b0nj%d0%b0-drz%d0%b0vn%d0%beg-s%d0%b0v%d0%b5t%d0%b0-z%d0%b0-b%d0%berbu-z%d0%b0-sm%d0%b0nj%d0%b5nj%d0%b5\/#breadcrumb"},"inLanguage":"en-US","potentialAction":[{"@type":"ReadAction","target":["https:\/\/www.czuns.org\/up%d0%bez%d0%ber%d0%b5nj%d0%b5-p%d0%bev%d0%bed%d0%bem-n%d0%b0%d1%98%d0%b0v%d0%b5-%d0%besniv%d0%b0nj%d0%b0-drz%d0%b0vn%d0%beg-s%d0%b0v%d0%b5t%d0%b0-z%d0%b0-b%d0%berbu-z%d0%b0-sm%d0%b0nj%d0%b5nj%d0%b5\/"]}]},{"@type":"BreadcrumbList","@id":"https:\/\/www.czuns.org\/up%d0%bez%d0%ber%d0%b5nj%d0%b5-p%d0%bev%d0%bed%d0%bem-n%d0%b0%d1%98%d0%b0v%d0%b5-%d0%besniv%d0%b0nj%d0%b0-drz%d0%b0vn%d0%beg-s%d0%b0v%d0%b5t%d0%b0-z%d0%b0-b%d0%berbu-z%d0%b0-sm%d0%b0nj%d0%b5nj%d0%b5\/#breadcrumb","itemListElement":[{"@type":"ListItem","position":1,"name":"\u041f\u043e\u0447\u0435\u0442\u043d\u0430","item":"https:\/\/www.czuns.org\/"},{"@type":"ListItem","position":2,"name":"Up\u043ez\u043er\u0435nj\u0435 p\u043ev\u043ed\u043em n\u0430\u0458\u0430v\u0435 \u043esniv\u0430nj\u0430 Dr\u017e\u0430vn\u043eg s\u0430v\u0435t\u0430 z\u0430 b\u043erbu z\u0430 sm\u0430nj\u0435nj\u0435 \u0430b\u043ertus\u0430"}]},{"@type":"WebSite","@id":"https:\/\/www.czuns.org\/#website","url":"https:\/\/www.czuns.org\/","name":"Centar \u017diveti uspravno Novi Sad","description":"[:rs]Prete\u017ena delatnost Centra je 8899 ostali vidovi socijalne za\u0161tite bez sme\u0161taja[:en] Centre&#039;s registered predominant activity is 8899: other social services except for accommodation[:sr]\u041f\u0440\u0435\u0442\u0435\u0436\u043d\u0430 \u0434\u0435\u043b\u0430\u0442\u043d\u043e\u0441\u0442 \u0426\u0435\u043d\u0442\u0440\u0430 \u0458\u0435 \u043f\u0440\u043e\u0434\u0443\u043a\u0446\u0438\u0458\u0430 \u043c\u0435\u0434\u0438\u0458\u0441\u043a\u043e\u0433 \u0438 \u0444\u0438\u043b\u043c\u0441\u043a\u043e\u0433 \u043c\u0430\u0442\u0435\u0438\u0458\u0430\u043b\u0430 \u043e \u043f\u043e\u043b\u043e\u0436\u0430\u0458\u0443 \u043e\u0441\u043e\u0431\u0430 \u0441\u0430 \u0438\u043d\u0432\u0430\u043b\u0438\u0434\u0438\u0442\u0435\u0442\u043e\u043c \u0438 \u0433\u0440\u0430\u0452\u0430\u043d\u0441\u043a\u0438\u043c \u043f\u0440\u0430\u0432\u0438\u043c\u0430.[:]","publisher":{"@id":"https:\/\/www.czuns.org\/#organization"},"potentialAction":[{"@type":"SearchAction","target":{"@type":"EntryPoint","urlTemplate":"https:\/\/www.czuns.org\/?s={search_term_string}"},"query-input":{"@type":"PropertyValueSpecification","valueRequired":true,"valueName":"search_term_string"}}],"inLanguage":"en-US"},{"@type":"Organization","@id":"https:\/\/www.czuns.org\/#organization","name":"Centar \u017diveti uspravno Novi Sad","url":"https:\/\/www.czuns.org\/","logo":{"@type":"ImageObject","inLanguage":"en-US","@id":"https:\/\/www.czuns.org\/#\/schema\/logo\/image\/","url":"https:\/\/www.czuns.org\/wp-content\/uploads\/2020\/07\/czu_logo.png","contentUrl":"https:\/\/www.czuns.org\/wp-content\/uploads\/2020\/07\/czu_logo.png","width":871,"height":315,"caption":"Centar \u017diveti uspravno Novi Sad"},"image":{"@id":"https:\/\/www.czuns.org\/#\/schema\/logo\/image\/"},"sameAs":["https:\/\/www.facebook.com\/profile.php?id=100064645570972","https:\/\/x.com\/uspravno","https:\/\/www.instagram.com\/centar.ziveti.uspravno\/"]},{"@type":"Person","@id":"https:\/\/www.czuns.org\/#\/schema\/person\/e6a524dac9abf6dbe2a6d72ba935ba16","name":"czuns","image":{"@type":"ImageObject","inLanguage":"en-US","@id":"https:\/\/secure.gravatar.com\/avatar\/253f19539fa3a351c7d26815ac9fea49906610392f33e3508931d1c6d3f19d6d?s=96&d=mm&r=g","url":"https:\/\/secure.gravatar.com\/avatar\/253f19539fa3a351c7d26815ac9fea49906610392f33e3508931d1c6d3f19d6d?s=96&d=mm&r=g","contentUrl":"https:\/\/secure.gravatar.com\/avatar\/253f19539fa3a351c7d26815ac9fea49906610392f33e3508931d1c6d3f19d6d?s=96&d=mm&r=g","caption":"czuns"},"url":"https:\/\/www.czuns.org\/en\/author\/czuns\/"}]}},"_links":{"self":[{"href":"https:\/\/www.czuns.org\/en\/wp-json\/wp\/v2\/posts\/1565","targetHints":{"allow":["GET"]}}],"collection":[{"href":"https:\/\/www.czuns.org\/en\/wp-json\/wp\/v2\/posts"}],"about":[{"href":"https:\/\/www.czuns.org\/en\/wp-json\/wp\/v2\/types\/post"}],"author":[{"embeddable":true,"href":"https:\/\/www.czuns.org\/en\/wp-json\/wp\/v2\/users\/3"}],"replies":[{"embeddable":true,"href":"https:\/\/www.czuns.org\/en\/wp-json\/wp\/v2\/comments?post=1565"}],"version-history":[{"count":0,"href":"https:\/\/www.czuns.org\/en\/wp-json\/wp\/v2\/posts\/1565\/revisions"}],"wp:attachment":[{"href":"https:\/\/www.czuns.org\/en\/wp-json\/wp\/v2\/media?parent=1565"}],"wp:term":[{"taxonomy":"category","embeddable":true,"href":"https:\/\/www.czuns.org\/en\/wp-json\/wp\/v2\/categories?post=1565"},{"taxonomy":"post_tag","embeddable":true,"href":"https:\/\/www.czuns.org\/en\/wp-json\/wp\/v2\/tags?post=1565"}],"curies":[{"name":"wp","href":"https:\/\/api.w.org\/{rel}","templated":true}]}}