{"id":1591,"date":"2016-12-30T00:09:27","date_gmt":"2016-12-29T23:09:27","guid":{"rendered":"http:\/\/www.czuns.org\/?p=1591"},"modified":"2021-11-25T18:10:33","modified_gmt":"2021-11-25T17:10:33","slug":"enil-ov-intervju-milica-mima-ruzicic-novkovic","status":"publish","type":"post","link":"https:\/\/www.czuns.org\/en\/enil-ov-intervju-milica-mima-ruzicic-novkovic\/","title":{"rendered":"ENIL&#8217;s Interview: Milica Mima Ru\u017ei\u010di\u0107-Novkovi\u0107"},"content":{"rendered":"<p>Criteria for the preconditions of independent living as defined by Ed Roberts and improve others, ENIL this definition and other political document that we have created are important for the development of the whole society. Given the demographic changes, will soon be a much larger group of people will be needed accessibility and assistance based on the principles by which we live. Therefore, it is our duty, that is a kind of social commitment to continue to work and learn from each other and each other and what we know we do academic work and therefore a policy framework that would be present in every decision-making process and social development and, Of course, I wish you all a better and successful 2017.<\/p>\n<p>The rest of the interview, with\u00a0one of the leaders of CLU You can read by clicking <a href=\"http:\/\/enil.eu\/news\/role-model-mima-ruzicic-novkovic\/\"><strong>here.<\/strong><\/a><\/p>","protected":false},"excerpt":{"rendered":"<p>Criteria for the preconditions of independent living as defined by Ed Roberts and improve others, ENIL this definition and other political document that we have created are important for the development of the whole society. Given the demographic changes, will soon be a much larger group of people will be&#8230; <a class=\"continue-reading-link\" href=\"https:\/\/www.czuns.org\/en\/enil-ov-intervju-milica-mima-ruzicic-novkovic\/\">Ceo \u010dlanak<\/a><\/p>\n","protected":false},"author":3,"featured_media":0,"comment_status":"closed","ping_status":"open","sticky":false,"template":"","format":"standard","meta":{"_eb_attr":"","_crdt_document":"","footnotes":"","_links_to":"","_links_to_target":""},"categories":[2],"tags":[],"class_list":["post-1591","post","type-post","status-publish","format-standard","hentry","category-novosti"],"yoast_head":"\n<title>ENIL&#039;s Interview: Milica Mima Ru\u017ei\u010di\u0107-Novkovi\u0107 - Centre LIVING UPRIGHT Novi Sad<\/title>\n<meta name=\"description\" content=\"\u201eCentar \u2018\u017diveti uspravno\u2019 Novi Sad pru\u017ea personalnu asistenciju, peer podr\u0161ku i promovi\u0161e samostalan \u017eivot i ljudska prava.\" \/>\n<meta name=\"robots\" content=\"index, follow, max-snippet:-1, max-image-preview:large, max-video-preview:-1\" \/>\n<link rel=\"canonical\" href=\"https:\/\/www.czuns.org\/enil-ov-intervju-milica-mima-ruzicic-novkovic\/\" \/>\n<meta property=\"og:locale\" content=\"en_US\" \/>\n<meta property=\"og:type\" content=\"article\" \/>\n<meta property=\"og:title\" content=\"[:rs]ENIL-ov Intervju: Milica Mima Ru\u017ei\u010di\u0107-Novkovi\u0107[:sr]\u0415\u041d\u0418\u041b-\u043e\u0432 \u0418\u043d\u0442\u0435\u0440\u0432\u0458\u0443: \u041c\u0438\u043b\u0438\u0446\u0430 \u041c\u0438\u043c\u0430 \u0420\u0443\u0436\u0438\u0447\u0438\u045b-\u041d\u043e\u0432\u043a\u043e\u0432\u0438\u045b[:en] ENIL&#039;s Interview: Milica Mima Ru\u017ei\u010di\u0107-Novkovi\u0107[:] - Centre LIVING UPRIGHT Novi Sad\" \/>\n<meta property=\"og:description\" content=\"\u201eCentar \u2018\u017diveti uspravno\u2019 Novi Sad pru\u017ea personalnu asistenciju, peer podr\u0161ku i promovi\u0161e samostalan \u017eivot i ljudska prava.\" \/>\n<meta property=\"og:url\" content=\"https:\/\/www.czuns.org\/enil-ov-intervju-milica-mima-ruzicic-novkovic\/\" \/>\n<meta property=\"og:site_name\" content=\"Centre LIVING UPRIGHT Novi Sad\" \/>\n<meta property=\"article:publisher\" content=\"https:\/\/www.facebook.com\/profile.php?id=100064645570972\" \/>\n<meta property=\"article:published_time\" content=\"2016-12-29T23:09:27+00:00\" \/>\n<meta property=\"article:modified_time\" content=\"2021-11-25T17:10:33+00:00\" \/>\n<meta property=\"og:image\" content=\"https:\/\/www.czuns.org\/wp-content\/uploads\/2020\/02\/logo-jpg-1.jpg\" \/>\n\t<meta property=\"og:image:width\" content=\"249\" \/>\n\t<meta property=\"og:image:height\" content=\"90\" \/>\n\t<meta property=\"og:image:type\" content=\"image\/jpeg\" \/>\n<meta name=\"author\" content=\"czuns\" \/>\n<meta name=\"twitter:card\" content=\"summary_large_image\" \/>\n<meta name=\"twitter:creator\" content=\"@uspravno\" \/>\n<meta name=\"twitter:site\" content=\"@uspravno\" \/>\n<meta name=\"twitter:label1\" content=\"Written by\" \/>\n\t<meta name=\"twitter:data1\" content=\"czuns\" \/>\n\t<meta name=\"twitter:label2\" content=\"Est. reading time\" \/>\n\t<meta name=\"twitter:data2\" content=\"1 minute\" \/>\n<script type=\"application\/ld+json\" class=\"yoast-schema-graph\">{\"@context\":\"https:\\\/\\\/schema.org\",\"@graph\":[{\"@type\":\"Article\",\"@id\":\"https:\\\/\\\/www.czuns.org\\\/enil-ov-intervju-milica-mima-ruzicic-novkovic\\\/#article\",\"isPartOf\":{\"@id\":\"https:\\\/\\\/www.czuns.org\\\/enil-ov-intervju-milica-mima-ruzicic-novkovic\\\/\"},\"author\":{\"name\":\"czuns\",\"@id\":\"https:\\\/\\\/www.czuns.org\\\/#\\\/schema\\\/person\\\/e6a524dac9abf6dbe2a6d72ba935ba16\"},\"headline\":\"ENIL&#8217;s Interview: Milica Mima Ru\u017ei\u010di\u0107-Novkovi\u0107\",\"datePublished\":\"2016-12-29T23:09:27+00:00\",\"dateModified\":\"2021-11-25T17:10:33+00:00\",\"mainEntityOfPage\":{\"@id\":\"https:\\\/\\\/www.czuns.org\\\/enil-ov-intervju-milica-mima-ruzicic-novkovic\\\/\"},\"wordCount\":428,\"publisher\":{\"@id\":\"https:\\\/\\\/www.czuns.org\\\/#organization\"},\"articleSection\":[\"News\"],\"inLanguage\":\"en-US\"},{\"@type\":\"WebPage\",\"@id\":\"https:\\\/\\\/www.czuns.org\\\/enil-ov-intervju-milica-mima-ruzicic-novkovic\\\/\",\"url\":\"https:\\\/\\\/www.czuns.org\\\/enil-ov-intervju-milica-mima-ruzicic-novkovic\\\/\",\"name\":\"[:rs]ENIL-ov Intervju: Milica Mima Ru\u017ei\u010di\u0107-Novkovi\u0107[:sr]\u0415\u041d\u0418\u041b-\u043e\u0432 \u0418\u043d\u0442\u0435\u0440\u0432\u0458\u0443: \u041c\u0438\u043b\u0438\u0446\u0430 \u041c\u0438\u043c\u0430 \u0420\u0443\u0436\u0438\u0447\u0438\u045b-\u041d\u043e\u0432\u043a\u043e\u0432\u0438\u045b[:en] ENIL's Interview: Milica Mima Ru\u017ei\u010di\u0107-Novkovi\u0107[:] - Centre LIVING UPRIGHT Novi Sad\",\"isPartOf\":{\"@id\":\"https:\\\/\\\/www.czuns.org\\\/#website\"},\"datePublished\":\"2016-12-29T23:09:27+00:00\",\"dateModified\":\"2021-11-25T17:10:33+00:00\",\"description\":\"\u201eCentar \u2018\u017diveti uspravno\u2019 Novi Sad pru\u017ea personalnu asistenciju, peer podr\u0161ku i promovi\u0161e samostalan \u017eivot i ljudska prava.\",\"breadcrumb\":{\"@id\":\"https:\\\/\\\/www.czuns.org\\\/enil-ov-intervju-milica-mima-ruzicic-novkovic\\\/#breadcrumb\"},\"inLanguage\":\"en-US\",\"potentialAction\":[{\"@type\":\"ReadAction\",\"target\":[\"https:\\\/\\\/www.czuns.org\\\/enil-ov-intervju-milica-mima-ruzicic-novkovic\\\/\"]}]},{\"@type\":\"BreadcrumbList\",\"@id\":\"https:\\\/\\\/www.czuns.org\\\/enil-ov-intervju-milica-mima-ruzicic-novkovic\\\/#breadcrumb\",\"itemListElement\":[{\"@type\":\"ListItem\",\"position\":1,\"name\":\"\u041f\u043e\u0447\u0435\u0442\u043d\u0430\",\"item\":\"https:\\\/\\\/www.czuns.org\\\/\"},{\"@type\":\"ListItem\",\"position\":2,\"name\":\"ENIL-ov Intervju: Milica Mima Ru\u017ei\u010di\u0107-Novkovi\u0107\"}]},{\"@type\":\"WebSite\",\"@id\":\"https:\\\/\\\/www.czuns.org\\\/#website\",\"url\":\"https:\\\/\\\/www.czuns.org\\\/\",\"name\":\"Centar \u017diveti uspravno Novi Sad\",\"description\":\"[:rs]Prete\u017ena delatnost Centra je 8899 ostali vidovi socijalne za\u0161tite bez sme\u0161taja[:en] Centre&#039;s registered  predominant activity is 8899: other social services except for accommodation[:sr]\u041f\u0440\u0435\u0442\u0435\u0436\u043d\u0430 \u0434\u0435\u043b\u0430\u0442\u043d\u043e\u0441\u0442 \u0426\u0435\u043d\u0442\u0440\u0430 \u0458\u0435 \u043f\u0440\u043e\u0434\u0443\u043a\u0446\u0438\u0458\u0430 \u043c\u0435\u0434\u0438\u0458\u0441\u043a\u043e\u0433 \u0438 \u0444\u0438\u043b\u043c\u0441\u043a\u043e\u0433 \u043c\u0430\u0442\u0435\u0438\u0458\u0430\u043b\u0430 \u043e \u043f\u043e\u043b\u043e\u0436\u0430\u0458\u0443 \u043e\u0441\u043e\u0431\u0430 \u0441\u0430 \u0438\u043d\u0432\u0430\u043b\u0438\u0434\u0438\u0442\u0435\u0442\u043e\u043c \u0438 \u0433\u0440\u0430\u0452\u0430\u043d\u0441\u043a\u0438\u043c \u043f\u0440\u0430\u0432\u0438\u043c\u0430.[:]\",\"publisher\":{\"@id\":\"https:\\\/\\\/www.czuns.org\\\/#organization\"},\"potentialAction\":[{\"@type\":\"SearchAction\",\"target\":{\"@type\":\"EntryPoint\",\"urlTemplate\":\"https:\\\/\\\/www.czuns.org\\\/?s={search_term_string}\"},\"query-input\":{\"@type\":\"PropertyValueSpecification\",\"valueRequired\":true,\"valueName\":\"search_term_string\"}}],\"inLanguage\":\"en-US\"},{\"@type\":\"Organization\",\"@id\":\"https:\\\/\\\/www.czuns.org\\\/#organization\",\"name\":\"Centar \u017diveti uspravno Novi Sad\",\"url\":\"https:\\\/\\\/www.czuns.org\\\/\",\"logo\":{\"@type\":\"ImageObject\",\"inLanguage\":\"en-US\",\"@id\":\"https:\\\/\\\/www.czuns.org\\\/#\\\/schema\\\/logo\\\/image\\\/\",\"url\":\"https:\\\/\\\/www.czuns.org\\\/wp-content\\\/uploads\\\/2020\\\/07\\\/czu_logo.png\",\"contentUrl\":\"https:\\\/\\\/www.czuns.org\\\/wp-content\\\/uploads\\\/2020\\\/07\\\/czu_logo.png\",\"width\":871,\"height\":315,\"caption\":\"Centar \u017diveti uspravno Novi Sad\"},\"image\":{\"@id\":\"https:\\\/\\\/www.czuns.org\\\/#\\\/schema\\\/logo\\\/image\\\/\"},\"sameAs\":[\"https:\\\/\\\/www.facebook.com\\\/profile.php?id=100064645570972\",\"https:\\\/\\\/x.com\\\/uspravno\",\"https:\\\/\\\/www.instagram.com\\\/centar.ziveti.uspravno\\\/\"]},{\"@type\":\"Person\",\"@id\":\"https:\\\/\\\/www.czuns.org\\\/#\\\/schema\\\/person\\\/e6a524dac9abf6dbe2a6d72ba935ba16\",\"name\":\"czuns\",\"image\":{\"@type\":\"ImageObject\",\"inLanguage\":\"en-US\",\"@id\":\"https:\\\/\\\/secure.gravatar.com\\\/avatar\\\/253f19539fa3a351c7d26815ac9fea49906610392f33e3508931d1c6d3f19d6d?s=96&d=mm&r=g\",\"url\":\"https:\\\/\\\/secure.gravatar.com\\\/avatar\\\/253f19539fa3a351c7d26815ac9fea49906610392f33e3508931d1c6d3f19d6d?s=96&d=mm&r=g\",\"contentUrl\":\"https:\\\/\\\/secure.gravatar.com\\\/avatar\\\/253f19539fa3a351c7d26815ac9fea49906610392f33e3508931d1c6d3f19d6d?s=96&d=mm&r=g\",\"caption\":\"czuns\"},\"url\":\"https:\\\/\\\/www.czuns.org\\\/en\\\/author\\\/czuns\\\/\"}]}<\/script>\n","yoast_head_json":{"title":"[:rs]ENIL-ov Intervju: Milica Mima Ru\u017ei\u010di\u0107-Novkovi\u0107[:sr]\u0415\u041d\u0418\u041b-\u043e\u0432 \u0418\u043d\u0442\u0435\u0440\u0432\u0458\u0443: \u041c\u0438\u043b\u0438\u0446\u0430 \u041c\u0438\u043c\u0430 \u0420\u0443\u0436\u0438\u0447\u0438\u045b-\u041d\u043e\u0432\u043a\u043e\u0432\u0438\u045b[:en] ENIL's Interview: Milica Mima Ru\u017ei\u010di\u0107-Novkovi\u0107[:] - Centre LIVING UPRIGHT Novi Sad","description":"\u201eCentar \u2018\u017diveti uspravno\u2019 Novi Sad pru\u017ea personalnu asistenciju, peer podr\u0161ku i promovi\u0161e samostalan \u017eivot i ljudska prava.","robots":{"index":"index","follow":"follow","max-snippet":"max-snippet:-1","max-image-preview":"max-image-preview:large","max-video-preview":"max-video-preview:-1"},"canonical":"https:\/\/www.czuns.org\/enil-ov-intervju-milica-mima-ruzicic-novkovic\/","og_locale":"en_US","og_type":"article","og_title":"[:rs]ENIL-ov Intervju: Milica Mima Ru\u017ei\u010di\u0107-Novkovi\u0107[:sr]\u0415\u041d\u0418\u041b-\u043e\u0432 \u0418\u043d\u0442\u0435\u0440\u0432\u0458\u0443: \u041c\u0438\u043b\u0438\u0446\u0430 \u041c\u0438\u043c\u0430 \u0420\u0443\u0436\u0438\u0447\u0438\u045b-\u041d\u043e\u0432\u043a\u043e\u0432\u0438\u045b[:en] ENIL's Interview: Milica Mima Ru\u017ei\u010di\u0107-Novkovi\u0107[:] - Centre LIVING UPRIGHT Novi Sad","og_description":"\u201eCentar \u2018\u017diveti uspravno\u2019 Novi Sad pru\u017ea personalnu asistenciju, peer podr\u0161ku i promovi\u0161e samostalan \u017eivot i ljudska prava.","og_url":"https:\/\/www.czuns.org\/enil-ov-intervju-milica-mima-ruzicic-novkovic\/","og_site_name":"Centre LIVING UPRIGHT Novi Sad","article_publisher":"https:\/\/www.facebook.com\/profile.php?id=100064645570972","article_published_time":"2016-12-29T23:09:27+00:00","article_modified_time":"2021-11-25T17:10:33+00:00","og_image":[{"width":249,"height":90,"url":"https:\/\/www.czuns.org\/wp-content\/uploads\/2020\/02\/logo-jpg-1.jpg","type":"image\/jpeg"}],"author":"czuns","twitter_card":"summary_large_image","twitter_creator":"@uspravno","twitter_site":"@uspravno","twitter_misc":{"Written by":"czuns","Est. reading time":"1 minute"},"schema":{"@context":"https:\/\/schema.org","@graph":[{"@type":"Article","@id":"https:\/\/www.czuns.org\/enil-ov-intervju-milica-mima-ruzicic-novkovic\/#article","isPartOf":{"@id":"https:\/\/www.czuns.org\/enil-ov-intervju-milica-mima-ruzicic-novkovic\/"},"author":{"name":"czuns","@id":"https:\/\/www.czuns.org\/#\/schema\/person\/e6a524dac9abf6dbe2a6d72ba935ba16"},"headline":"ENIL&#8217;s Interview: Milica Mima Ru\u017ei\u010di\u0107-Novkovi\u0107","datePublished":"2016-12-29T23:09:27+00:00","dateModified":"2021-11-25T17:10:33+00:00","mainEntityOfPage":{"@id":"https:\/\/www.czuns.org\/enil-ov-intervju-milica-mima-ruzicic-novkovic\/"},"wordCount":428,"publisher":{"@id":"https:\/\/www.czuns.org\/#organization"},"articleSection":["News"],"inLanguage":"en-US"},{"@type":"WebPage","@id":"https:\/\/www.czuns.org\/enil-ov-intervju-milica-mima-ruzicic-novkovic\/","url":"https:\/\/www.czuns.org\/enil-ov-intervju-milica-mima-ruzicic-novkovic\/","name":"[:rs]ENIL-ov Intervju: Milica Mima Ru\u017ei\u010di\u0107-Novkovi\u0107[:sr]\u0415\u041d\u0418\u041b-\u043e\u0432 \u0418\u043d\u0442\u0435\u0440\u0432\u0458\u0443: \u041c\u0438\u043b\u0438\u0446\u0430 \u041c\u0438\u043c\u0430 \u0420\u0443\u0436\u0438\u0447\u0438\u045b-\u041d\u043e\u0432\u043a\u043e\u0432\u0438\u045b[:en] ENIL's Interview: Milica Mima Ru\u017ei\u010di\u0107-Novkovi\u0107[:] - Centre LIVING UPRIGHT Novi Sad","isPartOf":{"@id":"https:\/\/www.czuns.org\/#website"},"datePublished":"2016-12-29T23:09:27+00:00","dateModified":"2021-11-25T17:10:33+00:00","description":"\u201eCentar \u2018\u017diveti uspravno\u2019 Novi Sad pru\u017ea personalnu asistenciju, peer podr\u0161ku i promovi\u0161e samostalan \u017eivot i ljudska prava.","breadcrumb":{"@id":"https:\/\/www.czuns.org\/enil-ov-intervju-milica-mima-ruzicic-novkovic\/#breadcrumb"},"inLanguage":"en-US","potentialAction":[{"@type":"ReadAction","target":["https:\/\/www.czuns.org\/enil-ov-intervju-milica-mima-ruzicic-novkovic\/"]}]},{"@type":"BreadcrumbList","@id":"https:\/\/www.czuns.org\/enil-ov-intervju-milica-mima-ruzicic-novkovic\/#breadcrumb","itemListElement":[{"@type":"ListItem","position":1,"name":"\u041f\u043e\u0447\u0435\u0442\u043d\u0430","item":"https:\/\/www.czuns.org\/"},{"@type":"ListItem","position":2,"name":"ENIL-ov Intervju: Milica Mima Ru\u017ei\u010di\u0107-Novkovi\u0107"}]},{"@type":"WebSite","@id":"https:\/\/www.czuns.org\/#website","url":"https:\/\/www.czuns.org\/","name":"Centar \u017diveti uspravno Novi Sad","description":"[:rs]Prete\u017ena delatnost Centra je 8899 ostali vidovi socijalne za\u0161tite bez sme\u0161taja[:en] Centre&#039;s registered predominant activity is 8899: other social services except for accommodation[:sr]\u041f\u0440\u0435\u0442\u0435\u0436\u043d\u0430 \u0434\u0435\u043b\u0430\u0442\u043d\u043e\u0441\u0442 \u0426\u0435\u043d\u0442\u0440\u0430 \u0458\u0435 \u043f\u0440\u043e\u0434\u0443\u043a\u0446\u0438\u0458\u0430 \u043c\u0435\u0434\u0438\u0458\u0441\u043a\u043e\u0433 \u0438 \u0444\u0438\u043b\u043c\u0441\u043a\u043e\u0433 \u043c\u0430\u0442\u0435\u0438\u0458\u0430\u043b\u0430 \u043e \u043f\u043e\u043b\u043e\u0436\u0430\u0458\u0443 \u043e\u0441\u043e\u0431\u0430 \u0441\u0430 \u0438\u043d\u0432\u0430\u043b\u0438\u0434\u0438\u0442\u0435\u0442\u043e\u043c \u0438 \u0433\u0440\u0430\u0452\u0430\u043d\u0441\u043a\u0438\u043c \u043f\u0440\u0430\u0432\u0438\u043c\u0430.[:]","publisher":{"@id":"https:\/\/www.czuns.org\/#organization"},"potentialAction":[{"@type":"SearchAction","target":{"@type":"EntryPoint","urlTemplate":"https:\/\/www.czuns.org\/?s={search_term_string}"},"query-input":{"@type":"PropertyValueSpecification","valueRequired":true,"valueName":"search_term_string"}}],"inLanguage":"en-US"},{"@type":"Organization","@id":"https:\/\/www.czuns.org\/#organization","name":"Centar \u017diveti uspravno Novi Sad","url":"https:\/\/www.czuns.org\/","logo":{"@type":"ImageObject","inLanguage":"en-US","@id":"https:\/\/www.czuns.org\/#\/schema\/logo\/image\/","url":"https:\/\/www.czuns.org\/wp-content\/uploads\/2020\/07\/czu_logo.png","contentUrl":"https:\/\/www.czuns.org\/wp-content\/uploads\/2020\/07\/czu_logo.png","width":871,"height":315,"caption":"Centar \u017diveti uspravno Novi Sad"},"image":{"@id":"https:\/\/www.czuns.org\/#\/schema\/logo\/image\/"},"sameAs":["https:\/\/www.facebook.com\/profile.php?id=100064645570972","https:\/\/x.com\/uspravno","https:\/\/www.instagram.com\/centar.ziveti.uspravno\/"]},{"@type":"Person","@id":"https:\/\/www.czuns.org\/#\/schema\/person\/e6a524dac9abf6dbe2a6d72ba935ba16","name":"czuns","image":{"@type":"ImageObject","inLanguage":"en-US","@id":"https:\/\/secure.gravatar.com\/avatar\/253f19539fa3a351c7d26815ac9fea49906610392f33e3508931d1c6d3f19d6d?s=96&d=mm&r=g","url":"https:\/\/secure.gravatar.com\/avatar\/253f19539fa3a351c7d26815ac9fea49906610392f33e3508931d1c6d3f19d6d?s=96&d=mm&r=g","contentUrl":"https:\/\/secure.gravatar.com\/avatar\/253f19539fa3a351c7d26815ac9fea49906610392f33e3508931d1c6d3f19d6d?s=96&d=mm&r=g","caption":"czuns"},"url":"https:\/\/www.czuns.org\/en\/author\/czuns\/"}]}},"_links":{"self":[{"href":"https:\/\/www.czuns.org\/en\/wp-json\/wp\/v2\/posts\/1591","targetHints":{"allow":["GET"]}}],"collection":[{"href":"https:\/\/www.czuns.org\/en\/wp-json\/wp\/v2\/posts"}],"about":[{"href":"https:\/\/www.czuns.org\/en\/wp-json\/wp\/v2\/types\/post"}],"author":[{"embeddable":true,"href":"https:\/\/www.czuns.org\/en\/wp-json\/wp\/v2\/users\/3"}],"replies":[{"embeddable":true,"href":"https:\/\/www.czuns.org\/en\/wp-json\/wp\/v2\/comments?post=1591"}],"version-history":[{"count":0,"href":"https:\/\/www.czuns.org\/en\/wp-json\/wp\/v2\/posts\/1591\/revisions"}],"wp:attachment":[{"href":"https:\/\/www.czuns.org\/en\/wp-json\/wp\/v2\/media?parent=1591"}],"wp:term":[{"taxonomy":"category","embeddable":true,"href":"https:\/\/www.czuns.org\/en\/wp-json\/wp\/v2\/categories?post=1591"},{"taxonomy":"post_tag","embeddable":true,"href":"https:\/\/www.czuns.org\/en\/wp-json\/wp\/v2\/tags?post=1591"}],"curies":[{"name":"wp","href":"https:\/\/api.w.org\/{rel}","templated":true}]}}