{"id":4153,"date":"2021-12-30T16:25:48","date_gmt":"2021-12-30T15:25:48","guid":{"rendered":"https:\/\/www.czuns.org\/?p=4153"},"modified":"2022-02-04T12:29:57","modified_gmt":"2022-02-04T11:29:57","slug":"omogucimo-personalnu-asistenciju-osobama-koje-nemaju-ili-jos-nisu-stekle-pravo-na-nju","status":"publish","type":"post","link":"https:\/\/www.czuns.org\/en\/omogucimo-personalnu-asistenciju-osobama-koje-nemaju-ili-jos-nisu-stekle-pravo-na-nju\/","title":{"rendered":"OMOGU\u0106IMO PERSONALNU ASISTENCIJU OSOBAMA KOJE NEMAJU ILI JO\u0160 NISU STEKLE PRAVO NA NJU"},"content":{"rendered":"<p class=\"qtranxs-available-languages-message qtranxs-available-languages-message-en\">Sorry, this entry is only available in <a href=\"https:\/\/www.czuns.org\/rs\/wp-json\/wp\/v2\/posts\/4153\" class=\"qtranxs-available-language-link qtranxs-available-language-link-rs\" title=\"B\/CG\/H\/S\">B\/CG\/H\/S<\/a>. For the sake of viewer convenience, the content is shown below in the alternative language. You may click the link to switch the active language.<\/p><p><\/p>\n<blockquote><p>Ostalo je jo\u0161 960.000,00 dinara da obezbedimo za personalnu asistenciju kolegincama iz Subotice, Doboja i Sombora i 55.000,00 za tro\u0161kove bolovanja dvema asistentkinjama u Novom Sadu po\u0161to gradski pravilnik o finansiranju usluge personalne asistencije ne predvi\u0111a pokrivanje nijedne druge stavke sem stavki koje ulaze u cenu rada (neto i doprinosi za odra\u0111en sat)<br \/>\nJako je malo ostalo (na obezbe\u0111enih 26,3 miliona dinara u ovoj godini za uslugu personalne asistencije i iskustvenu podr\u0161ku) da u idu\u0107u, za koju je najavljeno finansiranje svih tro\u0161kova, Centar prvi put od 2011. nesmetano nastavi da organizuje oba vida podr\u0161ke koje trenutno, upu\u0107eni\/e na njega svakodnevno, pru\u017eamo ili koristimo nas pedeset \u010detvoro.<\/p><\/blockquote>\n<p><strong>Informacije za donacije:<\/strong><br \/>\n<strong>Primalac: Centar \u017diveti uspravno, Jevrejska 20, Novi Sad<\/strong><br \/>\n<strong>Ra\u010dun: 340-11001286-31<\/strong><\/p>\n<p>&nbsp;<\/p>\n<p><img loading=\"lazy\" decoding=\"async\" class=\"aligncenter wp-image-4223 size-full\" src=\"https:\/\/www.czuns.org\/wp-content\/uploads\/2021\/10\/Pozivna-Slika-.jpg\" alt=\"\" width=\"846\" height=\"2116\" srcset=\"https:\/\/www.czuns.org\/wp-content\/uploads\/2021\/10\/Pozivna-Slika-.jpg 846w, https:\/\/www.czuns.org\/wp-content\/uploads\/2021\/10\/Pozivna-Slika--120x300.jpg 120w, https:\/\/www.czuns.org\/wp-content\/uploads\/2021\/10\/Pozivna-Slika--409x1024.jpg 409w, https:\/\/www.czuns.org\/wp-content\/uploads\/2021\/10\/Pozivna-Slika--768x1921.jpg 768w, https:\/\/www.czuns.org\/wp-content\/uploads\/2021\/10\/Pozivna-Slika--614x1536.jpg 614w, https:\/\/www.czuns.org\/wp-content\/uploads\/2021\/10\/Pozivna-Slika--819x2048.jpg 819w\" sizes=\"auto, (max-width: 846px) 100vw, 846px\" \/><\/p>","protected":false},"excerpt":{"rendered":"<p>Sorry, this entry is only available in B\/CG\/H\/S. For the sake of viewer convenience, the content is shown below in the alternative language. You may click the link to switch the active language. Ostalo je jo\u0161 960.000,00 dinara da obezbedimo za personalnu asistenciju kolegincama iz Subotice, Doboja i Sombora i&#8230; <a class=\"continue-reading-link\" href=\"https:\/\/www.czuns.org\/en\/omogucimo-personalnu-asistenciju-osobama-koje-nemaju-ili-jos-nisu-stekle-pravo-na-nju\/\">Ceo \u010dlanak<\/a><\/p>\n","protected":false},"author":3,"featured_media":3857,"comment_status":"closed","ping_status":"open","sticky":false,"template":"","format":"standard","meta":{"_eb_attr":"","_crdt_document":"","footnotes":"","_links_to":"","_links_to_target":""},"categories":[2],"tags":[],"class_list":["post-4153","post","type-post","status-publish","format-standard","has-post-thumbnail","hentry","category-novosti"],"yoast_head":"\n<title><\/title>\n<meta name=\"description\" content=\"\u201eCentar \u2018\u017diveti uspravno\u2019 Novi Sad pru\u017ea personalnu asistenciju, peer podr\u0161ku i promovi\u0161e samostalan \u017eivot i ljudska prava.\" \/>\n<meta name=\"robots\" content=\"index, follow, max-snippet:-1, max-image-preview:large, max-video-preview:-1\" \/>\n<link rel=\"canonical\" href=\"https:\/\/www.czuns.org\/omogucimo-personalnu-asistenciju-osobama-koje-nemaju-ili-jos-nisu-stekle-pravo-na-nju\/\" \/>\n<meta property=\"og:locale\" content=\"en_US\" \/>\n<meta property=\"og:type\" content=\"article\" \/>\n<meta property=\"og:title\" content=\"[:rs]OMOGU\u0106IMO PERSONALNU ASISTENCIJU OSOBAMA KOJE NEMAJU ILI JO\u0160 NISU STEKLE PRAVO NA NJU[:] - Centre LIVING UPRIGHT Novi Sad\" \/>\n<meta property=\"og:description\" content=\"\u201eCentar \u2018\u017diveti uspravno\u2019 Novi Sad pru\u017ea personalnu asistenciju, peer podr\u0161ku i promovi\u0161e samostalan \u017eivot i ljudska prava.\" \/>\n<meta property=\"og:url\" content=\"https:\/\/www.czuns.org\/omogucimo-personalnu-asistenciju-osobama-koje-nemaju-ili-jos-nisu-stekle-pravo-na-nju\/\" \/>\n<meta property=\"og:site_name\" content=\"Centre LIVING UPRIGHT Novi Sad\" \/>\n<meta property=\"article:publisher\" content=\"https:\/\/www.facebook.com\/profile.php?id=100064645570972\" \/>\n<meta property=\"article:published_time\" content=\"2021-12-30T15:25:48+00:00\" \/>\n<meta property=\"article:modified_time\" content=\"2022-02-04T11:29:57+00:00\" \/>\n<meta property=\"og:image\" content=\"https:\/\/www.czuns.org\/wp-content\/uploads\/2020\/02\/logo-jpg-1.jpg\" \/>\n\t<meta property=\"og:image:width\" content=\"249\" \/>\n\t<meta property=\"og:image:height\" content=\"90\" \/>\n\t<meta property=\"og:image:type\" content=\"image\/jpeg\" \/>\n<meta name=\"author\" content=\"czuns\" \/>\n<meta name=\"twitter:card\" content=\"summary_large_image\" \/>\n<meta name=\"twitter:creator\" content=\"@uspravno\" \/>\n<meta name=\"twitter:site\" content=\"@uspravno\" \/>\n<meta name=\"twitter:label1\" content=\"Written by\" \/>\n\t<meta name=\"twitter:data1\" content=\"czuns\" \/>\n\t<meta name=\"twitter:label2\" content=\"Est. reading time\" \/>\n\t<meta name=\"twitter:data2\" content=\"1 minute\" \/>\n<script type=\"application\/ld+json\" class=\"yoast-schema-graph\">{\"@context\":\"https:\\\/\\\/schema.org\",\"@graph\":[{\"@type\":\"Article\",\"@id\":\"https:\\\/\\\/www.czuns.org\\\/omogucimo-personalnu-asistenciju-osobama-koje-nemaju-ili-jos-nisu-stekle-pravo-na-nju\\\/#article\",\"isPartOf\":{\"@id\":\"https:\\\/\\\/www.czuns.org\\\/omogucimo-personalnu-asistenciju-osobama-koje-nemaju-ili-jos-nisu-stekle-pravo-na-nju\\\/\"},\"author\":{\"name\":\"czuns\",\"@id\":\"https:\\\/\\\/www.czuns.org\\\/#\\\/schema\\\/person\\\/e6a524dac9abf6dbe2a6d72ba935ba16\"},\"headline\":\"OMOGU\u0106IMO PERSONALNU ASISTENCIJU OSOBAMA KOJE NEMAJU ILI JO\u0160 NISU STEKLE PRAVO NA NJU\",\"datePublished\":\"2021-12-30T15:25:48+00:00\",\"dateModified\":\"2022-02-04T11:29:57+00:00\",\"mainEntityOfPage\":{\"@id\":\"https:\\\/\\\/www.czuns.org\\\/omogucimo-personalnu-asistenciju-osobama-koje-nemaju-ili-jos-nisu-stekle-pravo-na-nju\\\/\"},\"wordCount\":145,\"publisher\":{\"@id\":\"https:\\\/\\\/www.czuns.org\\\/#organization\"},\"image\":{\"@id\":\"https:\\\/\\\/www.czuns.org\\\/omogucimo-personalnu-asistenciju-osobama-koje-nemaju-ili-jos-nisu-stekle-pravo-na-nju\\\/#primaryimage\"},\"thumbnailUrl\":\"https:\\\/\\\/www.czuns.org\\\/wp-content\\\/uploads\\\/2020\\\/02\\\/logo-jpg-1.jpg\",\"articleSection\":[\"News\"],\"inLanguage\":\"en-US\"},{\"@type\":\"WebPage\",\"@id\":\"https:\\\/\\\/www.czuns.org\\\/omogucimo-personalnu-asistenciju-osobama-koje-nemaju-ili-jos-nisu-stekle-pravo-na-nju\\\/\",\"url\":\"https:\\\/\\\/www.czuns.org\\\/omogucimo-personalnu-asistenciju-osobama-koje-nemaju-ili-jos-nisu-stekle-pravo-na-nju\\\/\",\"name\":\"[:rs]OMOGU\u0106IMO PERSONALNU ASISTENCIJU OSOBAMA KOJE NEMAJU ILI JO\u0160 NISU STEKLE PRAVO NA NJU[:] - Centre LIVING UPRIGHT Novi Sad\",\"isPartOf\":{\"@id\":\"https:\\\/\\\/www.czuns.org\\\/#website\"},\"primaryImageOfPage\":{\"@id\":\"https:\\\/\\\/www.czuns.org\\\/omogucimo-personalnu-asistenciju-osobama-koje-nemaju-ili-jos-nisu-stekle-pravo-na-nju\\\/#primaryimage\"},\"image\":{\"@id\":\"https:\\\/\\\/www.czuns.org\\\/omogucimo-personalnu-asistenciju-osobama-koje-nemaju-ili-jos-nisu-stekle-pravo-na-nju\\\/#primaryimage\"},\"thumbnailUrl\":\"https:\\\/\\\/www.czuns.org\\\/wp-content\\\/uploads\\\/2020\\\/02\\\/logo-jpg-1.jpg\",\"datePublished\":\"2021-12-30T15:25:48+00:00\",\"dateModified\":\"2022-02-04T11:29:57+00:00\",\"description\":\"\u201eCentar \u2018\u017diveti uspravno\u2019 Novi Sad pru\u017ea personalnu asistenciju, peer podr\u0161ku i promovi\u0161e samostalan \u017eivot i ljudska prava.\",\"breadcrumb\":{\"@id\":\"https:\\\/\\\/www.czuns.org\\\/omogucimo-personalnu-asistenciju-osobama-koje-nemaju-ili-jos-nisu-stekle-pravo-na-nju\\\/#breadcrumb\"},\"inLanguage\":\"en-US\",\"potentialAction\":[{\"@type\":\"ReadAction\",\"target\":[\"https:\\\/\\\/www.czuns.org\\\/omogucimo-personalnu-asistenciju-osobama-koje-nemaju-ili-jos-nisu-stekle-pravo-na-nju\\\/\"]}]},{\"@type\":\"ImageObject\",\"inLanguage\":\"en-US\",\"@id\":\"https:\\\/\\\/www.czuns.org\\\/omogucimo-personalnu-asistenciju-osobama-koje-nemaju-ili-jos-nisu-stekle-pravo-na-nju\\\/#primaryimage\",\"url\":\"https:\\\/\\\/www.czuns.org\\\/wp-content\\\/uploads\\\/2020\\\/02\\\/logo-jpg-1.jpg\",\"contentUrl\":\"https:\\\/\\\/www.czuns.org\\\/wp-content\\\/uploads\\\/2020\\\/02\\\/logo-jpg-1.jpg\",\"width\":249,\"height\":90},{\"@type\":\"BreadcrumbList\",\"@id\":\"https:\\\/\\\/www.czuns.org\\\/omogucimo-personalnu-asistenciju-osobama-koje-nemaju-ili-jos-nisu-stekle-pravo-na-nju\\\/#breadcrumb\",\"itemListElement\":[{\"@type\":\"ListItem\",\"position\":1,\"name\":\"\u041f\u043e\u0447\u0435\u0442\u043d\u0430\",\"item\":\"https:\\\/\\\/www.czuns.org\\\/\"},{\"@type\":\"ListItem\",\"position\":2,\"name\":\"OMOGU\u0106IMO PERSONALNU ASISTENCIJU OSOBAMA KOJE NEMAJU ILI JO\u0160 NISU STEKLE PRAVO NA NJU\"}]},{\"@type\":\"WebSite\",\"@id\":\"https:\\\/\\\/www.czuns.org\\\/#website\",\"url\":\"https:\\\/\\\/www.czuns.org\\\/\",\"name\":\"Centar \u017diveti uspravno Novi Sad\",\"description\":\"[:rs]Prete\u017ena delatnost Centra je 8899 ostali vidovi socijalne za\u0161tite bez sme\u0161taja[:en] Centre&#039;s registered  predominant activity is 8899: other social services except for accommodation[:sr]\u041f\u0440\u0435\u0442\u0435\u0436\u043d\u0430 \u0434\u0435\u043b\u0430\u0442\u043d\u043e\u0441\u0442 \u0426\u0435\u043d\u0442\u0440\u0430 \u0458\u0435 \u043f\u0440\u043e\u0434\u0443\u043a\u0446\u0438\u0458\u0430 \u043c\u0435\u0434\u0438\u0458\u0441\u043a\u043e\u0433 \u0438 \u0444\u0438\u043b\u043c\u0441\u043a\u043e\u0433 \u043c\u0430\u0442\u0435\u0438\u0458\u0430\u043b\u0430 \u043e \u043f\u043e\u043b\u043e\u0436\u0430\u0458\u0443 \u043e\u0441\u043e\u0431\u0430 \u0441\u0430 \u0438\u043d\u0432\u0430\u043b\u0438\u0434\u0438\u0442\u0435\u0442\u043e\u043c \u0438 \u0433\u0440\u0430\u0452\u0430\u043d\u0441\u043a\u0438\u043c \u043f\u0440\u0430\u0432\u0438\u043c\u0430.[:]\",\"publisher\":{\"@id\":\"https:\\\/\\\/www.czuns.org\\\/#organization\"},\"potentialAction\":[{\"@type\":\"SearchAction\",\"target\":{\"@type\":\"EntryPoint\",\"urlTemplate\":\"https:\\\/\\\/www.czuns.org\\\/?s={search_term_string}\"},\"query-input\":{\"@type\":\"PropertyValueSpecification\",\"valueRequired\":true,\"valueName\":\"search_term_string\"}}],\"inLanguage\":\"en-US\"},{\"@type\":\"Organization\",\"@id\":\"https:\\\/\\\/www.czuns.org\\\/#organization\",\"name\":\"Centar \u017diveti uspravno Novi Sad\",\"url\":\"https:\\\/\\\/www.czuns.org\\\/\",\"logo\":{\"@type\":\"ImageObject\",\"inLanguage\":\"en-US\",\"@id\":\"https:\\\/\\\/www.czuns.org\\\/#\\\/schema\\\/logo\\\/image\\\/\",\"url\":\"https:\\\/\\\/www.czuns.org\\\/wp-content\\\/uploads\\\/2020\\\/07\\\/czu_logo.png\",\"contentUrl\":\"https:\\\/\\\/www.czuns.org\\\/wp-content\\\/uploads\\\/2020\\\/07\\\/czu_logo.png\",\"width\":871,\"height\":315,\"caption\":\"Centar \u017diveti uspravno Novi Sad\"},\"image\":{\"@id\":\"https:\\\/\\\/www.czuns.org\\\/#\\\/schema\\\/logo\\\/image\\\/\"},\"sameAs\":[\"https:\\\/\\\/www.facebook.com\\\/profile.php?id=100064645570972\",\"https:\\\/\\\/x.com\\\/uspravno\",\"https:\\\/\\\/www.instagram.com\\\/centar.ziveti.uspravno\\\/\"]},{\"@type\":\"Person\",\"@id\":\"https:\\\/\\\/www.czuns.org\\\/#\\\/schema\\\/person\\\/e6a524dac9abf6dbe2a6d72ba935ba16\",\"name\":\"czuns\",\"image\":{\"@type\":\"ImageObject\",\"inLanguage\":\"en-US\",\"@id\":\"https:\\\/\\\/secure.gravatar.com\\\/avatar\\\/253f19539fa3a351c7d26815ac9fea49906610392f33e3508931d1c6d3f19d6d?s=96&d=mm&r=g\",\"url\":\"https:\\\/\\\/secure.gravatar.com\\\/avatar\\\/253f19539fa3a351c7d26815ac9fea49906610392f33e3508931d1c6d3f19d6d?s=96&d=mm&r=g\",\"contentUrl\":\"https:\\\/\\\/secure.gravatar.com\\\/avatar\\\/253f19539fa3a351c7d26815ac9fea49906610392f33e3508931d1c6d3f19d6d?s=96&d=mm&r=g\",\"caption\":\"czuns\"},\"url\":\"https:\\\/\\\/www.czuns.org\\\/en\\\/author\\\/czuns\\\/\"}]}<\/script>\n","yoast_head_json":{"title":"[:rs]OMOGU\u0106IMO PERSONALNU ASISTENCIJU OSOBAMA KOJE NEMAJU ILI JO\u0160 NISU STEKLE PRAVO NA NJU[:] - Centre LIVING UPRIGHT Novi Sad","description":"\u201eCentar \u2018\u017diveti uspravno\u2019 Novi Sad pru\u017ea personalnu asistenciju, peer podr\u0161ku i promovi\u0161e samostalan \u017eivot i ljudska prava.","robots":{"index":"index","follow":"follow","max-snippet":"max-snippet:-1","max-image-preview":"max-image-preview:large","max-video-preview":"max-video-preview:-1"},"canonical":"https:\/\/www.czuns.org\/omogucimo-personalnu-asistenciju-osobama-koje-nemaju-ili-jos-nisu-stekle-pravo-na-nju\/","og_locale":"en_US","og_type":"article","og_title":"[:rs]OMOGU\u0106IMO PERSONALNU ASISTENCIJU OSOBAMA KOJE NEMAJU ILI JO\u0160 NISU STEKLE PRAVO NA NJU[:] - Centre LIVING UPRIGHT Novi Sad","og_description":"\u201eCentar \u2018\u017diveti uspravno\u2019 Novi Sad pru\u017ea personalnu asistenciju, peer podr\u0161ku i promovi\u0161e samostalan \u017eivot i ljudska prava.","og_url":"https:\/\/www.czuns.org\/omogucimo-personalnu-asistenciju-osobama-koje-nemaju-ili-jos-nisu-stekle-pravo-na-nju\/","og_site_name":"Centre LIVING UPRIGHT Novi Sad","article_publisher":"https:\/\/www.facebook.com\/profile.php?id=100064645570972","article_published_time":"2021-12-30T15:25:48+00:00","article_modified_time":"2022-02-04T11:29:57+00:00","og_image":[{"width":249,"height":90,"url":"https:\/\/www.czuns.org\/wp-content\/uploads\/2020\/02\/logo-jpg-1.jpg","type":"image\/jpeg"}],"author":"czuns","twitter_card":"summary_large_image","twitter_creator":"@uspravno","twitter_site":"@uspravno","twitter_misc":{"Written by":"czuns","Est. reading time":"1 minute"},"schema":{"@context":"https:\/\/schema.org","@graph":[{"@type":"Article","@id":"https:\/\/www.czuns.org\/omogucimo-personalnu-asistenciju-osobama-koje-nemaju-ili-jos-nisu-stekle-pravo-na-nju\/#article","isPartOf":{"@id":"https:\/\/www.czuns.org\/omogucimo-personalnu-asistenciju-osobama-koje-nemaju-ili-jos-nisu-stekle-pravo-na-nju\/"},"author":{"name":"czuns","@id":"https:\/\/www.czuns.org\/#\/schema\/person\/e6a524dac9abf6dbe2a6d72ba935ba16"},"headline":"OMOGU\u0106IMO PERSONALNU ASISTENCIJU OSOBAMA KOJE NEMAJU ILI JO\u0160 NISU STEKLE PRAVO NA NJU","datePublished":"2021-12-30T15:25:48+00:00","dateModified":"2022-02-04T11:29:57+00:00","mainEntityOfPage":{"@id":"https:\/\/www.czuns.org\/omogucimo-personalnu-asistenciju-osobama-koje-nemaju-ili-jos-nisu-stekle-pravo-na-nju\/"},"wordCount":145,"publisher":{"@id":"https:\/\/www.czuns.org\/#organization"},"image":{"@id":"https:\/\/www.czuns.org\/omogucimo-personalnu-asistenciju-osobama-koje-nemaju-ili-jos-nisu-stekle-pravo-na-nju\/#primaryimage"},"thumbnailUrl":"https:\/\/www.czuns.org\/wp-content\/uploads\/2020\/02\/logo-jpg-1.jpg","articleSection":["News"],"inLanguage":"en-US"},{"@type":"WebPage","@id":"https:\/\/www.czuns.org\/omogucimo-personalnu-asistenciju-osobama-koje-nemaju-ili-jos-nisu-stekle-pravo-na-nju\/","url":"https:\/\/www.czuns.org\/omogucimo-personalnu-asistenciju-osobama-koje-nemaju-ili-jos-nisu-stekle-pravo-na-nju\/","name":"[:rs]OMOGU\u0106IMO PERSONALNU ASISTENCIJU OSOBAMA KOJE NEMAJU ILI JO\u0160 NISU STEKLE PRAVO NA NJU[:] - Centre LIVING UPRIGHT Novi Sad","isPartOf":{"@id":"https:\/\/www.czuns.org\/#website"},"primaryImageOfPage":{"@id":"https:\/\/www.czuns.org\/omogucimo-personalnu-asistenciju-osobama-koje-nemaju-ili-jos-nisu-stekle-pravo-na-nju\/#primaryimage"},"image":{"@id":"https:\/\/www.czuns.org\/omogucimo-personalnu-asistenciju-osobama-koje-nemaju-ili-jos-nisu-stekle-pravo-na-nju\/#primaryimage"},"thumbnailUrl":"https:\/\/www.czuns.org\/wp-content\/uploads\/2020\/02\/logo-jpg-1.jpg","datePublished":"2021-12-30T15:25:48+00:00","dateModified":"2022-02-04T11:29:57+00:00","description":"\u201eCentar \u2018\u017diveti uspravno\u2019 Novi Sad pru\u017ea personalnu asistenciju, peer podr\u0161ku i promovi\u0161e samostalan \u017eivot i ljudska prava.","breadcrumb":{"@id":"https:\/\/www.czuns.org\/omogucimo-personalnu-asistenciju-osobama-koje-nemaju-ili-jos-nisu-stekle-pravo-na-nju\/#breadcrumb"},"inLanguage":"en-US","potentialAction":[{"@type":"ReadAction","target":["https:\/\/www.czuns.org\/omogucimo-personalnu-asistenciju-osobama-koje-nemaju-ili-jos-nisu-stekle-pravo-na-nju\/"]}]},{"@type":"ImageObject","inLanguage":"en-US","@id":"https:\/\/www.czuns.org\/omogucimo-personalnu-asistenciju-osobama-koje-nemaju-ili-jos-nisu-stekle-pravo-na-nju\/#primaryimage","url":"https:\/\/www.czuns.org\/wp-content\/uploads\/2020\/02\/logo-jpg-1.jpg","contentUrl":"https:\/\/www.czuns.org\/wp-content\/uploads\/2020\/02\/logo-jpg-1.jpg","width":249,"height":90},{"@type":"BreadcrumbList","@id":"https:\/\/www.czuns.org\/omogucimo-personalnu-asistenciju-osobama-koje-nemaju-ili-jos-nisu-stekle-pravo-na-nju\/#breadcrumb","itemListElement":[{"@type":"ListItem","position":1,"name":"\u041f\u043e\u0447\u0435\u0442\u043d\u0430","item":"https:\/\/www.czuns.org\/"},{"@type":"ListItem","position":2,"name":"OMOGU\u0106IMO PERSONALNU ASISTENCIJU OSOBAMA KOJE NEMAJU ILI JO\u0160 NISU STEKLE PRAVO NA NJU"}]},{"@type":"WebSite","@id":"https:\/\/www.czuns.org\/#website","url":"https:\/\/www.czuns.org\/","name":"Centar \u017diveti uspravno Novi Sad","description":"[:rs]Prete\u017ena delatnost Centra je 8899 ostali vidovi socijalne za\u0161tite bez sme\u0161taja[:en] Centre&#039;s registered predominant activity is 8899: other social services except for accommodation[:sr]\u041f\u0440\u0435\u0442\u0435\u0436\u043d\u0430 \u0434\u0435\u043b\u0430\u0442\u043d\u043e\u0441\u0442 \u0426\u0435\u043d\u0442\u0440\u0430 \u0458\u0435 \u043f\u0440\u043e\u0434\u0443\u043a\u0446\u0438\u0458\u0430 \u043c\u0435\u0434\u0438\u0458\u0441\u043a\u043e\u0433 \u0438 \u0444\u0438\u043b\u043c\u0441\u043a\u043e\u0433 \u043c\u0430\u0442\u0435\u0438\u0458\u0430\u043b\u0430 \u043e \u043f\u043e\u043b\u043e\u0436\u0430\u0458\u0443 \u043e\u0441\u043e\u0431\u0430 \u0441\u0430 \u0438\u043d\u0432\u0430\u043b\u0438\u0434\u0438\u0442\u0435\u0442\u043e\u043c \u0438 \u0433\u0440\u0430\u0452\u0430\u043d\u0441\u043a\u0438\u043c \u043f\u0440\u0430\u0432\u0438\u043c\u0430.[:]","publisher":{"@id":"https:\/\/www.czuns.org\/#organization"},"potentialAction":[{"@type":"SearchAction","target":{"@type":"EntryPoint","urlTemplate":"https:\/\/www.czuns.org\/?s={search_term_string}"},"query-input":{"@type":"PropertyValueSpecification","valueRequired":true,"valueName":"search_term_string"}}],"inLanguage":"en-US"},{"@type":"Organization","@id":"https:\/\/www.czuns.org\/#organization","name":"Centar \u017diveti uspravno Novi Sad","url":"https:\/\/www.czuns.org\/","logo":{"@type":"ImageObject","inLanguage":"en-US","@id":"https:\/\/www.czuns.org\/#\/schema\/logo\/image\/","url":"https:\/\/www.czuns.org\/wp-content\/uploads\/2020\/07\/czu_logo.png","contentUrl":"https:\/\/www.czuns.org\/wp-content\/uploads\/2020\/07\/czu_logo.png","width":871,"height":315,"caption":"Centar \u017diveti uspravno Novi Sad"},"image":{"@id":"https:\/\/www.czuns.org\/#\/schema\/logo\/image\/"},"sameAs":["https:\/\/www.facebook.com\/profile.php?id=100064645570972","https:\/\/x.com\/uspravno","https:\/\/www.instagram.com\/centar.ziveti.uspravno\/"]},{"@type":"Person","@id":"https:\/\/www.czuns.org\/#\/schema\/person\/e6a524dac9abf6dbe2a6d72ba935ba16","name":"czuns","image":{"@type":"ImageObject","inLanguage":"en-US","@id":"https:\/\/secure.gravatar.com\/avatar\/253f19539fa3a351c7d26815ac9fea49906610392f33e3508931d1c6d3f19d6d?s=96&d=mm&r=g","url":"https:\/\/secure.gravatar.com\/avatar\/253f19539fa3a351c7d26815ac9fea49906610392f33e3508931d1c6d3f19d6d?s=96&d=mm&r=g","contentUrl":"https:\/\/secure.gravatar.com\/avatar\/253f19539fa3a351c7d26815ac9fea49906610392f33e3508931d1c6d3f19d6d?s=96&d=mm&r=g","caption":"czuns"},"url":"https:\/\/www.czuns.org\/en\/author\/czuns\/"}]}},"_links":{"self":[{"href":"https:\/\/www.czuns.org\/en\/wp-json\/wp\/v2\/posts\/4153","targetHints":{"allow":["GET"]}}],"collection":[{"href":"https:\/\/www.czuns.org\/en\/wp-json\/wp\/v2\/posts"}],"about":[{"href":"https:\/\/www.czuns.org\/en\/wp-json\/wp\/v2\/types\/post"}],"author":[{"embeddable":true,"href":"https:\/\/www.czuns.org\/en\/wp-json\/wp\/v2\/users\/3"}],"replies":[{"embeddable":true,"href":"https:\/\/www.czuns.org\/en\/wp-json\/wp\/v2\/comments?post=4153"}],"version-history":[{"count":0,"href":"https:\/\/www.czuns.org\/en\/wp-json\/wp\/v2\/posts\/4153\/revisions"}],"wp:featuredmedia":[{"embeddable":true,"href":"https:\/\/www.czuns.org\/en\/wp-json\/wp\/v2\/media\/3857"}],"wp:attachment":[{"href":"https:\/\/www.czuns.org\/en\/wp-json\/wp\/v2\/media?parent=4153"}],"wp:term":[{"taxonomy":"category","embeddable":true,"href":"https:\/\/www.czuns.org\/en\/wp-json\/wp\/v2\/categories?post=4153"},{"taxonomy":"post_tag","embeddable":true,"href":"https:\/\/www.czuns.org\/en\/wp-json\/wp\/v2\/tags?post=4153"}],"curies":[{"name":"wp","href":"https:\/\/api.w.org\/{rel}","templated":true}]}}