{"id":4505,"date":"2022-11-08T16:56:09","date_gmt":"2022-11-08T15:56:09","guid":{"rendered":"https:\/\/www.czuns.org\/?p=4505"},"modified":"2022-11-08T19:08:36","modified_gmt":"2022-11-08T18:08:36","slug":"zaposljavamo-14","status":"publish","type":"post","link":"https:\/\/www.czuns.org\/en\/zaposljavamo-14\/","title":{"rendered":"ZAPO\u0160LJAVAMO:"},"content":{"rendered":"<p class=\"qtranxs-available-languages-message qtranxs-available-languages-message-en\">Sorry, this entry is only available in <a href=\"https:\/\/www.czuns.org\/rs\/wp-json\/wp\/v2\/posts\/4505\" class=\"qtranxs-available-language-link qtranxs-available-language-link-rs\" title=\"B\/CG\/H\/S\">B\/CG\/H\/S<\/a>. For the sake of viewer convenience, the content is shown below in the alternative language. You may click the link to switch the active language.<\/p><p>CENTAR \u017dIVETI USPRAVNO Objavljuje OGLAS ZA IZBOR \u010detiri personalna asistenta\/asistentkinje na odre\u0111eno vreme s punim radnim vremenom. plata za puno radno vreme 50.000 din. Radi se po planu rada za nedelju dana. Potpisuje se ugovor o radu.<\/p>\n<p>NOVI SAD &#8211; 4 izvr\u0161itelja\/izvr\u0161iteljke<\/p>\n<p>USLOVI:<\/p>\n<p>Obavezno poznavanje rada na ra\u010dunaru (kori\u0161\u0107enje eksel tabele za popunjavanje radnih lista i kori\u0161\u0107enje mejla za slanje istih). Izvr\u0161itelj\/ka obavezno treba da poseduje voza\u010dku dozvolu B kategorije.<\/p>\n<p>OSTALO:<\/p>\n<p>Poslovi se odnose na asistenciju i pomo\u0107 osobi sa invaliditetom u obavljanju svakodnevnih aktivnosti kao \u0161to su:<\/p>\n<p>&#8211; Li\u010dne potrebe &#8211; pomo\u0107 pri ustajanju, obla\u010denju, higijenske potrebe<\/p>\n<p>&#8211; Potrebe u doma\u0107instvu \u2013 Priprema obroka, nabavka, higijena stana<\/p>\n<p>&#8211; Socijalne potrebe \u2013 asistencija pri odlasku i prisustvovanju pri poha\u0111anja obrazovne ustanove, razne sastanke, edukacije, kulturne i sportske aktivnosti.<\/p>\n<p>Mo\u017ee odmah da po\u010dne s radom.<\/p>\n<p>Za vi\u0161e informacija obratite se na brojeve telefona +381638317818, +382631544070 i 021\/424-291<\/p>","protected":false},"excerpt":{"rendered":"<p>Sorry, this entry is only available in B\/CG\/H\/S. For the sake of viewer convenience, the content is shown below in the alternative language. You may click the link to switch the active language.CENTAR \u017dIVETI USPRAVNO Objavljuje OGLAS ZA IZBOR \u010detiri personalna asistenta\/asistentkinje na odre\u0111eno vreme s punim radnim vremenom. plata&#8230; <a class=\"continue-reading-link\" href=\"https:\/\/www.czuns.org\/en\/zaposljavamo-14\/\">Ceo \u010dlanak<\/a><\/p>\n","protected":false},"author":3,"featured_media":3843,"comment_status":"open","ping_status":"open","sticky":false,"template":"","format":"standard","meta":{"_eb_attr":"","_crdt_document":"","footnotes":"","_links_to":"","_links_to_target":""},"categories":[2],"tags":[],"class_list":["post-4505","post","type-post","status-publish","format-standard","has-post-thumbnail","hentry","category-novosti"],"yoast_head":"\n<title><\/title>\n<meta name=\"description\" content=\"\u201eCentar \u2018\u017diveti uspravno\u2019 Novi Sad pru\u017ea personalnu asistenciju, peer podr\u0161ku i promovi\u0161e samostalan \u017eivot i ljudska prava.\" \/>\n<meta name=\"robots\" content=\"index, follow, max-snippet:-1, max-image-preview:large, max-video-preview:-1\" \/>\n<link rel=\"canonical\" href=\"https:\/\/www.czuns.org\/zaposljavamo-14\/\" \/>\n<meta property=\"og:locale\" content=\"en_US\" \/>\n<meta property=\"og:type\" content=\"article\" \/>\n<meta property=\"og:title\" content=\"[:rs]ZAPO\u0160LJAVAMO:[:] - Centre LIVING UPRIGHT Novi Sad\" \/>\n<meta property=\"og:description\" content=\"\u201eCentar \u2018\u017diveti uspravno\u2019 Novi Sad pru\u017ea personalnu asistenciju, peer podr\u0161ku i promovi\u0161e samostalan \u017eivot i ljudska prava.\" \/>\n<meta property=\"og:url\" content=\"https:\/\/www.czuns.org\/zaposljavamo-14\/\" \/>\n<meta property=\"og:site_name\" content=\"Centre LIVING UPRIGHT Novi Sad\" \/>\n<meta property=\"article:publisher\" content=\"https:\/\/www.facebook.com\/profile.php?id=100064645570972\" \/>\n<meta property=\"article:published_time\" content=\"2022-11-08T15:56:09+00:00\" \/>\n<meta property=\"article:modified_time\" content=\"2022-11-08T18:08:36+00:00\" \/>\n<meta property=\"og:image\" content=\"https:\/\/www.czuns.org\/wp-content\/uploads\/2020\/02\/ziveti-uspravno.png\" \/>\n\t<meta property=\"og:image:width\" content=\"250\" \/>\n\t<meta property=\"og:image:height\" content=\"90\" \/>\n\t<meta property=\"og:image:type\" content=\"image\/png\" \/>\n<meta name=\"author\" content=\"czuns\" \/>\n<meta name=\"twitter:card\" content=\"summary_large_image\" \/>\n<meta name=\"twitter:creator\" content=\"@uspravno\" \/>\n<meta name=\"twitter:site\" content=\"@uspravno\" \/>\n<meta name=\"twitter:label1\" content=\"Written by\" \/>\n\t<meta name=\"twitter:data1\" content=\"czuns\" \/>\n\t<meta name=\"twitter:label2\" content=\"Est. reading time\" \/>\n\t<meta name=\"twitter:data2\" content=\"1 minute\" \/>\n<script type=\"application\/ld+json\" class=\"yoast-schema-graph\">{\"@context\":\"https:\\\/\\\/schema.org\",\"@graph\":[{\"@type\":\"Article\",\"@id\":\"https:\\\/\\\/www.czuns.org\\\/zaposljavamo-14\\\/#article\",\"isPartOf\":{\"@id\":\"https:\\\/\\\/www.czuns.org\\\/zaposljavamo-14\\\/\"},\"author\":{\"name\":\"czuns\",\"@id\":\"https:\\\/\\\/www.czuns.org\\\/#\\\/schema\\\/person\\\/e6a524dac9abf6dbe2a6d72ba935ba16\"},\"headline\":\"ZAPO\u0160LJAVAMO:\",\"datePublished\":\"2022-11-08T15:56:09+00:00\",\"dateModified\":\"2022-11-08T18:08:36+00:00\",\"mainEntityOfPage\":{\"@id\":\"https:\\\/\\\/www.czuns.org\\\/zaposljavamo-14\\\/\"},\"wordCount\":162,\"commentCount\":0,\"publisher\":{\"@id\":\"https:\\\/\\\/www.czuns.org\\\/#organization\"},\"image\":{\"@id\":\"https:\\\/\\\/www.czuns.org\\\/zaposljavamo-14\\\/#primaryimage\"},\"thumbnailUrl\":\"https:\\\/\\\/www.czuns.org\\\/wp-content\\\/uploads\\\/2020\\\/02\\\/ziveti-uspravno.png\",\"articleSection\":[\"News\"],\"inLanguage\":\"en-US\",\"potentialAction\":[{\"@type\":\"CommentAction\",\"name\":\"Comment\",\"target\":[\"https:\\\/\\\/www.czuns.org\\\/zaposljavamo-14\\\/#respond\"]}]},{\"@type\":\"WebPage\",\"@id\":\"https:\\\/\\\/www.czuns.org\\\/zaposljavamo-14\\\/\",\"url\":\"https:\\\/\\\/www.czuns.org\\\/zaposljavamo-14\\\/\",\"name\":\"[:rs]ZAPO\u0160LJAVAMO:[:] - Centre LIVING UPRIGHT Novi Sad\",\"isPartOf\":{\"@id\":\"https:\\\/\\\/www.czuns.org\\\/#website\"},\"primaryImageOfPage\":{\"@id\":\"https:\\\/\\\/www.czuns.org\\\/zaposljavamo-14\\\/#primaryimage\"},\"image\":{\"@id\":\"https:\\\/\\\/www.czuns.org\\\/zaposljavamo-14\\\/#primaryimage\"},\"thumbnailUrl\":\"https:\\\/\\\/www.czuns.org\\\/wp-content\\\/uploads\\\/2020\\\/02\\\/ziveti-uspravno.png\",\"datePublished\":\"2022-11-08T15:56:09+00:00\",\"dateModified\":\"2022-11-08T18:08:36+00:00\",\"description\":\"\u201eCentar \u2018\u017diveti uspravno\u2019 Novi Sad pru\u017ea personalnu asistenciju, peer podr\u0161ku i promovi\u0161e samostalan \u017eivot i ljudska prava.\",\"breadcrumb\":{\"@id\":\"https:\\\/\\\/www.czuns.org\\\/zaposljavamo-14\\\/#breadcrumb\"},\"inLanguage\":\"en-US\",\"potentialAction\":[{\"@type\":\"ReadAction\",\"target\":[\"https:\\\/\\\/www.czuns.org\\\/zaposljavamo-14\\\/\"]}]},{\"@type\":\"ImageObject\",\"inLanguage\":\"en-US\",\"@id\":\"https:\\\/\\\/www.czuns.org\\\/zaposljavamo-14\\\/#primaryimage\",\"url\":\"https:\\\/\\\/www.czuns.org\\\/wp-content\\\/uploads\\\/2020\\\/02\\\/ziveti-uspravno.png\",\"contentUrl\":\"https:\\\/\\\/www.czuns.org\\\/wp-content\\\/uploads\\\/2020\\\/02\\\/ziveti-uspravno.png\",\"width\":250,\"height\":90},{\"@type\":\"BreadcrumbList\",\"@id\":\"https:\\\/\\\/www.czuns.org\\\/zaposljavamo-14\\\/#breadcrumb\",\"itemListElement\":[{\"@type\":\"ListItem\",\"position\":1,\"name\":\"\u041f\u043e\u0447\u0435\u0442\u043d\u0430\",\"item\":\"https:\\\/\\\/www.czuns.org\\\/\"},{\"@type\":\"ListItem\",\"position\":2,\"name\":\"ZAPO\u0160LJAVAMO:\"}]},{\"@type\":\"WebSite\",\"@id\":\"https:\\\/\\\/www.czuns.org\\\/#website\",\"url\":\"https:\\\/\\\/www.czuns.org\\\/\",\"name\":\"Centar \u017diveti uspravno Novi Sad\",\"description\":\"[:rs]Prete\u017ena delatnost Centra je 8899 ostali vidovi socijalne za\u0161tite bez sme\u0161taja[:en] Centre&#039;s registered  predominant activity is 8899: other social services except for accommodation[:sr]\u041f\u0440\u0435\u0442\u0435\u0436\u043d\u0430 \u0434\u0435\u043b\u0430\u0442\u043d\u043e\u0441\u0442 \u0426\u0435\u043d\u0442\u0440\u0430 \u0458\u0435 \u043f\u0440\u043e\u0434\u0443\u043a\u0446\u0438\u0458\u0430 \u043c\u0435\u0434\u0438\u0458\u0441\u043a\u043e\u0433 \u0438 \u0444\u0438\u043b\u043c\u0441\u043a\u043e\u0433 \u043c\u0430\u0442\u0435\u0438\u0458\u0430\u043b\u0430 \u043e \u043f\u043e\u043b\u043e\u0436\u0430\u0458\u0443 \u043e\u0441\u043e\u0431\u0430 \u0441\u0430 \u0438\u043d\u0432\u0430\u043b\u0438\u0434\u0438\u0442\u0435\u0442\u043e\u043c \u0438 \u0433\u0440\u0430\u0452\u0430\u043d\u0441\u043a\u0438\u043c \u043f\u0440\u0430\u0432\u0438\u043c\u0430.[:]\",\"publisher\":{\"@id\":\"https:\\\/\\\/www.czuns.org\\\/#organization\"},\"potentialAction\":[{\"@type\":\"SearchAction\",\"target\":{\"@type\":\"EntryPoint\",\"urlTemplate\":\"https:\\\/\\\/www.czuns.org\\\/?s={search_term_string}\"},\"query-input\":{\"@type\":\"PropertyValueSpecification\",\"valueRequired\":true,\"valueName\":\"search_term_string\"}}],\"inLanguage\":\"en-US\"},{\"@type\":\"Organization\",\"@id\":\"https:\\\/\\\/www.czuns.org\\\/#organization\",\"name\":\"Centar \u017diveti uspravno Novi Sad\",\"url\":\"https:\\\/\\\/www.czuns.org\\\/\",\"logo\":{\"@type\":\"ImageObject\",\"inLanguage\":\"en-US\",\"@id\":\"https:\\\/\\\/www.czuns.org\\\/#\\\/schema\\\/logo\\\/image\\\/\",\"url\":\"https:\\\/\\\/www.czuns.org\\\/wp-content\\\/uploads\\\/2020\\\/07\\\/czu_logo.png\",\"contentUrl\":\"https:\\\/\\\/www.czuns.org\\\/wp-content\\\/uploads\\\/2020\\\/07\\\/czu_logo.png\",\"width\":871,\"height\":315,\"caption\":\"Centar \u017diveti uspravno Novi Sad\"},\"image\":{\"@id\":\"https:\\\/\\\/www.czuns.org\\\/#\\\/schema\\\/logo\\\/image\\\/\"},\"sameAs\":[\"https:\\\/\\\/www.facebook.com\\\/profile.php?id=100064645570972\",\"https:\\\/\\\/x.com\\\/uspravno\",\"https:\\\/\\\/www.instagram.com\\\/centar.ziveti.uspravno\\\/\"]},{\"@type\":\"Person\",\"@id\":\"https:\\\/\\\/www.czuns.org\\\/#\\\/schema\\\/person\\\/e6a524dac9abf6dbe2a6d72ba935ba16\",\"name\":\"czuns\",\"image\":{\"@type\":\"ImageObject\",\"inLanguage\":\"en-US\",\"@id\":\"https:\\\/\\\/secure.gravatar.com\\\/avatar\\\/253f19539fa3a351c7d26815ac9fea49906610392f33e3508931d1c6d3f19d6d?s=96&d=mm&r=g\",\"url\":\"https:\\\/\\\/secure.gravatar.com\\\/avatar\\\/253f19539fa3a351c7d26815ac9fea49906610392f33e3508931d1c6d3f19d6d?s=96&d=mm&r=g\",\"contentUrl\":\"https:\\\/\\\/secure.gravatar.com\\\/avatar\\\/253f19539fa3a351c7d26815ac9fea49906610392f33e3508931d1c6d3f19d6d?s=96&d=mm&r=g\",\"caption\":\"czuns\"},\"url\":\"https:\\\/\\\/www.czuns.org\\\/en\\\/author\\\/czuns\\\/\"}]}<\/script>\n","yoast_head_json":{"title":"[:rs]ZAPO\u0160LJAVAMO:[:] - Centre LIVING UPRIGHT Novi Sad","description":"\u201eCentar \u2018\u017diveti uspravno\u2019 Novi Sad pru\u017ea personalnu asistenciju, peer podr\u0161ku i promovi\u0161e samostalan \u017eivot i ljudska prava.","robots":{"index":"index","follow":"follow","max-snippet":"max-snippet:-1","max-image-preview":"max-image-preview:large","max-video-preview":"max-video-preview:-1"},"canonical":"https:\/\/www.czuns.org\/zaposljavamo-14\/","og_locale":"en_US","og_type":"article","og_title":"[:rs]ZAPO\u0160LJAVAMO:[:] - Centre LIVING UPRIGHT Novi Sad","og_description":"\u201eCentar \u2018\u017diveti uspravno\u2019 Novi Sad pru\u017ea personalnu asistenciju, peer podr\u0161ku i promovi\u0161e samostalan \u017eivot i ljudska prava.","og_url":"https:\/\/www.czuns.org\/zaposljavamo-14\/","og_site_name":"Centre LIVING UPRIGHT Novi Sad","article_publisher":"https:\/\/www.facebook.com\/profile.php?id=100064645570972","article_published_time":"2022-11-08T15:56:09+00:00","article_modified_time":"2022-11-08T18:08:36+00:00","og_image":[{"width":250,"height":90,"url":"https:\/\/www.czuns.org\/wp-content\/uploads\/2020\/02\/ziveti-uspravno.png","type":"image\/png"}],"author":"czuns","twitter_card":"summary_large_image","twitter_creator":"@uspravno","twitter_site":"@uspravno","twitter_misc":{"Written by":"czuns","Est. reading time":"1 minute"},"schema":{"@context":"https:\/\/schema.org","@graph":[{"@type":"Article","@id":"https:\/\/www.czuns.org\/zaposljavamo-14\/#article","isPartOf":{"@id":"https:\/\/www.czuns.org\/zaposljavamo-14\/"},"author":{"name":"czuns","@id":"https:\/\/www.czuns.org\/#\/schema\/person\/e6a524dac9abf6dbe2a6d72ba935ba16"},"headline":"ZAPO\u0160LJAVAMO:","datePublished":"2022-11-08T15:56:09+00:00","dateModified":"2022-11-08T18:08:36+00:00","mainEntityOfPage":{"@id":"https:\/\/www.czuns.org\/zaposljavamo-14\/"},"wordCount":162,"commentCount":0,"publisher":{"@id":"https:\/\/www.czuns.org\/#organization"},"image":{"@id":"https:\/\/www.czuns.org\/zaposljavamo-14\/#primaryimage"},"thumbnailUrl":"https:\/\/www.czuns.org\/wp-content\/uploads\/2020\/02\/ziveti-uspravno.png","articleSection":["News"],"inLanguage":"en-US","potentialAction":[{"@type":"CommentAction","name":"Comment","target":["https:\/\/www.czuns.org\/zaposljavamo-14\/#respond"]}]},{"@type":"WebPage","@id":"https:\/\/www.czuns.org\/zaposljavamo-14\/","url":"https:\/\/www.czuns.org\/zaposljavamo-14\/","name":"[:rs]ZAPO\u0160LJAVAMO:[:] - Centre LIVING UPRIGHT Novi Sad","isPartOf":{"@id":"https:\/\/www.czuns.org\/#website"},"primaryImageOfPage":{"@id":"https:\/\/www.czuns.org\/zaposljavamo-14\/#primaryimage"},"image":{"@id":"https:\/\/www.czuns.org\/zaposljavamo-14\/#primaryimage"},"thumbnailUrl":"https:\/\/www.czuns.org\/wp-content\/uploads\/2020\/02\/ziveti-uspravno.png","datePublished":"2022-11-08T15:56:09+00:00","dateModified":"2022-11-08T18:08:36+00:00","description":"\u201eCentar \u2018\u017diveti uspravno\u2019 Novi Sad pru\u017ea personalnu asistenciju, peer podr\u0161ku i promovi\u0161e samostalan \u017eivot i ljudska prava.","breadcrumb":{"@id":"https:\/\/www.czuns.org\/zaposljavamo-14\/#breadcrumb"},"inLanguage":"en-US","potentialAction":[{"@type":"ReadAction","target":["https:\/\/www.czuns.org\/zaposljavamo-14\/"]}]},{"@type":"ImageObject","inLanguage":"en-US","@id":"https:\/\/www.czuns.org\/zaposljavamo-14\/#primaryimage","url":"https:\/\/www.czuns.org\/wp-content\/uploads\/2020\/02\/ziveti-uspravno.png","contentUrl":"https:\/\/www.czuns.org\/wp-content\/uploads\/2020\/02\/ziveti-uspravno.png","width":250,"height":90},{"@type":"BreadcrumbList","@id":"https:\/\/www.czuns.org\/zaposljavamo-14\/#breadcrumb","itemListElement":[{"@type":"ListItem","position":1,"name":"\u041f\u043e\u0447\u0435\u0442\u043d\u0430","item":"https:\/\/www.czuns.org\/"},{"@type":"ListItem","position":2,"name":"ZAPO\u0160LJAVAMO:"}]},{"@type":"WebSite","@id":"https:\/\/www.czuns.org\/#website","url":"https:\/\/www.czuns.org\/","name":"Centar \u017diveti uspravno Novi Sad","description":"[:rs]Prete\u017ena delatnost Centra je 8899 ostali vidovi socijalne za\u0161tite bez sme\u0161taja[:en] Centre&#039;s registered predominant activity is 8899: other social services except for accommodation[:sr]\u041f\u0440\u0435\u0442\u0435\u0436\u043d\u0430 \u0434\u0435\u043b\u0430\u0442\u043d\u043e\u0441\u0442 \u0426\u0435\u043d\u0442\u0440\u0430 \u0458\u0435 \u043f\u0440\u043e\u0434\u0443\u043a\u0446\u0438\u0458\u0430 \u043c\u0435\u0434\u0438\u0458\u0441\u043a\u043e\u0433 \u0438 \u0444\u0438\u043b\u043c\u0441\u043a\u043e\u0433 \u043c\u0430\u0442\u0435\u0438\u0458\u0430\u043b\u0430 \u043e \u043f\u043e\u043b\u043e\u0436\u0430\u0458\u0443 \u043e\u0441\u043e\u0431\u0430 \u0441\u0430 \u0438\u043d\u0432\u0430\u043b\u0438\u0434\u0438\u0442\u0435\u0442\u043e\u043c \u0438 \u0433\u0440\u0430\u0452\u0430\u043d\u0441\u043a\u0438\u043c \u043f\u0440\u0430\u0432\u0438\u043c\u0430.[:]","publisher":{"@id":"https:\/\/www.czuns.org\/#organization"},"potentialAction":[{"@type":"SearchAction","target":{"@type":"EntryPoint","urlTemplate":"https:\/\/www.czuns.org\/?s={search_term_string}"},"query-input":{"@type":"PropertyValueSpecification","valueRequired":true,"valueName":"search_term_string"}}],"inLanguage":"en-US"},{"@type":"Organization","@id":"https:\/\/www.czuns.org\/#organization","name":"Centar \u017diveti uspravno Novi Sad","url":"https:\/\/www.czuns.org\/","logo":{"@type":"ImageObject","inLanguage":"en-US","@id":"https:\/\/www.czuns.org\/#\/schema\/logo\/image\/","url":"https:\/\/www.czuns.org\/wp-content\/uploads\/2020\/07\/czu_logo.png","contentUrl":"https:\/\/www.czuns.org\/wp-content\/uploads\/2020\/07\/czu_logo.png","width":871,"height":315,"caption":"Centar \u017diveti uspravno Novi Sad"},"image":{"@id":"https:\/\/www.czuns.org\/#\/schema\/logo\/image\/"},"sameAs":["https:\/\/www.facebook.com\/profile.php?id=100064645570972","https:\/\/x.com\/uspravno","https:\/\/www.instagram.com\/centar.ziveti.uspravno\/"]},{"@type":"Person","@id":"https:\/\/www.czuns.org\/#\/schema\/person\/e6a524dac9abf6dbe2a6d72ba935ba16","name":"czuns","image":{"@type":"ImageObject","inLanguage":"en-US","@id":"https:\/\/secure.gravatar.com\/avatar\/253f19539fa3a351c7d26815ac9fea49906610392f33e3508931d1c6d3f19d6d?s=96&d=mm&r=g","url":"https:\/\/secure.gravatar.com\/avatar\/253f19539fa3a351c7d26815ac9fea49906610392f33e3508931d1c6d3f19d6d?s=96&d=mm&r=g","contentUrl":"https:\/\/secure.gravatar.com\/avatar\/253f19539fa3a351c7d26815ac9fea49906610392f33e3508931d1c6d3f19d6d?s=96&d=mm&r=g","caption":"czuns"},"url":"https:\/\/www.czuns.org\/en\/author\/czuns\/"}]}},"_links":{"self":[{"href":"https:\/\/www.czuns.org\/en\/wp-json\/wp\/v2\/posts\/4505","targetHints":{"allow":["GET"]}}],"collection":[{"href":"https:\/\/www.czuns.org\/en\/wp-json\/wp\/v2\/posts"}],"about":[{"href":"https:\/\/www.czuns.org\/en\/wp-json\/wp\/v2\/types\/post"}],"author":[{"embeddable":true,"href":"https:\/\/www.czuns.org\/en\/wp-json\/wp\/v2\/users\/3"}],"replies":[{"embeddable":true,"href":"https:\/\/www.czuns.org\/en\/wp-json\/wp\/v2\/comments?post=4505"}],"version-history":[{"count":0,"href":"https:\/\/www.czuns.org\/en\/wp-json\/wp\/v2\/posts\/4505\/revisions"}],"wp:featuredmedia":[{"embeddable":true,"href":"https:\/\/www.czuns.org\/en\/wp-json\/wp\/v2\/media\/3843"}],"wp:attachment":[{"href":"https:\/\/www.czuns.org\/en\/wp-json\/wp\/v2\/media?parent=4505"}],"wp:term":[{"taxonomy":"category","embeddable":true,"href":"https:\/\/www.czuns.org\/en\/wp-json\/wp\/v2\/categories?post=4505"},{"taxonomy":"post_tag","embeddable":true,"href":"https:\/\/www.czuns.org\/en\/wp-json\/wp\/v2\/tags?post=4505"}],"curies":[{"name":"wp","href":"https:\/\/api.w.org\/{rel}","templated":true}]}}