{"id":4554,"date":"2023-01-10T12:16:57","date_gmt":"2023-01-10T11:16:57","guid":{"rendered":"https:\/\/www.czuns.org\/?p=4554"},"modified":"2023-01-10T21:18:42","modified_gmt":"2023-01-10T20:18:42","slug":"presek-stanja-u-vezi-s-finansiranjem-usluge-pa-u-organizaciji-centra-i-poziv-za-hitnu-podrsku","status":"publish","type":"post","link":"https:\/\/www.czuns.org\/en\/presek-stanja-u-vezi-s-finansiranjem-usluge-pa-u-organizaciji-centra-i-poziv-za-hitnu-podrsku\/","title":{"rendered":"PRESEK STANJA U VEZI S FINANSIRANJEM USLUGE PERSONALNE ASISTENCIJE U ORGANIZACIJI CENTRA I POZIV ZA HITNU PODR\u0160KU"},"content":{"rendered":"<p class=\"qtranxs-available-languages-message qtranxs-available-languages-message-en\">Sorry, this entry is only available in <a href=\"https:\/\/www.czuns.org\/rs\/wp-json\/wp\/v2\/posts\/4554\" class=\"qtranxs-available-language-link qtranxs-available-language-link-rs\" title=\"B\/CG\/H\/S\">B\/CG\/H\/S<\/a>. For the sake of viewer convenience, the content is shown below in the alternative language. You may click the link to switch the active language.<\/p><p><\/p>\n<p style=\"padding-left: 40px; text-align: justify;\">Po\u0161tovani\/e,<br \/>\nUz najlep\u0161e \u017eelje za ovu godinu, \u0161aljem vam informaciju o jo\u0161 jednoj uspe\u0161no zavr\u0161enoj <a href=\"https:\/\/www.czuns.org\/uspesno-zavrsena-kampanja\/\">kampanji<\/a> grupnog prikupljanja sredstava. Zavr\u0161ena je 30.12. Trajala je 5 meseci umesto 2 zbog toga \u0161to je zapo\u010dela u vreme godi\u0161njih odmora i op\u0161tih finansijskih prilika, koje su povod \u0161to vam se sad obra\u0107am.<br \/>\nU okviru kampanje donirano je 5.615,00 din. vi\u0161e od predvi\u0111ene sume i u ovoj upla\u0107ene su 2 li\u010dne donacije od 38.800,00 din i deo unapred ulo\u017eenog novca vra\u0107en je Centru, \u010dime se manjak za period jun 2020- decembar 2022. smanjio na 2.273.200,00 din. od kojih je<\/p>\n<p style=\"padding-left: 40px; text-align: justify;\"><strong>iznos od 377500 din. neophodno da hitno obeznedimo<\/strong> za 13 nepla\u0107enih doprinosa jer nas 31, uklju\u010duju\u0107i 7 dece zaposlenih trenutno nema zdravstveno osiguranje.<\/p>\n<p style=\"padding-left: 40px; text-align: justify;\">\nO\u010dekivana donacija u decembru preusmerena je na drugu namenu, a za drugu je javljeno da nije odobrena, zbog \u010dega \u0107e asistencija korisniku iz Beograda morati privremeno da bude prekinuta ukoliko novac hitno ne bude obezbe\u0111en, a korisnica iz Subotice je po predo\u010denim informacijama, predlo\u017eila da se ne nastavi radni odnos sa njenom asistentkinjom (nakon 58 meseci) i da je Centar uputi na tromese\u010dnu naknadu NSZ u slu\u010daaju nezaposlenosti. Poslali smo tog dana, tre\u0107e po redu pismo gradona\u010delniku i resornom sekretarijatu u Subotici da Grad na\u0111e na\u010din da do zavr\u0161etka revizije ostvarivanja njenog prava na naknadu za tu\u0111u negu i pimo\u0107, koja je u toku, jer joj se fizi\u010dko stanje pogor\u0161alo, ili promene dr\u017eavnog pravilnka, koja predstoji, ali resorno ministarstvo ne mo\u017ee da da nikakvu informaciju o rokovima, zajedno na\u0111emo na\u010din da i ona ima uslugu vode\u0107i se principom UN-a da se niko ne ostavi po strani. Predlo\u017eili smo mogu\u0107a re\u0161enja. Do sada nije stigao odgovor.<\/p>\n<p style=\"padding-left: 40px; text-align: justify;\">Poverenica za za\u0161titu ravnopravnosti uputila je, nakon obra\u0107anja Centra, 21.9.2022. predlog resornom ministarstvu da se u \u010dl. 99 Pravilnika o bli\u017eim uslovima i standardima pru\u017eanja usluga socijalne za\u0161tite izmeni deo po kome samo osobe koje ostvaruju pravo na naknadu uve\u0107ani dodatak za tu\u0111u negu i pomo\u0107 drugog lica imaju pravo na fnansiranje usluge PA bud\u017eetskim sredstvima.<br \/>\nCentar je u pro\u0161loj godini imao priliv od 33.491.051,93 din, u\u010de\u0161\u0107e Grada NS u finansiranju je 86%. Grad je pokrio naknade za rad asistenata\/kinja u NS, kampanja naknade za bolovanje i godi\u0161nji odmor u 2022. godini. Ostalo je nepokriveno 8 prazni\u010dnih dana (do maja, a predstoji pla\u0107anje ovogodi\u0161njih janurskih i dalje jer jo\u0161 uvek nemamo informaciju da li \u0107e ih Grad pokriti, jedna naknada za godi\u0161nji odmor iz juna 2020, putni tro\u0161kovi, sem radni\u010dkih markica za prevoz, u periodu jun 2021-decembar 2022. jer smo novac upla\u0107en za ovu namenu usmerili na nankade za godi\u0161nje odmore i bolovanja 2020-21 (sem jednog), za 2 doprinosa u NS i asistenciju prvoj slepoj studentkinji Medicinskog fakulteta u NS, kojoj je Centar 24 meseca pre sticanja prava na finansiranje usluge iz Bud\u017eeta Grada NS, organizovao asistenciju obezbe\u0111uju\u0107i 80% sredstava.<\/p>\n<p style=\"padding-left: 40px; text-align: justify;\">Manjak u NS u poslednje 2,5 g. je 1,8 miliona din, u Subotici Beogradu i Somboru 1,150.700,00 din. O\u010dekujemo da \u0107e ove nedelje resrona gradska uprava u NS obavestiti Centar o tome koju \u0107e od 5 stavki koje trenutno ne finansira, a za koje godi\u0161nje treba 4 miliona din, finansirati. Po na\u010dinu na koji je u Pravilniku o bli\u017eim uslovima i kriterijumima za finansiranje usluga soc. za\u0161tite definisana cena usluge po satu (samo neto i doprinosi za sat pru\u017eene usluge) izvesno je da \u0107e Grad na\u0107i na\u010din samo za sufinansiranje punog obima usluge dvema koleginicama kojima je potrebna celodnevna asistencija i asistencija dveju osoba pri svakom podizanju, odnono pokrrivanje 5 celih mese\u010dnih noormi. Za sada je pokriva po principu 24 sata x br. dana u mesecu, \u0161to stvara mese\u010dni manjak za pola do cele norme za svaku od njih. Nije nam jo\u0161 uvek predo\u010den razlog sem iznosa sredstava koji za to treba da se opredeli, za neuskla\u0111ivanje gradskog pravilnika sa Zakonom o radu budu\u0107i da je u pitanju usluga koja podrazumeva ljudski rad i mo\u017ee se legalno organizovati, ukoliko je licencirana, samo uz potpisivanje ugovora o radu s direktnim pru\u017eaocima.<br \/>\nUz zahvalnost za dosada\u0161nju podr\u0161ku kontinuitetu usluge, htela sam da vas zamolim, da u toku ove nedelje, u skladu sa svojim mogu\u0107nostima, ponovo donirate za nju da mo\u017eemo da isplatimo pro\u0161logdi\u0161nje nepla\u0107ene doprinose i produ\u017eimo zdravstveno osiguranje. Jutros je stigla nova opomena Poreske uprave.<\/p>\n<p style=\"padding-left: 40px; text-align: justify;\"><strong> Ra\u010dun za donacije je 340-11001268-31 u Erste banci AD.\u00a0<\/strong><\/p>\n<p style=\"padding-left: 40px; text-align: justify;\">Srda\u010dno!<\/p>\n<p style=\"padding-left: 40px; text-align: justify;\">mr Milica Mima Ru\u017ei\u010di\u0107-Novkovi\u0107, predsednica<\/p>\n<p><\/p>","protected":false},"excerpt":{"rendered":"<p>Sorry, this entry is only available in B\/CG\/H\/S. For the sake of viewer convenience, the content is shown below in the alternative language. You may click the link to switch the active language. Po\u0161tovani\/e, Uz najlep\u0161e \u017eelje za ovu godinu, \u0161aljem vam informaciju o jo\u0161 jednoj uspe\u0161no zavr\u0161enoj kampanji grupnog&#8230; <a class=\"continue-reading-link\" href=\"https:\/\/www.czuns.org\/en\/presek-stanja-u-vezi-s-finansiranjem-usluge-pa-u-organizaciji-centra-i-poziv-za-hitnu-podrsku\/\">Ceo \u010dlanak<\/a><\/p>\n","protected":false},"author":3,"featured_media":3849,"comment_status":"open","ping_status":"open","sticky":false,"template":"","format":"standard","meta":{"_eb_attr":"","_crdt_document":"","footnotes":"","_links_to":"","_links_to_target":""},"categories":[2],"tags":[],"class_list":["post-4554","post","type-post","status-publish","format-standard","has-post-thumbnail","hentry","category-novosti"],"yoast_head":"\n<title><\/title>\n<meta name=\"description\" content=\"\u201eCentar \u2018\u017diveti uspravno\u2019 Novi Sad pru\u017ea personalnu asistenciju, peer podr\u0161ku i promovi\u0161e samostalan \u017eivot i ljudska prava.\" \/>\n<meta name=\"robots\" content=\"index, follow, max-snippet:-1, max-image-preview:large, max-video-preview:-1\" \/>\n<link rel=\"canonical\" href=\"https:\/\/www.czuns.org\/presek-stanja-u-vezi-s-finansiranjem-usluge-pa-u-organizaciji-centra-i-poziv-za-hitnu-podrsku\/\" \/>\n<meta property=\"og:locale\" content=\"en_US\" \/>\n<meta property=\"og:type\" content=\"article\" \/>\n<meta property=\"og:title\" content=\"[:rs]PRESEK STANJA U VEZI S FINANSIRANJEM USLUGE PERSONALNE ASISTENCIJE U ORGANIZACIJI CENTRA I POZIV ZA HITNU PODR\u0160KU[:] - Centre LIVING UPRIGHT Novi Sad\" \/>\n<meta property=\"og:description\" content=\"\u201eCentar \u2018\u017diveti uspravno\u2019 Novi Sad pru\u017ea personalnu asistenciju, peer podr\u0161ku i promovi\u0161e samostalan \u017eivot i ljudska prava.\" \/>\n<meta property=\"og:url\" content=\"https:\/\/www.czuns.org\/presek-stanja-u-vezi-s-finansiranjem-usluge-pa-u-organizaciji-centra-i-poziv-za-hitnu-podrsku\/\" \/>\n<meta property=\"og:site_name\" content=\"Centre LIVING UPRIGHT Novi Sad\" \/>\n<meta property=\"article:publisher\" content=\"https:\/\/www.facebook.com\/profile.php?id=100064645570972\" \/>\n<meta property=\"article:published_time\" content=\"2023-01-10T11:16:57+00:00\" \/>\n<meta property=\"article:modified_time\" content=\"2023-01-10T20:18:42+00:00\" \/>\n<meta property=\"og:image\" content=\"https:\/\/www.czuns.org\/wp-content\/uploads\/2020\/02\/ziveti-uspravno-2.png\" \/>\n\t<meta property=\"og:image:width\" content=\"250\" \/>\n\t<meta property=\"og:image:height\" content=\"90\" \/>\n\t<meta property=\"og:image:type\" content=\"image\/png\" \/>\n<meta name=\"author\" content=\"czuns\" \/>\n<meta name=\"twitter:card\" content=\"summary_large_image\" \/>\n<meta name=\"twitter:creator\" content=\"@uspravno\" \/>\n<meta name=\"twitter:site\" content=\"@uspravno\" \/>\n<meta name=\"twitter:label1\" content=\"Written by\" \/>\n\t<meta name=\"twitter:data1\" content=\"czuns\" \/>\n\t<meta name=\"twitter:label2\" content=\"Est. reading time\" \/>\n\t<meta name=\"twitter:data2\" content=\"4 minutes\" \/>\n<script type=\"application\/ld+json\" class=\"yoast-schema-graph\">{\"@context\":\"https:\\\/\\\/schema.org\",\"@graph\":[{\"@type\":\"Article\",\"@id\":\"https:\\\/\\\/www.czuns.org\\\/presek-stanja-u-vezi-s-finansiranjem-usluge-pa-u-organizaciji-centra-i-poziv-za-hitnu-podrsku\\\/#article\",\"isPartOf\":{\"@id\":\"https:\\\/\\\/www.czuns.org\\\/presek-stanja-u-vezi-s-finansiranjem-usluge-pa-u-organizaciji-centra-i-poziv-za-hitnu-podrsku\\\/\"},\"author\":{\"name\":\"czuns\",\"@id\":\"https:\\\/\\\/www.czuns.org\\\/#\\\/schema\\\/person\\\/e6a524dac9abf6dbe2a6d72ba935ba16\"},\"headline\":\"PRESEK STANJA U VEZI S FINANSIRANJEM USLUGE PERSONALNE ASISTENCIJE U ORGANIZACIJI CENTRA I POZIV ZA HITNU PODR\u0160KU\",\"datePublished\":\"2023-01-10T11:16:57+00:00\",\"dateModified\":\"2023-01-10T20:18:42+00:00\",\"mainEntityOfPage\":{\"@id\":\"https:\\\/\\\/www.czuns.org\\\/presek-stanja-u-vezi-s-finansiranjem-usluge-pa-u-organizaciji-centra-i-poziv-za-hitnu-podrsku\\\/\"},\"wordCount\":795,\"commentCount\":0,\"publisher\":{\"@id\":\"https:\\\/\\\/www.czuns.org\\\/#organization\"},\"image\":{\"@id\":\"https:\\\/\\\/www.czuns.org\\\/presek-stanja-u-vezi-s-finansiranjem-usluge-pa-u-organizaciji-centra-i-poziv-za-hitnu-podrsku\\\/#primaryimage\"},\"thumbnailUrl\":\"https:\\\/\\\/www.czuns.org\\\/wp-content\\\/uploads\\\/2020\\\/02\\\/ziveti-uspravno-2.png\",\"articleSection\":[\"News\"],\"inLanguage\":\"en-US\",\"potentialAction\":[{\"@type\":\"CommentAction\",\"name\":\"Comment\",\"target\":[\"https:\\\/\\\/www.czuns.org\\\/presek-stanja-u-vezi-s-finansiranjem-usluge-pa-u-organizaciji-centra-i-poziv-za-hitnu-podrsku\\\/#respond\"]}]},{\"@type\":\"WebPage\",\"@id\":\"https:\\\/\\\/www.czuns.org\\\/presek-stanja-u-vezi-s-finansiranjem-usluge-pa-u-organizaciji-centra-i-poziv-za-hitnu-podrsku\\\/\",\"url\":\"https:\\\/\\\/www.czuns.org\\\/presek-stanja-u-vezi-s-finansiranjem-usluge-pa-u-organizaciji-centra-i-poziv-za-hitnu-podrsku\\\/\",\"name\":\"[:rs]PRESEK STANJA U VEZI S FINANSIRANJEM USLUGE PERSONALNE ASISTENCIJE U ORGANIZACIJI CENTRA I POZIV ZA HITNU PODR\u0160KU[:] - Centre LIVING UPRIGHT Novi Sad\",\"isPartOf\":{\"@id\":\"https:\\\/\\\/www.czuns.org\\\/#website\"},\"primaryImageOfPage\":{\"@id\":\"https:\\\/\\\/www.czuns.org\\\/presek-stanja-u-vezi-s-finansiranjem-usluge-pa-u-organizaciji-centra-i-poziv-za-hitnu-podrsku\\\/#primaryimage\"},\"image\":{\"@id\":\"https:\\\/\\\/www.czuns.org\\\/presek-stanja-u-vezi-s-finansiranjem-usluge-pa-u-organizaciji-centra-i-poziv-za-hitnu-podrsku\\\/#primaryimage\"},\"thumbnailUrl\":\"https:\\\/\\\/www.czuns.org\\\/wp-content\\\/uploads\\\/2020\\\/02\\\/ziveti-uspravno-2.png\",\"datePublished\":\"2023-01-10T11:16:57+00:00\",\"dateModified\":\"2023-01-10T20:18:42+00:00\",\"description\":\"\u201eCentar \u2018\u017diveti uspravno\u2019 Novi Sad pru\u017ea personalnu asistenciju, peer podr\u0161ku i promovi\u0161e samostalan \u017eivot i ljudska prava.\",\"breadcrumb\":{\"@id\":\"https:\\\/\\\/www.czuns.org\\\/presek-stanja-u-vezi-s-finansiranjem-usluge-pa-u-organizaciji-centra-i-poziv-za-hitnu-podrsku\\\/#breadcrumb\"},\"inLanguage\":\"en-US\",\"potentialAction\":[{\"@type\":\"ReadAction\",\"target\":[\"https:\\\/\\\/www.czuns.org\\\/presek-stanja-u-vezi-s-finansiranjem-usluge-pa-u-organizaciji-centra-i-poziv-za-hitnu-podrsku\\\/\"]}]},{\"@type\":\"ImageObject\",\"inLanguage\":\"en-US\",\"@id\":\"https:\\\/\\\/www.czuns.org\\\/presek-stanja-u-vezi-s-finansiranjem-usluge-pa-u-organizaciji-centra-i-poziv-za-hitnu-podrsku\\\/#primaryimage\",\"url\":\"https:\\\/\\\/www.czuns.org\\\/wp-content\\\/uploads\\\/2020\\\/02\\\/ziveti-uspravno-2.png\",\"contentUrl\":\"https:\\\/\\\/www.czuns.org\\\/wp-content\\\/uploads\\\/2020\\\/02\\\/ziveti-uspravno-2.png\",\"width\":250,\"height\":90},{\"@type\":\"BreadcrumbList\",\"@id\":\"https:\\\/\\\/www.czuns.org\\\/presek-stanja-u-vezi-s-finansiranjem-usluge-pa-u-organizaciji-centra-i-poziv-za-hitnu-podrsku\\\/#breadcrumb\",\"itemListElement\":[{\"@type\":\"ListItem\",\"position\":1,\"name\":\"\u041f\u043e\u0447\u0435\u0442\u043d\u0430\",\"item\":\"https:\\\/\\\/www.czuns.org\\\/\"},{\"@type\":\"ListItem\",\"position\":2,\"name\":\"PRESEK STANJA U VEZI S FINANSIRANJEM USLUGE PERSONALNE ASISTENCIJE U ORGANIZACIJI CENTRA I POZIV ZA HITNU PODR\u0160KU\"}]},{\"@type\":\"WebSite\",\"@id\":\"https:\\\/\\\/www.czuns.org\\\/#website\",\"url\":\"https:\\\/\\\/www.czuns.org\\\/\",\"name\":\"Centar \u017diveti uspravno Novi Sad\",\"description\":\"[:rs]Prete\u017ena delatnost Centra je 8899 ostali vidovi socijalne za\u0161tite bez sme\u0161taja[:en] Centre&#039;s registered  predominant activity is 8899: other social services except for accommodation[:sr]\u041f\u0440\u0435\u0442\u0435\u0436\u043d\u0430 \u0434\u0435\u043b\u0430\u0442\u043d\u043e\u0441\u0442 \u0426\u0435\u043d\u0442\u0440\u0430 \u0458\u0435 \u043f\u0440\u043e\u0434\u0443\u043a\u0446\u0438\u0458\u0430 \u043c\u0435\u0434\u0438\u0458\u0441\u043a\u043e\u0433 \u0438 \u0444\u0438\u043b\u043c\u0441\u043a\u043e\u0433 \u043c\u0430\u0442\u0435\u0438\u0458\u0430\u043b\u0430 \u043e \u043f\u043e\u043b\u043e\u0436\u0430\u0458\u0443 \u043e\u0441\u043e\u0431\u0430 \u0441\u0430 \u0438\u043d\u0432\u0430\u043b\u0438\u0434\u0438\u0442\u0435\u0442\u043e\u043c \u0438 \u0433\u0440\u0430\u0452\u0430\u043d\u0441\u043a\u0438\u043c \u043f\u0440\u0430\u0432\u0438\u043c\u0430.[:]\",\"publisher\":{\"@id\":\"https:\\\/\\\/www.czuns.org\\\/#organization\"},\"potentialAction\":[{\"@type\":\"SearchAction\",\"target\":{\"@type\":\"EntryPoint\",\"urlTemplate\":\"https:\\\/\\\/www.czuns.org\\\/?s={search_term_string}\"},\"query-input\":{\"@type\":\"PropertyValueSpecification\",\"valueRequired\":true,\"valueName\":\"search_term_string\"}}],\"inLanguage\":\"en-US\"},{\"@type\":\"Organization\",\"@id\":\"https:\\\/\\\/www.czuns.org\\\/#organization\",\"name\":\"Centar \u017diveti uspravno Novi Sad\",\"url\":\"https:\\\/\\\/www.czuns.org\\\/\",\"logo\":{\"@type\":\"ImageObject\",\"inLanguage\":\"en-US\",\"@id\":\"https:\\\/\\\/www.czuns.org\\\/#\\\/schema\\\/logo\\\/image\\\/\",\"url\":\"https:\\\/\\\/www.czuns.org\\\/wp-content\\\/uploads\\\/2020\\\/07\\\/czu_logo.png\",\"contentUrl\":\"https:\\\/\\\/www.czuns.org\\\/wp-content\\\/uploads\\\/2020\\\/07\\\/czu_logo.png\",\"width\":871,\"height\":315,\"caption\":\"Centar \u017diveti uspravno Novi Sad\"},\"image\":{\"@id\":\"https:\\\/\\\/www.czuns.org\\\/#\\\/schema\\\/logo\\\/image\\\/\"},\"sameAs\":[\"https:\\\/\\\/www.facebook.com\\\/profile.php?id=100064645570972\",\"https:\\\/\\\/x.com\\\/uspravno\",\"https:\\\/\\\/www.instagram.com\\\/centar.ziveti.uspravno\\\/\"]},{\"@type\":\"Person\",\"@id\":\"https:\\\/\\\/www.czuns.org\\\/#\\\/schema\\\/person\\\/e6a524dac9abf6dbe2a6d72ba935ba16\",\"name\":\"czuns\",\"image\":{\"@type\":\"ImageObject\",\"inLanguage\":\"en-US\",\"@id\":\"https:\\\/\\\/secure.gravatar.com\\\/avatar\\\/253f19539fa3a351c7d26815ac9fea49906610392f33e3508931d1c6d3f19d6d?s=96&d=mm&r=g\",\"url\":\"https:\\\/\\\/secure.gravatar.com\\\/avatar\\\/253f19539fa3a351c7d26815ac9fea49906610392f33e3508931d1c6d3f19d6d?s=96&d=mm&r=g\",\"contentUrl\":\"https:\\\/\\\/secure.gravatar.com\\\/avatar\\\/253f19539fa3a351c7d26815ac9fea49906610392f33e3508931d1c6d3f19d6d?s=96&d=mm&r=g\",\"caption\":\"czuns\"},\"url\":\"https:\\\/\\\/www.czuns.org\\\/en\\\/author\\\/czuns\\\/\"}]}<\/script>\n","yoast_head_json":{"title":"[:rs]PRESEK STANJA U VEZI S FINANSIRANJEM USLUGE PERSONALNE ASISTENCIJE U ORGANIZACIJI CENTRA I POZIV ZA HITNU PODR\u0160KU[:] - Centre LIVING UPRIGHT Novi Sad","description":"\u201eCentar \u2018\u017diveti uspravno\u2019 Novi Sad pru\u017ea personalnu asistenciju, peer podr\u0161ku i promovi\u0161e samostalan \u017eivot i ljudska prava.","robots":{"index":"index","follow":"follow","max-snippet":"max-snippet:-1","max-image-preview":"max-image-preview:large","max-video-preview":"max-video-preview:-1"},"canonical":"https:\/\/www.czuns.org\/presek-stanja-u-vezi-s-finansiranjem-usluge-pa-u-organizaciji-centra-i-poziv-za-hitnu-podrsku\/","og_locale":"en_US","og_type":"article","og_title":"[:rs]PRESEK STANJA U VEZI S FINANSIRANJEM USLUGE PERSONALNE ASISTENCIJE U ORGANIZACIJI CENTRA I POZIV ZA HITNU PODR\u0160KU[:] - Centre LIVING UPRIGHT Novi Sad","og_description":"\u201eCentar \u2018\u017diveti uspravno\u2019 Novi Sad pru\u017ea personalnu asistenciju, peer podr\u0161ku i promovi\u0161e samostalan \u017eivot i ljudska prava.","og_url":"https:\/\/www.czuns.org\/presek-stanja-u-vezi-s-finansiranjem-usluge-pa-u-organizaciji-centra-i-poziv-za-hitnu-podrsku\/","og_site_name":"Centre LIVING UPRIGHT Novi Sad","article_publisher":"https:\/\/www.facebook.com\/profile.php?id=100064645570972","article_published_time":"2023-01-10T11:16:57+00:00","article_modified_time":"2023-01-10T20:18:42+00:00","og_image":[{"width":250,"height":90,"url":"https:\/\/www.czuns.org\/wp-content\/uploads\/2020\/02\/ziveti-uspravno-2.png","type":"image\/png"}],"author":"czuns","twitter_card":"summary_large_image","twitter_creator":"@uspravno","twitter_site":"@uspravno","twitter_misc":{"Written by":"czuns","Est. reading time":"4 minutes"},"schema":{"@context":"https:\/\/schema.org","@graph":[{"@type":"Article","@id":"https:\/\/www.czuns.org\/presek-stanja-u-vezi-s-finansiranjem-usluge-pa-u-organizaciji-centra-i-poziv-za-hitnu-podrsku\/#article","isPartOf":{"@id":"https:\/\/www.czuns.org\/presek-stanja-u-vezi-s-finansiranjem-usluge-pa-u-organizaciji-centra-i-poziv-za-hitnu-podrsku\/"},"author":{"name":"czuns","@id":"https:\/\/www.czuns.org\/#\/schema\/person\/e6a524dac9abf6dbe2a6d72ba935ba16"},"headline":"PRESEK STANJA U VEZI S FINANSIRANJEM USLUGE PERSONALNE ASISTENCIJE U ORGANIZACIJI CENTRA I POZIV ZA HITNU PODR\u0160KU","datePublished":"2023-01-10T11:16:57+00:00","dateModified":"2023-01-10T20:18:42+00:00","mainEntityOfPage":{"@id":"https:\/\/www.czuns.org\/presek-stanja-u-vezi-s-finansiranjem-usluge-pa-u-organizaciji-centra-i-poziv-za-hitnu-podrsku\/"},"wordCount":795,"commentCount":0,"publisher":{"@id":"https:\/\/www.czuns.org\/#organization"},"image":{"@id":"https:\/\/www.czuns.org\/presek-stanja-u-vezi-s-finansiranjem-usluge-pa-u-organizaciji-centra-i-poziv-za-hitnu-podrsku\/#primaryimage"},"thumbnailUrl":"https:\/\/www.czuns.org\/wp-content\/uploads\/2020\/02\/ziveti-uspravno-2.png","articleSection":["News"],"inLanguage":"en-US","potentialAction":[{"@type":"CommentAction","name":"Comment","target":["https:\/\/www.czuns.org\/presek-stanja-u-vezi-s-finansiranjem-usluge-pa-u-organizaciji-centra-i-poziv-za-hitnu-podrsku\/#respond"]}]},{"@type":"WebPage","@id":"https:\/\/www.czuns.org\/presek-stanja-u-vezi-s-finansiranjem-usluge-pa-u-organizaciji-centra-i-poziv-za-hitnu-podrsku\/","url":"https:\/\/www.czuns.org\/presek-stanja-u-vezi-s-finansiranjem-usluge-pa-u-organizaciji-centra-i-poziv-za-hitnu-podrsku\/","name":"[:rs]PRESEK STANJA U VEZI S FINANSIRANJEM USLUGE PERSONALNE ASISTENCIJE U ORGANIZACIJI CENTRA I POZIV ZA HITNU PODR\u0160KU[:] - Centre LIVING UPRIGHT Novi Sad","isPartOf":{"@id":"https:\/\/www.czuns.org\/#website"},"primaryImageOfPage":{"@id":"https:\/\/www.czuns.org\/presek-stanja-u-vezi-s-finansiranjem-usluge-pa-u-organizaciji-centra-i-poziv-za-hitnu-podrsku\/#primaryimage"},"image":{"@id":"https:\/\/www.czuns.org\/presek-stanja-u-vezi-s-finansiranjem-usluge-pa-u-organizaciji-centra-i-poziv-za-hitnu-podrsku\/#primaryimage"},"thumbnailUrl":"https:\/\/www.czuns.org\/wp-content\/uploads\/2020\/02\/ziveti-uspravno-2.png","datePublished":"2023-01-10T11:16:57+00:00","dateModified":"2023-01-10T20:18:42+00:00","description":"\u201eCentar \u2018\u017diveti uspravno\u2019 Novi Sad pru\u017ea personalnu asistenciju, peer podr\u0161ku i promovi\u0161e samostalan \u017eivot i ljudska prava.","breadcrumb":{"@id":"https:\/\/www.czuns.org\/presek-stanja-u-vezi-s-finansiranjem-usluge-pa-u-organizaciji-centra-i-poziv-za-hitnu-podrsku\/#breadcrumb"},"inLanguage":"en-US","potentialAction":[{"@type":"ReadAction","target":["https:\/\/www.czuns.org\/presek-stanja-u-vezi-s-finansiranjem-usluge-pa-u-organizaciji-centra-i-poziv-za-hitnu-podrsku\/"]}]},{"@type":"ImageObject","inLanguage":"en-US","@id":"https:\/\/www.czuns.org\/presek-stanja-u-vezi-s-finansiranjem-usluge-pa-u-organizaciji-centra-i-poziv-za-hitnu-podrsku\/#primaryimage","url":"https:\/\/www.czuns.org\/wp-content\/uploads\/2020\/02\/ziveti-uspravno-2.png","contentUrl":"https:\/\/www.czuns.org\/wp-content\/uploads\/2020\/02\/ziveti-uspravno-2.png","width":250,"height":90},{"@type":"BreadcrumbList","@id":"https:\/\/www.czuns.org\/presek-stanja-u-vezi-s-finansiranjem-usluge-pa-u-organizaciji-centra-i-poziv-za-hitnu-podrsku\/#breadcrumb","itemListElement":[{"@type":"ListItem","position":1,"name":"\u041f\u043e\u0447\u0435\u0442\u043d\u0430","item":"https:\/\/www.czuns.org\/"},{"@type":"ListItem","position":2,"name":"PRESEK STANJA U VEZI S FINANSIRANJEM USLUGE PERSONALNE ASISTENCIJE U ORGANIZACIJI CENTRA I POZIV ZA HITNU PODR\u0160KU"}]},{"@type":"WebSite","@id":"https:\/\/www.czuns.org\/#website","url":"https:\/\/www.czuns.org\/","name":"Centar \u017diveti uspravno Novi Sad","description":"[:rs]Prete\u017ena delatnost Centra je 8899 ostali vidovi socijalne za\u0161tite bez sme\u0161taja[:en] Centre&#039;s registered predominant activity is 8899: other social services except for accommodation[:sr]\u041f\u0440\u0435\u0442\u0435\u0436\u043d\u0430 \u0434\u0435\u043b\u0430\u0442\u043d\u043e\u0441\u0442 \u0426\u0435\u043d\u0442\u0440\u0430 \u0458\u0435 \u043f\u0440\u043e\u0434\u0443\u043a\u0446\u0438\u0458\u0430 \u043c\u0435\u0434\u0438\u0458\u0441\u043a\u043e\u0433 \u0438 \u0444\u0438\u043b\u043c\u0441\u043a\u043e\u0433 \u043c\u0430\u0442\u0435\u0438\u0458\u0430\u043b\u0430 \u043e \u043f\u043e\u043b\u043e\u0436\u0430\u0458\u0443 \u043e\u0441\u043e\u0431\u0430 \u0441\u0430 \u0438\u043d\u0432\u0430\u043b\u0438\u0434\u0438\u0442\u0435\u0442\u043e\u043c \u0438 \u0433\u0440\u0430\u0452\u0430\u043d\u0441\u043a\u0438\u043c \u043f\u0440\u0430\u0432\u0438\u043c\u0430.[:]","publisher":{"@id":"https:\/\/www.czuns.org\/#organization"},"potentialAction":[{"@type":"SearchAction","target":{"@type":"EntryPoint","urlTemplate":"https:\/\/www.czuns.org\/?s={search_term_string}"},"query-input":{"@type":"PropertyValueSpecification","valueRequired":true,"valueName":"search_term_string"}}],"inLanguage":"en-US"},{"@type":"Organization","@id":"https:\/\/www.czuns.org\/#organization","name":"Centar \u017diveti uspravno Novi Sad","url":"https:\/\/www.czuns.org\/","logo":{"@type":"ImageObject","inLanguage":"en-US","@id":"https:\/\/www.czuns.org\/#\/schema\/logo\/image\/","url":"https:\/\/www.czuns.org\/wp-content\/uploads\/2020\/07\/czu_logo.png","contentUrl":"https:\/\/www.czuns.org\/wp-content\/uploads\/2020\/07\/czu_logo.png","width":871,"height":315,"caption":"Centar \u017diveti uspravno Novi Sad"},"image":{"@id":"https:\/\/www.czuns.org\/#\/schema\/logo\/image\/"},"sameAs":["https:\/\/www.facebook.com\/profile.php?id=100064645570972","https:\/\/x.com\/uspravno","https:\/\/www.instagram.com\/centar.ziveti.uspravno\/"]},{"@type":"Person","@id":"https:\/\/www.czuns.org\/#\/schema\/person\/e6a524dac9abf6dbe2a6d72ba935ba16","name":"czuns","image":{"@type":"ImageObject","inLanguage":"en-US","@id":"https:\/\/secure.gravatar.com\/avatar\/253f19539fa3a351c7d26815ac9fea49906610392f33e3508931d1c6d3f19d6d?s=96&d=mm&r=g","url":"https:\/\/secure.gravatar.com\/avatar\/253f19539fa3a351c7d26815ac9fea49906610392f33e3508931d1c6d3f19d6d?s=96&d=mm&r=g","contentUrl":"https:\/\/secure.gravatar.com\/avatar\/253f19539fa3a351c7d26815ac9fea49906610392f33e3508931d1c6d3f19d6d?s=96&d=mm&r=g","caption":"czuns"},"url":"https:\/\/www.czuns.org\/en\/author\/czuns\/"}]}},"_links":{"self":[{"href":"https:\/\/www.czuns.org\/en\/wp-json\/wp\/v2\/posts\/4554","targetHints":{"allow":["GET"]}}],"collection":[{"href":"https:\/\/www.czuns.org\/en\/wp-json\/wp\/v2\/posts"}],"about":[{"href":"https:\/\/www.czuns.org\/en\/wp-json\/wp\/v2\/types\/post"}],"author":[{"embeddable":true,"href":"https:\/\/www.czuns.org\/en\/wp-json\/wp\/v2\/users\/3"}],"replies":[{"embeddable":true,"href":"https:\/\/www.czuns.org\/en\/wp-json\/wp\/v2\/comments?post=4554"}],"version-history":[{"count":0,"href":"https:\/\/www.czuns.org\/en\/wp-json\/wp\/v2\/posts\/4554\/revisions"}],"wp:featuredmedia":[{"embeddable":true,"href":"https:\/\/www.czuns.org\/en\/wp-json\/wp\/v2\/media\/3849"}],"wp:attachment":[{"href":"https:\/\/www.czuns.org\/en\/wp-json\/wp\/v2\/media?parent=4554"}],"wp:term":[{"taxonomy":"category","embeddable":true,"href":"https:\/\/www.czuns.org\/en\/wp-json\/wp\/v2\/categories?post=4554"},{"taxonomy":"post_tag","embeddable":true,"href":"https:\/\/www.czuns.org\/en\/wp-json\/wp\/v2\/tags?post=4554"}],"curies":[{"name":"wp","href":"https:\/\/api.w.org\/{rel}","templated":true}]}}