{"id":4564,"date":"2023-01-19T11:36:49","date_gmt":"2023-01-19T10:36:49","guid":{"rendered":"https:\/\/www.czuns.org\/?p=4564"},"modified":"2023-01-19T11:40:37","modified_gmt":"2023-01-19T10:40:37","slug":"obavestenje-o-promenama-u-vezi-s-nedostajucim-sredstvima-za-uslugu-personalne-asistencije","status":"publish","type":"post","link":"https:\/\/www.czuns.org\/en\/obavestenje-o-promenama-u-vezi-s-nedostajucim-sredstvima-za-uslugu-personalne-asistencije\/","title":{"rendered":"OBAVE\u0160TENJE O PROMENAMA U VEZI S NEDOSTAJU\u0106IM SREDSTVIMA ZA USLUGU PERSONALNE ASISTENCIJE"},"content":{"rendered":"<p class=\"qtranxs-available-languages-message qtranxs-available-languages-message-en\">Sorry, this entry is only available in <a href=\"https:\/\/www.czuns.org\/rs\/wp-json\/wp\/v2\/posts\/4564\" class=\"qtranxs-available-language-link qtranxs-available-language-link-rs\" title=\"B\/CG\/H\/S\">B\/CG\/H\/S<\/a>. For the sake of viewer convenience, the content is shown below in the alternative language. You may click the link to switch the active language.<\/p><p>&nbsp;<\/p>\n<p style=\"font-weight: 400;\">Zdravstveno osiguranje zaposlenima Centra i deci \u010detiriju zaposlenih overeno je 18.1, 19.1. bi\u0107e overeno dvema asistentkinjama \u010dije prebivali\u0161te nije u Novom Sadu.<\/p>\n<p style=\"font-weight: 400;\">Pozajmili smo 17.1. iznos od 229000 din s rokom vra\u0107anja do 31.1, Nastavljamo s prikupljanjem novca da \u0161to pre vratimo pozajmicu.<\/p>\n<p style=\"font-weight: 400;\"><strong>Ra\u010dun za donacije je 340-11001286-31 kod Erste Bank A.D.<\/strong><\/p>\n<p style=\"font-weight: 400;\">U ovom trenutku nedostaje svh 229000 dinara jer smo ju\u010de, oma\u0161kom predsednice, preplatili septembarsku poresku prijavu asistentkinje u Subotici, prepla\u0107eni iznos bi\u0107e preba\u010den na njenu decembarsku poresku prijavu, \u010dime su svi doprinosi za poslednja 3 meseca 2022. upla\u0107eni.<\/p>\n<p style=\"font-weight: 400;\">U prethodnih 13 dana za ovu namenu donirano je 82.800,00 din, 6 osoba iz NS koje koriste asistenciju u organizaciji Centra participirale su 16. i 17.1. iznosom od 83.100 din.<\/p>\n<p style=\"font-weight: 400;\">Razloge zbog kojih je do ove situacije do\u0161lo mo\u017eete videti\u00a0<a href=\"https:\/\/www.czuns.org\/presek-stanja-u-vezi-s-finansiranjem-usluge-pa-u-organizaciji-centra-i-poziv-za-hitnu-podrsku\/\" data-saferedirecturl=\"https:\/\/www.google.com\/url?q=https:\/\/www.czuns.org\/presek-stanja-u-vezi-s-finansiranjem-usluge-pa-u-organizaciji-centra-i-poziv-za-hitnu-podrsku\/&amp;source=gmail&amp;ust=1674209990450000&amp;usg=AOvVaw1fUmiz3iUFXSA8bpjVG5ER\">ovde<\/a><\/p>\n<p style=\"font-weight: 400;\">Inicijativa\u00a0<a href=\"https:\/\/www.facebook.com\/dignigardodbranigrad?__cft__%5b0%5d=AZUYgfh0JBgWSOD-NvR0-2lamNth8LFIbB2C3KGMQpRrYe8aPbyyax65D8mMI1aE4UIFpBUeEgTt5anvm-nMFBFjim-95OmLydOqC4t8YLu-s8LvE4Mi7_Z-5TZiEu3hOJBfBrCb6q6XpGcSOkAcQicq&amp;__tn__=-%5dK-R\" data-saferedirecturl=\"https:\/\/www.google.com\/url?q=https:\/\/www.facebook.com\/dignigardodbranigrad?__cft__%255b0%255d%3DAZUYgfh0JBgWSOD-NvR0-2lamNth8LFIbB2C3KGMQpRrYe8aPbyyax65D8mMI1aE4UIFpBUeEgTt5anvm-nMFBFjim-95OmLydOqC4t8YLu-s8LvE4Mi7_Z-5TZiEu3hOJBfBrCb6q6XpGcSOkAcQicq%26__tn__%3D-%255dK-R&amp;source=gmail&amp;ust=1674209990450000&amp;usg=AOvVaw2SY3KR_TQMwkF2uQd91OmM\">Digni gard, odbrani grad<\/a>\u00a026.1 u 19h u\u00a0<a href=\"https:\/\/www.facebook.com\/groups\/caffebarFoxtrot\/?__cft__%5b0%5d=AZUYgfh0JBgWSOD-NvR0-2lamNth8LFIbB2C3KGMQpRrYe8aPbyyax65D8mMI1aE4UIFpBUeEgTt5anvm-nMFBFjim-95OmLydOqC4t8YLu-s8LvE4Mi7_Z-5TZiEu3hOJBfBrCb6q6XpGcSOkAcQicq&amp;__tn__=-UK-R\" data-saferedirecturl=\"https:\/\/www.google.com\/url?q=https:\/\/www.facebook.com\/groups\/caffebarFoxtrot\/?__cft__%255b0%255d%3DAZUYgfh0JBgWSOD-NvR0-2lamNth8LFIbB2C3KGMQpRrYe8aPbyyax65D8mMI1aE4UIFpBUeEgTt5anvm-nMFBFjim-95OmLydOqC4t8YLu-s8LvE4Mi7_Z-5TZiEu3hOJBfBrCb6q6XpGcSOkAcQicq%26__tn__%3D-UK-R&amp;source=gmail&amp;ust=1674209990450000&amp;usg=AOvVaw3ewiSx1-YCFNlYLjZaEleh\">caffe bar FOXTROT<\/a>\u00a0organizuje akciju podr\u0161ke Centru. pod nazivom SVIRKA ZA USPRAVAN \u017dIVOT<\/p>\n<p style=\"font-weight: 400;\">Keckec, Klo klo, jam session vrhunski muzi\u010dari i pozitivna atmosfera<\/p>\n<p style=\"font-weight: 400;\">Cena ulaznice je 300,00 din.<\/p>\n<p style=\"font-weight: 400;\">Iznos prikupljen od ulaznica bi\u0107e usmeren na tro\u0161kove asistencije.<\/p>\n<p style=\"font-weight: 400;\"><a href=\"https:\/\/www.booka.rs\/booka\/\" data-saferedirecturl=\"https:\/\/www.google.com\/url?q=https:\/\/www.booka.rs\/booka\/&amp;source=gmail&amp;ust=1674209990450000&amp;usg=AOvVaw0oY13_hzFrlvnWYxM-QCAW\">Knji\u017eare Booka<\/a> u okviru svoje akcije Humandan, \u00a0donira\u0107e Centru, tako\u0111e za pokrivanje tro\u0161kova asistencije, polovinu svog prometa koji bude ostvaren u ponedeljak 30.1. onlajn i prodajom u\u017eivo u svim knji\u017earama Booka.<\/p>\n<p style=\"font-weight: 400;\">Sada je deljenje informacija o va\u017enosti hitne podr\u0161ke Centru da pokrije pro\u0161logodi\u0161nje tro\u0161kove da bi nesmetano mogao da organizuje uslugu u ovoj godini izuzetno va\u017eno, direktno doniranje za nju i u\u010de\u0161\u0107e u akcijama prikupljanja sredstava.<\/p>\n<p style=\"font-weight: 400;\">Za sada znamo da <a href=\"https:\/\/www.facebook.com\/nsgrad\">Grad Novi Sad<\/a> i dalje ne\u0107e pokreivati tro\u0161kove radnih prava sem naknade za rad, za pokrivanje punog obima usluge dvema korisnicama kojima je potrebno anga\u017eovanje petoro asistenata nedeljno jo\u0161 uvek ne znamo, kao i kada \u0107e u toku ove godine biti zapo\u010det rad na izmrni dr\u017eavnog pravilnika o minimalnim standardima za pru\u017eanje usluga socijalne za\u0161tite. Nu\u017eno je redefinisati kriterijume za obuhvat korisnika jer, zahvalju\u0107i tome \u0161to se potreba za uslugom odobrava u odnosu na stepen o\u0161te\u0107enja i sposobnost samostalnog odlu\u010divanja o sebi, i zbog na\u010dina organizovanja i finansiranja dnevnih i usluga za samostalni \u017eivot, vi\u0161e od 80% osoba sa invaliditetom ostaje bez ikakve podr\u0161ke. Posledice su izolacija i nastanak sekundarnih o\u0161te\u0107enja. Nastavljamo s daljim radom na promeni gradskih kriterijuma dok svi tro\u0161kovi radnih prava asistenata\/kinja ne budu pokrivni bud\u017eetskim sredstvima i ne bude obezbe\u0111en optimalan obim usluge.<\/p>\n<p><\/p>","protected":false},"excerpt":{"rendered":"<p>Sorry, this entry is only available in B\/CG\/H\/S. For the sake of viewer convenience, the content is shown below in the alternative language. You may click the link to switch the active language.&nbsp; Zdravstveno osiguranje zaposlenima Centra i deci \u010detiriju zaposlenih overeno je 18.1, 19.1. bi\u0107e overeno dvema asistentkinjama \u010dije&#8230; <a class=\"continue-reading-link\" href=\"https:\/\/www.czuns.org\/en\/obavestenje-o-promenama-u-vezi-s-nedostajucim-sredstvima-za-uslugu-personalne-asistencije\/\">Ceo \u010dlanak<\/a><\/p>\n","protected":false},"author":3,"featured_media":3849,"comment_status":"open","ping_status":"open","sticky":false,"template":"","format":"standard","meta":{"_eb_attr":"","_crdt_document":"","footnotes":"","_links_to":"","_links_to_target":""},"categories":[2],"tags":[],"class_list":["post-4564","post","type-post","status-publish","format-standard","has-post-thumbnail","hentry","category-novosti"],"yoast_head":"\n<title><\/title>\n<meta name=\"description\" content=\"\u201eCentar \u2018\u017diveti uspravno\u2019 Novi Sad pru\u017ea personalnu asistenciju, peer podr\u0161ku i promovi\u0161e samostalan \u017eivot i ljudska prava.\" \/>\n<meta name=\"robots\" content=\"index, follow, max-snippet:-1, max-image-preview:large, max-video-preview:-1\" \/>\n<link rel=\"canonical\" href=\"https:\/\/www.czuns.org\/obavestenje-o-promenama-u-vezi-s-nedostajucim-sredstvima-za-uslugu-personalne-asistencije\/\" \/>\n<meta property=\"og:locale\" content=\"en_US\" \/>\n<meta property=\"og:type\" content=\"article\" \/>\n<meta property=\"og:title\" content=\"[:rs]OBAVE\u0160TENJE O PROMENAMA U VEZI S NEDOSTAJU\u0106IM SREDSTVIMA ZA USLUGU PERSONALNE ASISTENCIJE[:] - Centre LIVING UPRIGHT Novi Sad\" \/>\n<meta property=\"og:description\" content=\"\u201eCentar \u2018\u017diveti uspravno\u2019 Novi Sad pru\u017ea personalnu asistenciju, peer podr\u0161ku i promovi\u0161e samostalan \u017eivot i ljudska prava.\" \/>\n<meta property=\"og:url\" content=\"https:\/\/www.czuns.org\/obavestenje-o-promenama-u-vezi-s-nedostajucim-sredstvima-za-uslugu-personalne-asistencije\/\" \/>\n<meta property=\"og:site_name\" content=\"Centre LIVING UPRIGHT Novi Sad\" \/>\n<meta property=\"article:publisher\" content=\"https:\/\/www.facebook.com\/profile.php?id=100064645570972\" \/>\n<meta property=\"article:published_time\" content=\"2023-01-19T10:36:49+00:00\" \/>\n<meta property=\"article:modified_time\" content=\"2023-01-19T10:40:37+00:00\" \/>\n<meta property=\"og:image\" content=\"https:\/\/www.czuns.org\/wp-content\/uploads\/2020\/02\/ziveti-uspravno-2.png\" \/>\n\t<meta property=\"og:image:width\" content=\"250\" \/>\n\t<meta property=\"og:image:height\" content=\"90\" \/>\n\t<meta property=\"og:image:type\" content=\"image\/png\" \/>\n<meta name=\"author\" content=\"czuns\" \/>\n<meta name=\"twitter:card\" content=\"summary_large_image\" \/>\n<meta name=\"twitter:creator\" content=\"@uspravno\" \/>\n<meta name=\"twitter:site\" content=\"@uspravno\" \/>\n<meta name=\"twitter:label1\" content=\"Written by\" \/>\n\t<meta name=\"twitter:data1\" content=\"czuns\" \/>\n\t<meta name=\"twitter:label2\" content=\"Est. reading time\" \/>\n\t<meta name=\"twitter:data2\" content=\"2 minutes\" \/>\n<script type=\"application\/ld+json\" class=\"yoast-schema-graph\">{\"@context\":\"https:\\\/\\\/schema.org\",\"@graph\":[{\"@type\":\"Article\",\"@id\":\"https:\\\/\\\/www.czuns.org\\\/obavestenje-o-promenama-u-vezi-s-nedostajucim-sredstvima-za-uslugu-personalne-asistencije\\\/#article\",\"isPartOf\":{\"@id\":\"https:\\\/\\\/www.czuns.org\\\/obavestenje-o-promenama-u-vezi-s-nedostajucim-sredstvima-za-uslugu-personalne-asistencije\\\/\"},\"author\":{\"name\":\"czuns\",\"@id\":\"https:\\\/\\\/www.czuns.org\\\/#\\\/schema\\\/person\\\/e6a524dac9abf6dbe2a6d72ba935ba16\"},\"headline\":\"OBAVE\u0160TENJE O PROMENAMA U VEZI S NEDOSTAJU\u0106IM SREDSTVIMA ZA USLUGU PERSONALNE ASISTENCIJE\",\"datePublished\":\"2023-01-19T10:36:49+00:00\",\"dateModified\":\"2023-01-19T10:40:37+00:00\",\"mainEntityOfPage\":{\"@id\":\"https:\\\/\\\/www.czuns.org\\\/obavestenje-o-promenama-u-vezi-s-nedostajucim-sredstvima-za-uslugu-personalne-asistencije\\\/\"},\"wordCount\":436,\"commentCount\":0,\"publisher\":{\"@id\":\"https:\\\/\\\/www.czuns.org\\\/#organization\"},\"image\":{\"@id\":\"https:\\\/\\\/www.czuns.org\\\/obavestenje-o-promenama-u-vezi-s-nedostajucim-sredstvima-za-uslugu-personalne-asistencije\\\/#primaryimage\"},\"thumbnailUrl\":\"https:\\\/\\\/www.czuns.org\\\/wp-content\\\/uploads\\\/2020\\\/02\\\/ziveti-uspravno-2.png\",\"articleSection\":[\"News\"],\"inLanguage\":\"en-US\",\"potentialAction\":[{\"@type\":\"CommentAction\",\"name\":\"Comment\",\"target\":[\"https:\\\/\\\/www.czuns.org\\\/obavestenje-o-promenama-u-vezi-s-nedostajucim-sredstvima-za-uslugu-personalne-asistencije\\\/#respond\"]}]},{\"@type\":\"WebPage\",\"@id\":\"https:\\\/\\\/www.czuns.org\\\/obavestenje-o-promenama-u-vezi-s-nedostajucim-sredstvima-za-uslugu-personalne-asistencije\\\/\",\"url\":\"https:\\\/\\\/www.czuns.org\\\/obavestenje-o-promenama-u-vezi-s-nedostajucim-sredstvima-za-uslugu-personalne-asistencije\\\/\",\"name\":\"[:rs]OBAVE\u0160TENJE O PROMENAMA U VEZI S NEDOSTAJU\u0106IM SREDSTVIMA ZA USLUGU PERSONALNE ASISTENCIJE[:] - Centre LIVING UPRIGHT Novi Sad\",\"isPartOf\":{\"@id\":\"https:\\\/\\\/www.czuns.org\\\/#website\"},\"primaryImageOfPage\":{\"@id\":\"https:\\\/\\\/www.czuns.org\\\/obavestenje-o-promenama-u-vezi-s-nedostajucim-sredstvima-za-uslugu-personalne-asistencije\\\/#primaryimage\"},\"image\":{\"@id\":\"https:\\\/\\\/www.czuns.org\\\/obavestenje-o-promenama-u-vezi-s-nedostajucim-sredstvima-za-uslugu-personalne-asistencije\\\/#primaryimage\"},\"thumbnailUrl\":\"https:\\\/\\\/www.czuns.org\\\/wp-content\\\/uploads\\\/2020\\\/02\\\/ziveti-uspravno-2.png\",\"datePublished\":\"2023-01-19T10:36:49+00:00\",\"dateModified\":\"2023-01-19T10:40:37+00:00\",\"description\":\"\u201eCentar \u2018\u017diveti uspravno\u2019 Novi Sad pru\u017ea personalnu asistenciju, peer podr\u0161ku i promovi\u0161e samostalan \u017eivot i ljudska prava.\",\"breadcrumb\":{\"@id\":\"https:\\\/\\\/www.czuns.org\\\/obavestenje-o-promenama-u-vezi-s-nedostajucim-sredstvima-za-uslugu-personalne-asistencije\\\/#breadcrumb\"},\"inLanguage\":\"en-US\",\"potentialAction\":[{\"@type\":\"ReadAction\",\"target\":[\"https:\\\/\\\/www.czuns.org\\\/obavestenje-o-promenama-u-vezi-s-nedostajucim-sredstvima-za-uslugu-personalne-asistencije\\\/\"]}]},{\"@type\":\"ImageObject\",\"inLanguage\":\"en-US\",\"@id\":\"https:\\\/\\\/www.czuns.org\\\/obavestenje-o-promenama-u-vezi-s-nedostajucim-sredstvima-za-uslugu-personalne-asistencije\\\/#primaryimage\",\"url\":\"https:\\\/\\\/www.czuns.org\\\/wp-content\\\/uploads\\\/2020\\\/02\\\/ziveti-uspravno-2.png\",\"contentUrl\":\"https:\\\/\\\/www.czuns.org\\\/wp-content\\\/uploads\\\/2020\\\/02\\\/ziveti-uspravno-2.png\",\"width\":250,\"height\":90},{\"@type\":\"BreadcrumbList\",\"@id\":\"https:\\\/\\\/www.czuns.org\\\/obavestenje-o-promenama-u-vezi-s-nedostajucim-sredstvima-za-uslugu-personalne-asistencije\\\/#breadcrumb\",\"itemListElement\":[{\"@type\":\"ListItem\",\"position\":1,\"name\":\"\u041f\u043e\u0447\u0435\u0442\u043d\u0430\",\"item\":\"https:\\\/\\\/www.czuns.org\\\/\"},{\"@type\":\"ListItem\",\"position\":2,\"name\":\"OBAVE\u0160TENJE O PROMENAMA U VEZI S NEDOSTAJU\u0106IM SREDSTVIMA ZA USLUGU PERSONALNE ASISTENCIJE\"}]},{\"@type\":\"WebSite\",\"@id\":\"https:\\\/\\\/www.czuns.org\\\/#website\",\"url\":\"https:\\\/\\\/www.czuns.org\\\/\",\"name\":\"Centar \u017diveti uspravno Novi Sad\",\"description\":\"[:rs]Prete\u017ena delatnost Centra je 8899 ostali vidovi socijalne za\u0161tite bez sme\u0161taja[:en] Centre&#039;s registered  predominant activity is 8899: other social services except for accommodation[:sr]\u041f\u0440\u0435\u0442\u0435\u0436\u043d\u0430 \u0434\u0435\u043b\u0430\u0442\u043d\u043e\u0441\u0442 \u0426\u0435\u043d\u0442\u0440\u0430 \u0458\u0435 \u043f\u0440\u043e\u0434\u0443\u043a\u0446\u0438\u0458\u0430 \u043c\u0435\u0434\u0438\u0458\u0441\u043a\u043e\u0433 \u0438 \u0444\u0438\u043b\u043c\u0441\u043a\u043e\u0433 \u043c\u0430\u0442\u0435\u0438\u0458\u0430\u043b\u0430 \u043e \u043f\u043e\u043b\u043e\u0436\u0430\u0458\u0443 \u043e\u0441\u043e\u0431\u0430 \u0441\u0430 \u0438\u043d\u0432\u0430\u043b\u0438\u0434\u0438\u0442\u0435\u0442\u043e\u043c \u0438 \u0433\u0440\u0430\u0452\u0430\u043d\u0441\u043a\u0438\u043c \u043f\u0440\u0430\u0432\u0438\u043c\u0430.[:]\",\"publisher\":{\"@id\":\"https:\\\/\\\/www.czuns.org\\\/#organization\"},\"potentialAction\":[{\"@type\":\"SearchAction\",\"target\":{\"@type\":\"EntryPoint\",\"urlTemplate\":\"https:\\\/\\\/www.czuns.org\\\/?s={search_term_string}\"},\"query-input\":{\"@type\":\"PropertyValueSpecification\",\"valueRequired\":true,\"valueName\":\"search_term_string\"}}],\"inLanguage\":\"en-US\"},{\"@type\":\"Organization\",\"@id\":\"https:\\\/\\\/www.czuns.org\\\/#organization\",\"name\":\"Centar \u017diveti uspravno Novi Sad\",\"url\":\"https:\\\/\\\/www.czuns.org\\\/\",\"logo\":{\"@type\":\"ImageObject\",\"inLanguage\":\"en-US\",\"@id\":\"https:\\\/\\\/www.czuns.org\\\/#\\\/schema\\\/logo\\\/image\\\/\",\"url\":\"https:\\\/\\\/www.czuns.org\\\/wp-content\\\/uploads\\\/2020\\\/07\\\/czu_logo.png\",\"contentUrl\":\"https:\\\/\\\/www.czuns.org\\\/wp-content\\\/uploads\\\/2020\\\/07\\\/czu_logo.png\",\"width\":871,\"height\":315,\"caption\":\"Centar \u017diveti uspravno Novi Sad\"},\"image\":{\"@id\":\"https:\\\/\\\/www.czuns.org\\\/#\\\/schema\\\/logo\\\/image\\\/\"},\"sameAs\":[\"https:\\\/\\\/www.facebook.com\\\/profile.php?id=100064645570972\",\"https:\\\/\\\/x.com\\\/uspravno\",\"https:\\\/\\\/www.instagram.com\\\/centar.ziveti.uspravno\\\/\"]},{\"@type\":\"Person\",\"@id\":\"https:\\\/\\\/www.czuns.org\\\/#\\\/schema\\\/person\\\/e6a524dac9abf6dbe2a6d72ba935ba16\",\"name\":\"czuns\",\"image\":{\"@type\":\"ImageObject\",\"inLanguage\":\"en-US\",\"@id\":\"https:\\\/\\\/secure.gravatar.com\\\/avatar\\\/253f19539fa3a351c7d26815ac9fea49906610392f33e3508931d1c6d3f19d6d?s=96&d=mm&r=g\",\"url\":\"https:\\\/\\\/secure.gravatar.com\\\/avatar\\\/253f19539fa3a351c7d26815ac9fea49906610392f33e3508931d1c6d3f19d6d?s=96&d=mm&r=g\",\"contentUrl\":\"https:\\\/\\\/secure.gravatar.com\\\/avatar\\\/253f19539fa3a351c7d26815ac9fea49906610392f33e3508931d1c6d3f19d6d?s=96&d=mm&r=g\",\"caption\":\"czuns\"},\"url\":\"https:\\\/\\\/www.czuns.org\\\/en\\\/author\\\/czuns\\\/\"}]}<\/script>\n","yoast_head_json":{"title":"[:rs]OBAVE\u0160TENJE O PROMENAMA U VEZI S NEDOSTAJU\u0106IM SREDSTVIMA ZA USLUGU PERSONALNE ASISTENCIJE[:] - Centre LIVING UPRIGHT Novi Sad","description":"\u201eCentar \u2018\u017diveti uspravno\u2019 Novi Sad pru\u017ea personalnu asistenciju, peer podr\u0161ku i promovi\u0161e samostalan \u017eivot i ljudska prava.","robots":{"index":"index","follow":"follow","max-snippet":"max-snippet:-1","max-image-preview":"max-image-preview:large","max-video-preview":"max-video-preview:-1"},"canonical":"https:\/\/www.czuns.org\/obavestenje-o-promenama-u-vezi-s-nedostajucim-sredstvima-za-uslugu-personalne-asistencije\/","og_locale":"en_US","og_type":"article","og_title":"[:rs]OBAVE\u0160TENJE O PROMENAMA U VEZI S NEDOSTAJU\u0106IM SREDSTVIMA ZA USLUGU PERSONALNE ASISTENCIJE[:] - Centre LIVING UPRIGHT Novi Sad","og_description":"\u201eCentar \u2018\u017diveti uspravno\u2019 Novi Sad pru\u017ea personalnu asistenciju, peer podr\u0161ku i promovi\u0161e samostalan \u017eivot i ljudska prava.","og_url":"https:\/\/www.czuns.org\/obavestenje-o-promenama-u-vezi-s-nedostajucim-sredstvima-za-uslugu-personalne-asistencije\/","og_site_name":"Centre LIVING UPRIGHT Novi Sad","article_publisher":"https:\/\/www.facebook.com\/profile.php?id=100064645570972","article_published_time":"2023-01-19T10:36:49+00:00","article_modified_time":"2023-01-19T10:40:37+00:00","og_image":[{"width":250,"height":90,"url":"https:\/\/www.czuns.org\/wp-content\/uploads\/2020\/02\/ziveti-uspravno-2.png","type":"image\/png"}],"author":"czuns","twitter_card":"summary_large_image","twitter_creator":"@uspravno","twitter_site":"@uspravno","twitter_misc":{"Written by":"czuns","Est. reading time":"2 minutes"},"schema":{"@context":"https:\/\/schema.org","@graph":[{"@type":"Article","@id":"https:\/\/www.czuns.org\/obavestenje-o-promenama-u-vezi-s-nedostajucim-sredstvima-za-uslugu-personalne-asistencije\/#article","isPartOf":{"@id":"https:\/\/www.czuns.org\/obavestenje-o-promenama-u-vezi-s-nedostajucim-sredstvima-za-uslugu-personalne-asistencije\/"},"author":{"name":"czuns","@id":"https:\/\/www.czuns.org\/#\/schema\/person\/e6a524dac9abf6dbe2a6d72ba935ba16"},"headline":"OBAVE\u0160TENJE O PROMENAMA U VEZI S NEDOSTAJU\u0106IM SREDSTVIMA ZA USLUGU PERSONALNE ASISTENCIJE","datePublished":"2023-01-19T10:36:49+00:00","dateModified":"2023-01-19T10:40:37+00:00","mainEntityOfPage":{"@id":"https:\/\/www.czuns.org\/obavestenje-o-promenama-u-vezi-s-nedostajucim-sredstvima-za-uslugu-personalne-asistencije\/"},"wordCount":436,"commentCount":0,"publisher":{"@id":"https:\/\/www.czuns.org\/#organization"},"image":{"@id":"https:\/\/www.czuns.org\/obavestenje-o-promenama-u-vezi-s-nedostajucim-sredstvima-za-uslugu-personalne-asistencije\/#primaryimage"},"thumbnailUrl":"https:\/\/www.czuns.org\/wp-content\/uploads\/2020\/02\/ziveti-uspravno-2.png","articleSection":["News"],"inLanguage":"en-US","potentialAction":[{"@type":"CommentAction","name":"Comment","target":["https:\/\/www.czuns.org\/obavestenje-o-promenama-u-vezi-s-nedostajucim-sredstvima-za-uslugu-personalne-asistencije\/#respond"]}]},{"@type":"WebPage","@id":"https:\/\/www.czuns.org\/obavestenje-o-promenama-u-vezi-s-nedostajucim-sredstvima-za-uslugu-personalne-asistencije\/","url":"https:\/\/www.czuns.org\/obavestenje-o-promenama-u-vezi-s-nedostajucim-sredstvima-za-uslugu-personalne-asistencije\/","name":"[:rs]OBAVE\u0160TENJE O PROMENAMA U VEZI S NEDOSTAJU\u0106IM SREDSTVIMA ZA USLUGU PERSONALNE ASISTENCIJE[:] - Centre LIVING UPRIGHT Novi Sad","isPartOf":{"@id":"https:\/\/www.czuns.org\/#website"},"primaryImageOfPage":{"@id":"https:\/\/www.czuns.org\/obavestenje-o-promenama-u-vezi-s-nedostajucim-sredstvima-za-uslugu-personalne-asistencije\/#primaryimage"},"image":{"@id":"https:\/\/www.czuns.org\/obavestenje-o-promenama-u-vezi-s-nedostajucim-sredstvima-za-uslugu-personalne-asistencije\/#primaryimage"},"thumbnailUrl":"https:\/\/www.czuns.org\/wp-content\/uploads\/2020\/02\/ziveti-uspravno-2.png","datePublished":"2023-01-19T10:36:49+00:00","dateModified":"2023-01-19T10:40:37+00:00","description":"\u201eCentar \u2018\u017diveti uspravno\u2019 Novi Sad pru\u017ea personalnu asistenciju, peer podr\u0161ku i promovi\u0161e samostalan \u017eivot i ljudska prava.","breadcrumb":{"@id":"https:\/\/www.czuns.org\/obavestenje-o-promenama-u-vezi-s-nedostajucim-sredstvima-za-uslugu-personalne-asistencije\/#breadcrumb"},"inLanguage":"en-US","potentialAction":[{"@type":"ReadAction","target":["https:\/\/www.czuns.org\/obavestenje-o-promenama-u-vezi-s-nedostajucim-sredstvima-za-uslugu-personalne-asistencije\/"]}]},{"@type":"ImageObject","inLanguage":"en-US","@id":"https:\/\/www.czuns.org\/obavestenje-o-promenama-u-vezi-s-nedostajucim-sredstvima-za-uslugu-personalne-asistencije\/#primaryimage","url":"https:\/\/www.czuns.org\/wp-content\/uploads\/2020\/02\/ziveti-uspravno-2.png","contentUrl":"https:\/\/www.czuns.org\/wp-content\/uploads\/2020\/02\/ziveti-uspravno-2.png","width":250,"height":90},{"@type":"BreadcrumbList","@id":"https:\/\/www.czuns.org\/obavestenje-o-promenama-u-vezi-s-nedostajucim-sredstvima-za-uslugu-personalne-asistencije\/#breadcrumb","itemListElement":[{"@type":"ListItem","position":1,"name":"\u041f\u043e\u0447\u0435\u0442\u043d\u0430","item":"https:\/\/www.czuns.org\/"},{"@type":"ListItem","position":2,"name":"OBAVE\u0160TENJE O PROMENAMA U VEZI S NEDOSTAJU\u0106IM SREDSTVIMA ZA USLUGU PERSONALNE ASISTENCIJE"}]},{"@type":"WebSite","@id":"https:\/\/www.czuns.org\/#website","url":"https:\/\/www.czuns.org\/","name":"Centar \u017diveti uspravno Novi Sad","description":"[:rs]Prete\u017ena delatnost Centra je 8899 ostali vidovi socijalne za\u0161tite bez sme\u0161taja[:en] Centre&#039;s registered predominant activity is 8899: other social services except for accommodation[:sr]\u041f\u0440\u0435\u0442\u0435\u0436\u043d\u0430 \u0434\u0435\u043b\u0430\u0442\u043d\u043e\u0441\u0442 \u0426\u0435\u043d\u0442\u0440\u0430 \u0458\u0435 \u043f\u0440\u043e\u0434\u0443\u043a\u0446\u0438\u0458\u0430 \u043c\u0435\u0434\u0438\u0458\u0441\u043a\u043e\u0433 \u0438 \u0444\u0438\u043b\u043c\u0441\u043a\u043e\u0433 \u043c\u0430\u0442\u0435\u0438\u0458\u0430\u043b\u0430 \u043e \u043f\u043e\u043b\u043e\u0436\u0430\u0458\u0443 \u043e\u0441\u043e\u0431\u0430 \u0441\u0430 \u0438\u043d\u0432\u0430\u043b\u0438\u0434\u0438\u0442\u0435\u0442\u043e\u043c \u0438 \u0433\u0440\u0430\u0452\u0430\u043d\u0441\u043a\u0438\u043c \u043f\u0440\u0430\u0432\u0438\u043c\u0430.[:]","publisher":{"@id":"https:\/\/www.czuns.org\/#organization"},"potentialAction":[{"@type":"SearchAction","target":{"@type":"EntryPoint","urlTemplate":"https:\/\/www.czuns.org\/?s={search_term_string}"},"query-input":{"@type":"PropertyValueSpecification","valueRequired":true,"valueName":"search_term_string"}}],"inLanguage":"en-US"},{"@type":"Organization","@id":"https:\/\/www.czuns.org\/#organization","name":"Centar \u017diveti uspravno Novi Sad","url":"https:\/\/www.czuns.org\/","logo":{"@type":"ImageObject","inLanguage":"en-US","@id":"https:\/\/www.czuns.org\/#\/schema\/logo\/image\/","url":"https:\/\/www.czuns.org\/wp-content\/uploads\/2020\/07\/czu_logo.png","contentUrl":"https:\/\/www.czuns.org\/wp-content\/uploads\/2020\/07\/czu_logo.png","width":871,"height":315,"caption":"Centar \u017diveti uspravno Novi Sad"},"image":{"@id":"https:\/\/www.czuns.org\/#\/schema\/logo\/image\/"},"sameAs":["https:\/\/www.facebook.com\/profile.php?id=100064645570972","https:\/\/x.com\/uspravno","https:\/\/www.instagram.com\/centar.ziveti.uspravno\/"]},{"@type":"Person","@id":"https:\/\/www.czuns.org\/#\/schema\/person\/e6a524dac9abf6dbe2a6d72ba935ba16","name":"czuns","image":{"@type":"ImageObject","inLanguage":"en-US","@id":"https:\/\/secure.gravatar.com\/avatar\/253f19539fa3a351c7d26815ac9fea49906610392f33e3508931d1c6d3f19d6d?s=96&d=mm&r=g","url":"https:\/\/secure.gravatar.com\/avatar\/253f19539fa3a351c7d26815ac9fea49906610392f33e3508931d1c6d3f19d6d?s=96&d=mm&r=g","contentUrl":"https:\/\/secure.gravatar.com\/avatar\/253f19539fa3a351c7d26815ac9fea49906610392f33e3508931d1c6d3f19d6d?s=96&d=mm&r=g","caption":"czuns"},"url":"https:\/\/www.czuns.org\/en\/author\/czuns\/"}]}},"_links":{"self":[{"href":"https:\/\/www.czuns.org\/en\/wp-json\/wp\/v2\/posts\/4564","targetHints":{"allow":["GET"]}}],"collection":[{"href":"https:\/\/www.czuns.org\/en\/wp-json\/wp\/v2\/posts"}],"about":[{"href":"https:\/\/www.czuns.org\/en\/wp-json\/wp\/v2\/types\/post"}],"author":[{"embeddable":true,"href":"https:\/\/www.czuns.org\/en\/wp-json\/wp\/v2\/users\/3"}],"replies":[{"embeddable":true,"href":"https:\/\/www.czuns.org\/en\/wp-json\/wp\/v2\/comments?post=4564"}],"version-history":[{"count":0,"href":"https:\/\/www.czuns.org\/en\/wp-json\/wp\/v2\/posts\/4564\/revisions"}],"wp:featuredmedia":[{"embeddable":true,"href":"https:\/\/www.czuns.org\/en\/wp-json\/wp\/v2\/media\/3849"}],"wp:attachment":[{"href":"https:\/\/www.czuns.org\/en\/wp-json\/wp\/v2\/media?parent=4564"}],"wp:term":[{"taxonomy":"category","embeddable":true,"href":"https:\/\/www.czuns.org\/en\/wp-json\/wp\/v2\/categories?post=4564"},{"taxonomy":"post_tag","embeddable":true,"href":"https:\/\/www.czuns.org\/en\/wp-json\/wp\/v2\/tags?post=4564"}],"curies":[{"name":"wp","href":"https:\/\/api.w.org\/{rel}","templated":true}]}}