{"id":4938,"date":"2024-02-02T18:25:25","date_gmt":"2024-02-02T17:25:25","guid":{"rendered":"https:\/\/www.czuns.org\/?p=4938"},"modified":"2024-02-05T17:19:10","modified_gmt":"2024-02-05T16:19:10","slug":"fokus-ovogodsnjeg-rada-centra-na-prikupljanju-sredstava-da-se-dug-nastao-usled-nepotpunog-finansiranja-usluga-koje-je-u-ns-inicirao-otkloni","status":"publish","type":"post","link":"https:\/\/www.czuns.org\/en\/fokus-ovogodsnjeg-rada-centra-na-prikupljanju-sredstava-da-se-dug-nastao-usled-nepotpunog-finansiranja-usluga-koje-je-u-ns-inicirao-otkloni\/","title":{"rendered":"FOKUS OVOGODI\u0160NJEG RADA CENTRA NA PRIKUPLJANJU SREDSTAVA DA SE DUG NASTAO USLED NEPOTPUNOG FINANSIRANJA USLUGA KOJE JE U NOVOM SADU INICIRAO OTKLONI"},"content":{"rendered":"<p class=\"qtranxs-available-languages-message qtranxs-available-languages-message-en\">Sorry, this entry is only available in <a href=\"https:\/\/www.czuns.org\/rs\/wp-json\/wp\/v2\/posts\/4938\" class=\"qtranxs-available-language-link qtranxs-available-language-link-rs\" title=\"B\/CG\/H\/S\">B\/CG\/H\/S<\/a>. For the sake of viewer convenience, the content is shown below in the alternative language. You may click the link to switch the active language.<\/p><p>Od 1. februara uslugu personalne asistencije u organizaciji Centra, preliminarno donatorskim sredstvima dok se blokada ne otkloni, koristi samo inicijatorka uvo\u0111enja ove usluge u sistem socijalne za\u0161tite. Kako bud\u017eetska sredstva za pomo\u0107 u slu\u010daju bolesti i invalidnosti podle\u017eu blokadi, nismo u mogu\u0107nosti da do deblokade primamo namenska sredstva za uslugu personalne asistencije, niti dotacije iz Bud\u017eeta.<\/p>\n<p>Ostalih 17 korisnika\/ca opredelilo se za 1 od druga 2 licencirana pru\u017eaoca u Novom Sadu, a fokus rada Centra u naredna 2 meseca i njegovog preostalog \u010detvoro\u010dlanog u\u017eeg tima i osmo\u010dlane Skup\u0161tine jeste deblokada za koju treba da obezbedimo jo\u0161 <strong>5.646.400 din, od kojih je glavnica 3.898.494,20din.<\/strong><\/p>\n<p>Grad ne\u0107e mo\u0107i da uplati Centru odobrenih 2,2 miliona din, od kojih 1.930.000 din. za stru\u010dni rad i knjigovodstvene tro\u0161kove za maj-decembar i rad pru\u017eaoca svakodnevne peer podr\u0161ke za maj-oktobar 2023. mora da se isplati do kraja februara, a Grad ih ne mo\u017ee uplatiti i nakon deblokade jer je istekla godina za koju su odobrena.<\/p>\n<p>Smanjili smo od maja glavnicu za nepunih 500.000 din, kamata je napla\u0107ena s blizu 400.000 din. Jedini na\u010din da se ona zaustavi jeste da se u kratkom roku obezbedi sav preostali iznos pod blokadom.<\/p>\n<p style=\"text-align: center;\"><strong>Pozivamo vas da i u toku februara donirate na osnovni ra\u010dun Centra 340-5350-79, s koga se izmiruje blokada ili na stranici <a href=\"https:\/\/www.donacije.rs\/projekat\/czuns\/?fbclid=IwAR0UmURbvfObav-ix9eckdtQEqdmCkSsvEmGdBmNz3QAuIupoHckLaaATHg\">kampanje.<\/a><\/strong><\/p>\n<p>Ako otklonimo blokadu u februaru, Grad i Op\u0161tina Ba\u010dka Palanka nesmetano \u0107e mo\u0107i da uplate novac za rad osmoro asistenata\/kinja u januaru 6 korisnica koje su koristile asistenciju u njegovoj organizaciji i da nastavi s njenim pru\u017eanjem. Zato \u0135e va\u017eno da hitno uradimo sve \u0161to je mogu\u0107e da se Centar vi\u0161e ne suo\u010dava s finansijskim izazovima.<\/p>\n<p>Nastavljamo s pru\u017eanjem peer podr\u0161ke svima koji se za nju obrate \u00ec organizovanjem podr\u0161ke u dono\u0161enju odluka devojci koja je od maja 2022. u kontinuitetu koristi.<\/p>\n<p>U martu \u0107emo objaviti izve\u0161taj za 2023.<\/p>\n<p>Hvala svima na svemu \u0161to smo zajedno uradile\/i za dobro svih.<\/p>\n<p>&nbsp;<\/p>","protected":false},"excerpt":{"rendered":"<p>Sorry, this entry is only available in B\/CG\/H\/S. For the sake of viewer convenience, the content is shown below in the alternative language. You may click the link to switch the active language.Od 1. februara uslugu personalne asistencije u organizaciji Centra, preliminarno donatorskim sredstvima dok se blokada ne otkloni, koristi&#8230; <a class=\"continue-reading-link\" href=\"https:\/\/www.czuns.org\/en\/fokus-ovogodsnjeg-rada-centra-na-prikupljanju-sredstava-da-se-dug-nastao-usled-nepotpunog-finansiranja-usluga-koje-je-u-ns-inicirao-otkloni\/\">Ceo \u010dlanak<\/a><\/p>\n","protected":false},"author":3,"featured_media":3857,"comment_status":"open","ping_status":"open","sticky":false,"template":"","format":"standard","meta":{"_eb_attr":"","_crdt_document":"","footnotes":"","_links_to":"","_links_to_target":""},"categories":[2],"tags":[],"class_list":["post-4938","post","type-post","status-publish","format-standard","has-post-thumbnail","hentry","category-novosti"],"yoast_head":"\n<title><\/title>\n<meta name=\"description\" content=\"\u201eCentar \u2018\u017diveti uspravno\u2019 Novi Sad pru\u017ea personalnu asistenciju, peer podr\u0161ku i promovi\u0161e samostalan \u017eivot i ljudska prava.\" \/>\n<meta name=\"robots\" content=\"index, follow, max-snippet:-1, max-image-preview:large, max-video-preview:-1\" \/>\n<link rel=\"canonical\" href=\"https:\/\/www.czuns.org\/fokus-ovogodsnjeg-rada-centra-na-prikupljanju-sredstava-da-se-dug-nastao-usled-nepotpunog-finansiranja-usluga-koje-je-u-ns-inicirao-otkloni\/\" \/>\n<meta property=\"og:locale\" content=\"en_US\" \/>\n<meta property=\"og:type\" content=\"article\" \/>\n<meta property=\"og:title\" content=\"[:rs]FOKUS OVOGODI\u0160NJEG RADA CENTRA NA PRIKUPLJANJU SREDSTAVA DA SE DUG NASTAO USLED NEPOTPUNOG FINANSIRANJA USLUGA KOJE JE U NOVOM SADU INICIRAO OTKLONI[:] - Centre LIVING UPRIGHT Novi Sad\" \/>\n<meta property=\"og:description\" content=\"\u201eCentar \u2018\u017diveti uspravno\u2019 Novi Sad pru\u017ea personalnu asistenciju, peer podr\u0161ku i promovi\u0161e samostalan \u017eivot i ljudska prava.\" \/>\n<meta property=\"og:url\" content=\"https:\/\/www.czuns.org\/fokus-ovogodsnjeg-rada-centra-na-prikupljanju-sredstava-da-se-dug-nastao-usled-nepotpunog-finansiranja-usluga-koje-je-u-ns-inicirao-otkloni\/\" \/>\n<meta property=\"og:site_name\" content=\"Centre LIVING UPRIGHT Novi Sad\" \/>\n<meta property=\"article:publisher\" content=\"https:\/\/www.facebook.com\/profile.php?id=100064645570972\" \/>\n<meta property=\"article:published_time\" content=\"2024-02-02T17:25:25+00:00\" \/>\n<meta property=\"article:modified_time\" content=\"2024-02-05T16:19:10+00:00\" \/>\n<meta property=\"og:image\" content=\"https:\/\/www.czuns.org\/wp-content\/uploads\/2020\/02\/logo-jpg-1.jpg\" \/>\n\t<meta property=\"og:image:width\" content=\"249\" \/>\n\t<meta property=\"og:image:height\" content=\"90\" \/>\n\t<meta property=\"og:image:type\" content=\"image\/jpeg\" \/>\n<meta name=\"author\" content=\"czuns\" \/>\n<meta name=\"twitter:card\" content=\"summary_large_image\" \/>\n<meta name=\"twitter:creator\" content=\"@uspravno\" \/>\n<meta name=\"twitter:site\" content=\"@uspravno\" \/>\n<meta name=\"twitter:label1\" content=\"Written by\" \/>\n\t<meta name=\"twitter:data1\" content=\"czuns\" \/>\n\t<meta name=\"twitter:label2\" content=\"Est. reading time\" \/>\n\t<meta name=\"twitter:data2\" content=\"2 minutes\" \/>\n<script type=\"application\/ld+json\" class=\"yoast-schema-graph\">{\"@context\":\"https:\\\/\\\/schema.org\",\"@graph\":[{\"@type\":\"Article\",\"@id\":\"https:\\\/\\\/www.czuns.org\\\/fokus-ovogodsnjeg-rada-centra-na-prikupljanju-sredstava-da-se-dug-nastao-usled-nepotpunog-finansiranja-usluga-koje-je-u-ns-inicirao-otkloni\\\/#article\",\"isPartOf\":{\"@id\":\"https:\\\/\\\/www.czuns.org\\\/fokus-ovogodsnjeg-rada-centra-na-prikupljanju-sredstava-da-se-dug-nastao-usled-nepotpunog-finansiranja-usluga-koje-je-u-ns-inicirao-otkloni\\\/\"},\"author\":{\"name\":\"czuns\",\"@id\":\"https:\\\/\\\/www.czuns.org\\\/#\\\/schema\\\/person\\\/e6a524dac9abf6dbe2a6d72ba935ba16\"},\"headline\":\"FOKUS OVOGODI\u0160NJEG RADA CENTRA NA PRIKUPLJANJU SREDSTAVA DA SE DUG NASTAO USLED NEPOTPUNOG FINANSIRANJA USLUGA KOJE JE U NOVOM SADU INICIRAO OTKLONI\",\"datePublished\":\"2024-02-02T17:25:25+00:00\",\"dateModified\":\"2024-02-05T16:19:10+00:00\",\"mainEntityOfPage\":{\"@id\":\"https:\\\/\\\/www.czuns.org\\\/fokus-ovogodsnjeg-rada-centra-na-prikupljanju-sredstava-da-se-dug-nastao-usled-nepotpunog-finansiranja-usluga-koje-je-u-ns-inicirao-otkloni\\\/\"},\"wordCount\":364,\"commentCount\":0,\"publisher\":{\"@id\":\"https:\\\/\\\/www.czuns.org\\\/#organization\"},\"image\":{\"@id\":\"https:\\\/\\\/www.czuns.org\\\/fokus-ovogodsnjeg-rada-centra-na-prikupljanju-sredstava-da-se-dug-nastao-usled-nepotpunog-finansiranja-usluga-koje-je-u-ns-inicirao-otkloni\\\/#primaryimage\"},\"thumbnailUrl\":\"https:\\\/\\\/www.czuns.org\\\/wp-content\\\/uploads\\\/2020\\\/02\\\/logo-jpg-1.jpg\",\"articleSection\":[\"News\"],\"inLanguage\":\"en-US\",\"potentialAction\":[{\"@type\":\"CommentAction\",\"name\":\"Comment\",\"target\":[\"https:\\\/\\\/www.czuns.org\\\/fokus-ovogodsnjeg-rada-centra-na-prikupljanju-sredstava-da-se-dug-nastao-usled-nepotpunog-finansiranja-usluga-koje-je-u-ns-inicirao-otkloni\\\/#respond\"]}]},{\"@type\":\"WebPage\",\"@id\":\"https:\\\/\\\/www.czuns.org\\\/fokus-ovogodsnjeg-rada-centra-na-prikupljanju-sredstava-da-se-dug-nastao-usled-nepotpunog-finansiranja-usluga-koje-je-u-ns-inicirao-otkloni\\\/\",\"url\":\"https:\\\/\\\/www.czuns.org\\\/fokus-ovogodsnjeg-rada-centra-na-prikupljanju-sredstava-da-se-dug-nastao-usled-nepotpunog-finansiranja-usluga-koje-je-u-ns-inicirao-otkloni\\\/\",\"name\":\"[:rs]FOKUS OVOGODI\u0160NJEG RADA CENTRA NA PRIKUPLJANJU SREDSTAVA DA SE DUG NASTAO USLED NEPOTPUNOG FINANSIRANJA USLUGA KOJE JE U NOVOM SADU INICIRAO OTKLONI[:] - Centre LIVING UPRIGHT Novi Sad\",\"isPartOf\":{\"@id\":\"https:\\\/\\\/www.czuns.org\\\/#website\"},\"primaryImageOfPage\":{\"@id\":\"https:\\\/\\\/www.czuns.org\\\/fokus-ovogodsnjeg-rada-centra-na-prikupljanju-sredstava-da-se-dug-nastao-usled-nepotpunog-finansiranja-usluga-koje-je-u-ns-inicirao-otkloni\\\/#primaryimage\"},\"image\":{\"@id\":\"https:\\\/\\\/www.czuns.org\\\/fokus-ovogodsnjeg-rada-centra-na-prikupljanju-sredstava-da-se-dug-nastao-usled-nepotpunog-finansiranja-usluga-koje-je-u-ns-inicirao-otkloni\\\/#primaryimage\"},\"thumbnailUrl\":\"https:\\\/\\\/www.czuns.org\\\/wp-content\\\/uploads\\\/2020\\\/02\\\/logo-jpg-1.jpg\",\"datePublished\":\"2024-02-02T17:25:25+00:00\",\"dateModified\":\"2024-02-05T16:19:10+00:00\",\"description\":\"\u201eCentar \u2018\u017diveti uspravno\u2019 Novi Sad pru\u017ea personalnu asistenciju, peer podr\u0161ku i promovi\u0161e samostalan \u017eivot i ljudska prava.\",\"breadcrumb\":{\"@id\":\"https:\\\/\\\/www.czuns.org\\\/fokus-ovogodsnjeg-rada-centra-na-prikupljanju-sredstava-da-se-dug-nastao-usled-nepotpunog-finansiranja-usluga-koje-je-u-ns-inicirao-otkloni\\\/#breadcrumb\"},\"inLanguage\":\"en-US\",\"potentialAction\":[{\"@type\":\"ReadAction\",\"target\":[\"https:\\\/\\\/www.czuns.org\\\/fokus-ovogodsnjeg-rada-centra-na-prikupljanju-sredstava-da-se-dug-nastao-usled-nepotpunog-finansiranja-usluga-koje-je-u-ns-inicirao-otkloni\\\/\"]}]},{\"@type\":\"ImageObject\",\"inLanguage\":\"en-US\",\"@id\":\"https:\\\/\\\/www.czuns.org\\\/fokus-ovogodsnjeg-rada-centra-na-prikupljanju-sredstava-da-se-dug-nastao-usled-nepotpunog-finansiranja-usluga-koje-je-u-ns-inicirao-otkloni\\\/#primaryimage\",\"url\":\"https:\\\/\\\/www.czuns.org\\\/wp-content\\\/uploads\\\/2020\\\/02\\\/logo-jpg-1.jpg\",\"contentUrl\":\"https:\\\/\\\/www.czuns.org\\\/wp-content\\\/uploads\\\/2020\\\/02\\\/logo-jpg-1.jpg\",\"width\":249,\"height\":90},{\"@type\":\"BreadcrumbList\",\"@id\":\"https:\\\/\\\/www.czuns.org\\\/fokus-ovogodsnjeg-rada-centra-na-prikupljanju-sredstava-da-se-dug-nastao-usled-nepotpunog-finansiranja-usluga-koje-je-u-ns-inicirao-otkloni\\\/#breadcrumb\",\"itemListElement\":[{\"@type\":\"ListItem\",\"position\":1,\"name\":\"\u041f\u043e\u0447\u0435\u0442\u043d\u0430\",\"item\":\"https:\\\/\\\/www.czuns.org\\\/\"},{\"@type\":\"ListItem\",\"position\":2,\"name\":\"FOKUS OVOGODI\u0160NJEG RADA CENTRA NA PRIKUPLJANJU SREDSTAVA DA SE DUG NASTAO USLED NEPOTPUNOG FINANSIRANJA USLUGA KOJE JE U NOVOM SADU INICIRAO OTKLONI\"}]},{\"@type\":\"WebSite\",\"@id\":\"https:\\\/\\\/www.czuns.org\\\/#website\",\"url\":\"https:\\\/\\\/www.czuns.org\\\/\",\"name\":\"Centar \u017diveti uspravno Novi Sad\",\"description\":\"[:rs]Prete\u017ena delatnost Centra je 8899 ostali vidovi socijalne za\u0161tite bez sme\u0161taja[:en] Centre&#039;s registered  predominant activity is 8899: other social services except for accommodation[:sr]\u041f\u0440\u0435\u0442\u0435\u0436\u043d\u0430 \u0434\u0435\u043b\u0430\u0442\u043d\u043e\u0441\u0442 \u0426\u0435\u043d\u0442\u0440\u0430 \u0458\u0435 \u043f\u0440\u043e\u0434\u0443\u043a\u0446\u0438\u0458\u0430 \u043c\u0435\u0434\u0438\u0458\u0441\u043a\u043e\u0433 \u0438 \u0444\u0438\u043b\u043c\u0441\u043a\u043e\u0433 \u043c\u0430\u0442\u0435\u0438\u0458\u0430\u043b\u0430 \u043e \u043f\u043e\u043b\u043e\u0436\u0430\u0458\u0443 \u043e\u0441\u043e\u0431\u0430 \u0441\u0430 \u0438\u043d\u0432\u0430\u043b\u0438\u0434\u0438\u0442\u0435\u0442\u043e\u043c \u0438 \u0433\u0440\u0430\u0452\u0430\u043d\u0441\u043a\u0438\u043c \u043f\u0440\u0430\u0432\u0438\u043c\u0430.[:]\",\"publisher\":{\"@id\":\"https:\\\/\\\/www.czuns.org\\\/#organization\"},\"potentialAction\":[{\"@type\":\"SearchAction\",\"target\":{\"@type\":\"EntryPoint\",\"urlTemplate\":\"https:\\\/\\\/www.czuns.org\\\/?s={search_term_string}\"},\"query-input\":{\"@type\":\"PropertyValueSpecification\",\"valueRequired\":true,\"valueName\":\"search_term_string\"}}],\"inLanguage\":\"en-US\"},{\"@type\":\"Organization\",\"@id\":\"https:\\\/\\\/www.czuns.org\\\/#organization\",\"name\":\"Centar \u017diveti uspravno Novi Sad\",\"url\":\"https:\\\/\\\/www.czuns.org\\\/\",\"logo\":{\"@type\":\"ImageObject\",\"inLanguage\":\"en-US\",\"@id\":\"https:\\\/\\\/www.czuns.org\\\/#\\\/schema\\\/logo\\\/image\\\/\",\"url\":\"https:\\\/\\\/www.czuns.org\\\/wp-content\\\/uploads\\\/2020\\\/07\\\/czu_logo.png\",\"contentUrl\":\"https:\\\/\\\/www.czuns.org\\\/wp-content\\\/uploads\\\/2020\\\/07\\\/czu_logo.png\",\"width\":871,\"height\":315,\"caption\":\"Centar \u017diveti uspravno Novi Sad\"},\"image\":{\"@id\":\"https:\\\/\\\/www.czuns.org\\\/#\\\/schema\\\/logo\\\/image\\\/\"},\"sameAs\":[\"https:\\\/\\\/www.facebook.com\\\/profile.php?id=100064645570972\",\"https:\\\/\\\/x.com\\\/uspravno\",\"https:\\\/\\\/www.instagram.com\\\/centar.ziveti.uspravno\\\/\"]},{\"@type\":\"Person\",\"@id\":\"https:\\\/\\\/www.czuns.org\\\/#\\\/schema\\\/person\\\/e6a524dac9abf6dbe2a6d72ba935ba16\",\"name\":\"czuns\",\"image\":{\"@type\":\"ImageObject\",\"inLanguage\":\"en-US\",\"@id\":\"https:\\\/\\\/secure.gravatar.com\\\/avatar\\\/253f19539fa3a351c7d26815ac9fea49906610392f33e3508931d1c6d3f19d6d?s=96&d=mm&r=g\",\"url\":\"https:\\\/\\\/secure.gravatar.com\\\/avatar\\\/253f19539fa3a351c7d26815ac9fea49906610392f33e3508931d1c6d3f19d6d?s=96&d=mm&r=g\",\"contentUrl\":\"https:\\\/\\\/secure.gravatar.com\\\/avatar\\\/253f19539fa3a351c7d26815ac9fea49906610392f33e3508931d1c6d3f19d6d?s=96&d=mm&r=g\",\"caption\":\"czuns\"},\"url\":\"https:\\\/\\\/www.czuns.org\\\/en\\\/author\\\/czuns\\\/\"}]}<\/script>\n","yoast_head_json":{"title":"[:rs]FOKUS OVOGODI\u0160NJEG RADA CENTRA NA PRIKUPLJANJU SREDSTAVA DA SE DUG NASTAO USLED NEPOTPUNOG FINANSIRANJA USLUGA KOJE JE U NOVOM SADU INICIRAO OTKLONI[:] - Centre LIVING UPRIGHT Novi Sad","description":"\u201eCentar \u2018\u017diveti uspravno\u2019 Novi Sad pru\u017ea personalnu asistenciju, peer podr\u0161ku i promovi\u0161e samostalan \u017eivot i ljudska prava.","robots":{"index":"index","follow":"follow","max-snippet":"max-snippet:-1","max-image-preview":"max-image-preview:large","max-video-preview":"max-video-preview:-1"},"canonical":"https:\/\/www.czuns.org\/fokus-ovogodsnjeg-rada-centra-na-prikupljanju-sredstava-da-se-dug-nastao-usled-nepotpunog-finansiranja-usluga-koje-je-u-ns-inicirao-otkloni\/","og_locale":"en_US","og_type":"article","og_title":"[:rs]FOKUS OVOGODI\u0160NJEG RADA CENTRA NA PRIKUPLJANJU SREDSTAVA DA SE DUG NASTAO USLED NEPOTPUNOG FINANSIRANJA USLUGA KOJE JE U NOVOM SADU INICIRAO OTKLONI[:] - Centre LIVING UPRIGHT Novi Sad","og_description":"\u201eCentar \u2018\u017diveti uspravno\u2019 Novi Sad pru\u017ea personalnu asistenciju, peer podr\u0161ku i promovi\u0161e samostalan \u017eivot i ljudska prava.","og_url":"https:\/\/www.czuns.org\/fokus-ovogodsnjeg-rada-centra-na-prikupljanju-sredstava-da-se-dug-nastao-usled-nepotpunog-finansiranja-usluga-koje-je-u-ns-inicirao-otkloni\/","og_site_name":"Centre LIVING UPRIGHT Novi Sad","article_publisher":"https:\/\/www.facebook.com\/profile.php?id=100064645570972","article_published_time":"2024-02-02T17:25:25+00:00","article_modified_time":"2024-02-05T16:19:10+00:00","og_image":[{"width":249,"height":90,"url":"https:\/\/www.czuns.org\/wp-content\/uploads\/2020\/02\/logo-jpg-1.jpg","type":"image\/jpeg"}],"author":"czuns","twitter_card":"summary_large_image","twitter_creator":"@uspravno","twitter_site":"@uspravno","twitter_misc":{"Written by":"czuns","Est. reading time":"2 minutes"},"schema":{"@context":"https:\/\/schema.org","@graph":[{"@type":"Article","@id":"https:\/\/www.czuns.org\/fokus-ovogodsnjeg-rada-centra-na-prikupljanju-sredstava-da-se-dug-nastao-usled-nepotpunog-finansiranja-usluga-koje-je-u-ns-inicirao-otkloni\/#article","isPartOf":{"@id":"https:\/\/www.czuns.org\/fokus-ovogodsnjeg-rada-centra-na-prikupljanju-sredstava-da-se-dug-nastao-usled-nepotpunog-finansiranja-usluga-koje-je-u-ns-inicirao-otkloni\/"},"author":{"name":"czuns","@id":"https:\/\/www.czuns.org\/#\/schema\/person\/e6a524dac9abf6dbe2a6d72ba935ba16"},"headline":"FOKUS OVOGODI\u0160NJEG RADA CENTRA NA PRIKUPLJANJU SREDSTAVA DA SE DUG NASTAO USLED NEPOTPUNOG FINANSIRANJA USLUGA KOJE JE U NOVOM SADU INICIRAO OTKLONI","datePublished":"2024-02-02T17:25:25+00:00","dateModified":"2024-02-05T16:19:10+00:00","mainEntityOfPage":{"@id":"https:\/\/www.czuns.org\/fokus-ovogodsnjeg-rada-centra-na-prikupljanju-sredstava-da-se-dug-nastao-usled-nepotpunog-finansiranja-usluga-koje-je-u-ns-inicirao-otkloni\/"},"wordCount":364,"commentCount":0,"publisher":{"@id":"https:\/\/www.czuns.org\/#organization"},"image":{"@id":"https:\/\/www.czuns.org\/fokus-ovogodsnjeg-rada-centra-na-prikupljanju-sredstava-da-se-dug-nastao-usled-nepotpunog-finansiranja-usluga-koje-je-u-ns-inicirao-otkloni\/#primaryimage"},"thumbnailUrl":"https:\/\/www.czuns.org\/wp-content\/uploads\/2020\/02\/logo-jpg-1.jpg","articleSection":["News"],"inLanguage":"en-US","potentialAction":[{"@type":"CommentAction","name":"Comment","target":["https:\/\/www.czuns.org\/fokus-ovogodsnjeg-rada-centra-na-prikupljanju-sredstava-da-se-dug-nastao-usled-nepotpunog-finansiranja-usluga-koje-je-u-ns-inicirao-otkloni\/#respond"]}]},{"@type":"WebPage","@id":"https:\/\/www.czuns.org\/fokus-ovogodsnjeg-rada-centra-na-prikupljanju-sredstava-da-se-dug-nastao-usled-nepotpunog-finansiranja-usluga-koje-je-u-ns-inicirao-otkloni\/","url":"https:\/\/www.czuns.org\/fokus-ovogodsnjeg-rada-centra-na-prikupljanju-sredstava-da-se-dug-nastao-usled-nepotpunog-finansiranja-usluga-koje-je-u-ns-inicirao-otkloni\/","name":"[:rs]FOKUS OVOGODI\u0160NJEG RADA CENTRA NA PRIKUPLJANJU SREDSTAVA DA SE DUG NASTAO USLED NEPOTPUNOG FINANSIRANJA USLUGA KOJE JE U NOVOM SADU INICIRAO OTKLONI[:] - Centre LIVING UPRIGHT Novi Sad","isPartOf":{"@id":"https:\/\/www.czuns.org\/#website"},"primaryImageOfPage":{"@id":"https:\/\/www.czuns.org\/fokus-ovogodsnjeg-rada-centra-na-prikupljanju-sredstava-da-se-dug-nastao-usled-nepotpunog-finansiranja-usluga-koje-je-u-ns-inicirao-otkloni\/#primaryimage"},"image":{"@id":"https:\/\/www.czuns.org\/fokus-ovogodsnjeg-rada-centra-na-prikupljanju-sredstava-da-se-dug-nastao-usled-nepotpunog-finansiranja-usluga-koje-je-u-ns-inicirao-otkloni\/#primaryimage"},"thumbnailUrl":"https:\/\/www.czuns.org\/wp-content\/uploads\/2020\/02\/logo-jpg-1.jpg","datePublished":"2024-02-02T17:25:25+00:00","dateModified":"2024-02-05T16:19:10+00:00","description":"\u201eCentar \u2018\u017diveti uspravno\u2019 Novi Sad pru\u017ea personalnu asistenciju, peer podr\u0161ku i promovi\u0161e samostalan \u017eivot i ljudska prava.","breadcrumb":{"@id":"https:\/\/www.czuns.org\/fokus-ovogodsnjeg-rada-centra-na-prikupljanju-sredstava-da-se-dug-nastao-usled-nepotpunog-finansiranja-usluga-koje-je-u-ns-inicirao-otkloni\/#breadcrumb"},"inLanguage":"en-US","potentialAction":[{"@type":"ReadAction","target":["https:\/\/www.czuns.org\/fokus-ovogodsnjeg-rada-centra-na-prikupljanju-sredstava-da-se-dug-nastao-usled-nepotpunog-finansiranja-usluga-koje-je-u-ns-inicirao-otkloni\/"]}]},{"@type":"ImageObject","inLanguage":"en-US","@id":"https:\/\/www.czuns.org\/fokus-ovogodsnjeg-rada-centra-na-prikupljanju-sredstava-da-se-dug-nastao-usled-nepotpunog-finansiranja-usluga-koje-je-u-ns-inicirao-otkloni\/#primaryimage","url":"https:\/\/www.czuns.org\/wp-content\/uploads\/2020\/02\/logo-jpg-1.jpg","contentUrl":"https:\/\/www.czuns.org\/wp-content\/uploads\/2020\/02\/logo-jpg-1.jpg","width":249,"height":90},{"@type":"BreadcrumbList","@id":"https:\/\/www.czuns.org\/fokus-ovogodsnjeg-rada-centra-na-prikupljanju-sredstava-da-se-dug-nastao-usled-nepotpunog-finansiranja-usluga-koje-je-u-ns-inicirao-otkloni\/#breadcrumb","itemListElement":[{"@type":"ListItem","position":1,"name":"\u041f\u043e\u0447\u0435\u0442\u043d\u0430","item":"https:\/\/www.czuns.org\/"},{"@type":"ListItem","position":2,"name":"FOKUS OVOGODI\u0160NJEG RADA CENTRA NA PRIKUPLJANJU SREDSTAVA DA SE DUG NASTAO USLED NEPOTPUNOG FINANSIRANJA USLUGA KOJE JE U NOVOM SADU INICIRAO OTKLONI"}]},{"@type":"WebSite","@id":"https:\/\/www.czuns.org\/#website","url":"https:\/\/www.czuns.org\/","name":"Centar \u017diveti uspravno Novi Sad","description":"[:rs]Prete\u017ena delatnost Centra je 8899 ostali vidovi socijalne za\u0161tite bez sme\u0161taja[:en] Centre&#039;s registered predominant activity is 8899: other social services except for accommodation[:sr]\u041f\u0440\u0435\u0442\u0435\u0436\u043d\u0430 \u0434\u0435\u043b\u0430\u0442\u043d\u043e\u0441\u0442 \u0426\u0435\u043d\u0442\u0440\u0430 \u0458\u0435 \u043f\u0440\u043e\u0434\u0443\u043a\u0446\u0438\u0458\u0430 \u043c\u0435\u0434\u0438\u0458\u0441\u043a\u043e\u0433 \u0438 \u0444\u0438\u043b\u043c\u0441\u043a\u043e\u0433 \u043c\u0430\u0442\u0435\u0438\u0458\u0430\u043b\u0430 \u043e \u043f\u043e\u043b\u043e\u0436\u0430\u0458\u0443 \u043e\u0441\u043e\u0431\u0430 \u0441\u0430 \u0438\u043d\u0432\u0430\u043b\u0438\u0434\u0438\u0442\u0435\u0442\u043e\u043c \u0438 \u0433\u0440\u0430\u0452\u0430\u043d\u0441\u043a\u0438\u043c \u043f\u0440\u0430\u0432\u0438\u043c\u0430.[:]","publisher":{"@id":"https:\/\/www.czuns.org\/#organization"},"potentialAction":[{"@type":"SearchAction","target":{"@type":"EntryPoint","urlTemplate":"https:\/\/www.czuns.org\/?s={search_term_string}"},"query-input":{"@type":"PropertyValueSpecification","valueRequired":true,"valueName":"search_term_string"}}],"inLanguage":"en-US"},{"@type":"Organization","@id":"https:\/\/www.czuns.org\/#organization","name":"Centar \u017diveti uspravno Novi Sad","url":"https:\/\/www.czuns.org\/","logo":{"@type":"ImageObject","inLanguage":"en-US","@id":"https:\/\/www.czuns.org\/#\/schema\/logo\/image\/","url":"https:\/\/www.czuns.org\/wp-content\/uploads\/2020\/07\/czu_logo.png","contentUrl":"https:\/\/www.czuns.org\/wp-content\/uploads\/2020\/07\/czu_logo.png","width":871,"height":315,"caption":"Centar \u017diveti uspravno Novi Sad"},"image":{"@id":"https:\/\/www.czuns.org\/#\/schema\/logo\/image\/"},"sameAs":["https:\/\/www.facebook.com\/profile.php?id=100064645570972","https:\/\/x.com\/uspravno","https:\/\/www.instagram.com\/centar.ziveti.uspravno\/"]},{"@type":"Person","@id":"https:\/\/www.czuns.org\/#\/schema\/person\/e6a524dac9abf6dbe2a6d72ba935ba16","name":"czuns","image":{"@type":"ImageObject","inLanguage":"en-US","@id":"https:\/\/secure.gravatar.com\/avatar\/253f19539fa3a351c7d26815ac9fea49906610392f33e3508931d1c6d3f19d6d?s=96&d=mm&r=g","url":"https:\/\/secure.gravatar.com\/avatar\/253f19539fa3a351c7d26815ac9fea49906610392f33e3508931d1c6d3f19d6d?s=96&d=mm&r=g","contentUrl":"https:\/\/secure.gravatar.com\/avatar\/253f19539fa3a351c7d26815ac9fea49906610392f33e3508931d1c6d3f19d6d?s=96&d=mm&r=g","caption":"czuns"},"url":"https:\/\/www.czuns.org\/en\/author\/czuns\/"}]}},"_links":{"self":[{"href":"https:\/\/www.czuns.org\/en\/wp-json\/wp\/v2\/posts\/4938","targetHints":{"allow":["GET"]}}],"collection":[{"href":"https:\/\/www.czuns.org\/en\/wp-json\/wp\/v2\/posts"}],"about":[{"href":"https:\/\/www.czuns.org\/en\/wp-json\/wp\/v2\/types\/post"}],"author":[{"embeddable":true,"href":"https:\/\/www.czuns.org\/en\/wp-json\/wp\/v2\/users\/3"}],"replies":[{"embeddable":true,"href":"https:\/\/www.czuns.org\/en\/wp-json\/wp\/v2\/comments?post=4938"}],"version-history":[{"count":0,"href":"https:\/\/www.czuns.org\/en\/wp-json\/wp\/v2\/posts\/4938\/revisions"}],"wp:featuredmedia":[{"embeddable":true,"href":"https:\/\/www.czuns.org\/en\/wp-json\/wp\/v2\/media\/3857"}],"wp:attachment":[{"href":"https:\/\/www.czuns.org\/en\/wp-json\/wp\/v2\/media?parent=4938"}],"wp:term":[{"taxonomy":"category","embeddable":true,"href":"https:\/\/www.czuns.org\/en\/wp-json\/wp\/v2\/categories?post=4938"},{"taxonomy":"post_tag","embeddable":true,"href":"https:\/\/www.czuns.org\/en\/wp-json\/wp\/v2\/tags?post=4938"}],"curies":[{"name":"wp","href":"https:\/\/api.w.org\/{rel}","templated":true}]}}