{"id":4957,"date":"2026-04-14T08:38:00","date_gmt":"2026-04-14T06:38:00","guid":{"rendered":"https:\/\/www.czuns.org\/?p=4957"},"modified":"2026-04-28T08:53:02","modified_gmt":"2026-04-28T06:53:02","slug":"support-work-of-the-centre-living-upright","status":"publish","type":"post","link":"https:\/\/www.czuns.org\/en\/support-work-of-the-centre-living-upright\/","title":{"rendered":"SUPPORT WORK OF THE CENTRE LIVING UPRIGHT"},"content":{"rendered":"<p><\/p>\n<p style=\"text-align: left;\">Since 2008 to March 16th, 3026, the Centre LIVING UPRIGHT, founded in 2002, has been providing personal assistance services, for which it has held a license from the Ministry of Labour, Employment, Veterans, and Social Affairs since June 2014. The Centre initiated the launch of the personal assistance service in Novi Sad and its mainstreaming into the Decisions on Social Protection of the City of Novi Sad and the Municipality of Ba\u010dka Palanka. Additionally, as a result of the Centre&#8217;s advocacy, the City of Novi Sad has been the only one in Serbia since June 2021 to specifically co-finance the optimal level of personal assistance services, including all-day support. However, it still does not cover the full amount of support needed by those requiring simultaneous assistance from 2 persons for transfer. It doesn\u2019t fund any other labour-related cost, except for the delivered service per hour.<\/p>\n<p style=\"text-align: left;\">The personal assistance service, along with accessibility, peer support, decision-making support, and sign language interpretation, is a prerequisite for independent living for disabled persons who need it. It also includes the physical support of another person for all life activities and needs that a person cannot do alone. With assistance, the person who uses it independently makes decisions about everything that concerns them and functions independently in all life situations.<\/p>\n<p style=\"text-align: left;\">Since March 2010, the Centre has been providing peer support to anyone who asks. One of these two types of support for independent living has been used by more than 350 persons to date. Three people use the assistance organised by the Centre, with 2 of them receiving decision-making support.<\/p>\n<p style=\"text-align: left;\"><strong>In Novi Sad, from 2009 to 2019, during the project phase, the City approved fewer grant funds than were necessary to cover the costs of organising the personal assistance service, which was compensated by donations. This resulted in the accounts being blocked, and the amounts of RSD 5,236,800 (~EUR 44,734.54<\/strong><strong>) for contributions and RSD 42,146 (EUR 360.08) for the monthly fee to maintain the blocked bank accounts from May 2023 to March 2026 <\/strong><strong>urgently need to be covered by donations.<\/strong><\/p>\n<p style=\"text-align: left;\">From 2017 to 2022, the Centre organised a PA service, including raising funds for it, to support 5 persons who lacked the right to its financing, whether temporarily or permanently, but needed it.<\/p>\n<p style=\"text-align: left;\"><strong>Meanwhile, the campaign focused on raising funds to eliminate the tax debt and cover expenses from May to December 2023, with donations totaling RSD 2,366,432.39 (EUR 20,261.31). The amount of RSD 1,661.135.68 (EUR 14.194,52) has been donated so far to reduce the blocked amount.\u00a0\u00a0<\/strong><\/p>\n<p style=\"font-weight: 400; text-align: left;\">During this period, 1,197 individuals and 34 legal entities donated, and 7 legal entities organized actions to support the Centre&#8217;s work, raising <strong>82.78% of the funds collected<\/strong><strong>\u00a0during the campaign.<\/strong> One of them (Uncut Creations) both donated and organised fundraising actions.<\/p>\n<p style=\"font-weight: 400; text-align: left;\"><strong>All other funds, except donations and humanitarian aid, are subject to blocking. The Centre cannot organise a personal assistance service with city and municipal funds until its accountants are unblocked and it applies for the new 6-year licence to provide it. The previous one expired on March 16th, 2026.<\/strong><\/p>\n<p style=\"text-align: left;\"><strong>Donations can be made online through the <a href=\"https:\/\/www.donacije.rs\/projekat\/czuns\/\">campaign page<\/a> or by payments in RSD to the Centre&#8217;s basic bank account 340-5350-79, from which the debt under blockade is being directly collected, or in other currencies, following these instructions:<\/strong><\/p>\n<div dir=\"auto\"><strong>SWIFT CODE: GIBARS22<\/strong><br \/>\n<strong>ERSTE BANK A.D. NOVI SAD<\/strong><\/div>\n<div dir=\"auto\"><strong>BENEFICIARY:<\/strong><\/div>\n<div dir=\"auto\"><strong>IBAN: RS35340000000000535079<\/strong><br \/>\n<strong>NAME: CENTAR ZIVETI USPRAVNO<\/strong><br \/>\n<strong>ADDRESS: TRG SLOBODE 3, NOVI SAD<\/strong><\/div>\n<p style=\"text-align: left;\">Annex<\/p>\n<p style=\"text-align: center;\"><strong>EXCERPT FROM THE MANUAL HOW TO SUPPORT FUND RAISING CAMPAIGN ON DONACIJE.RS BY THE <a href=\"https:\/\/www.catalystbalkans.org\/\">\u00a0CATALYST BALKANS<\/a><\/strong><\/p>\n<ol>\n<li style=\"text-align: left;\">On the <a href=\"https:\/\/www.donacije.rs\/projekat\/czuns\/\">campaign page<\/a>, press DONIRAJ (DONATE), then choose the amount of donation (izaberite iznos donacije) and currency (field in the right upper corner)<\/li>\n<li style=\"text-align: left;\">Then you can choose to support the platform Donacije.rs (PODR\u0160KA PLATFORMI), since it operates without fees or commissions, ranging from 0 to 30% of the donated amount, or write the amount in the chosen currency (Drugi iznos za podr\u0161ku platformi) in the field below. Then click on DALJE (CONTINUE)<\/li>\n<li style=\"text-align: left;\">In the next fields, write your data: Name (Ime), Last name (Prezime), Address, Phone No. (Broj telefona), Country (Dr\u017eava), City (Grad) or Anonymous Donation (Anonimna donacija, click Da (Yes) or Ne (No).<\/li>\n<li style=\"text-align: left;\">Check Sla\u017eem se s uslovima kori\u0161\u0107enja (I agree with the terms of use). Then click on DALJE (CONTINUE)<\/li>\n<li style=\"text-align: left;\">Choose Plati (Pay) or Odustani (Cansel)<\/li>\n<li style=\"text-align: left;\">Merchant: Broj kartice (Card Number \u2013 no spaces), Datum isteka kartice (Card expiry date \u2013 month\/year), CVC2\/ CVV2 Code, Transaction Description (Opis transakcije), Transaction Amount (Iznos transakcije)<\/li>\n<\/ol>\n<p style=\"text-align: left;\">You may find more information in the brochure (<a href=\"https:\/\/www.czuns.org\/wp-content\/uploads\/2024\/11\/CZU-brochure-11.24.docx\" target=\"_blank\" rel=\"noopener\">Word<\/a> or <a href=\"https:\/\/www.czuns.org\/wp-content\/uploads\/2024\/11\/CZU-brochure-11.24.pdf\" target=\"_blank\" rel=\"noopener\">PDF<\/a>).<\/p>\n<p style=\"text-align: left;\"><strong>On December 3rd, 2024, the Uncut Creation started the online sale of several product lines that promote and support human rights and rights of animals within the Centre Living Upright Support Corner &#8211; <a href=\"https:\/\/www.redbubble.com\/people\/CLUshop\/shop?asc=u\">CLUshop Shop | Redbubble. <\/a>\u00a0 from the EU, UK, and the U.S., and in <a href=\"https:\/\/czukutak.shop.brendly.rs\/shop\/category\/Sve?nameOrDescription=%20Ali%20prvo,%20pusti%20me%20da%20se%20rastopim%20u%20kafi&amp;fbclid=IwZXh0bgNhZW0BMABhZGlkAasUZXMXxrsBHZl7cG63IfLPwedsv7fGOnbSy9UxLGduUtTom16bvzrxQRO-ZmRSFC5YpQ_aem_9DsSNllu9MjI7_axBUfyYw\">Prodavnica &#8211; Kutak za podr\u0161ku Centru &#8220;\u017diveti uspravno&#8221;<\/a> from Serbia. The products in the CLU support corner can be purchased from the EU, Great Britain, and the USA.\u00a0 This week, the CLU support corner will also be on the web page Brendly.rs, and the products will also be available in Serbia. Profits will be donated to the Centre to cover the items that haven&#8217;t been covered by public funds. Also, you may follow the <a href=\"https:\/\/www.instagram.com\/living.upright.corner\/?fbclid=IwY2xjawHABxpleHRuA2FlbQIxMAABHe19ywbz7ZcTCp_wxBzjGZyu-LzWRAk7bPeqoDNIzqvTUlX4DFeQXZxE0w_aem_dypNeEj1nh6uBhUNk0cTcg\">Living Upright Support Corner (@living.upright.corner) \u2022 Instagram photos and videos<\/a> and <a href=\"https:\/\/www.facebook.com\/living.upright.corner\/about\">Living Upright Support Corner | Facebook<\/a><\/strong><\/p>\n<p style=\"text-align: left;\">The data on the donated\/needed amounts in this article are being regularly updated<\/p>\n<p><\/p>","protected":false},"excerpt":{"rendered":"<p>Since 2008 to March 16th, 3026, the Centre LIVING UPRIGHT, founded in 2002, has been providing personal assistance services, for which it has held a license from the Ministry of Labour, Employment, Veterans, and Social Affairs since June 2014. The Centre initiated the launch of the personal assistance service in&#8230; <a class=\"continue-reading-link\" href=\"https:\/\/www.czuns.org\/en\/support-work-of-the-centre-living-upright\/\">Ceo \u010dlanak<\/a><\/p>\n","protected":false},"author":3,"featured_media":4955,"comment_status":"open","ping_status":"open","sticky":true,"template":"","format":"standard","meta":{"_eb_attr":"","_crdt_document":"","footnotes":"","_links_to":"","_links_to_target":""},"categories":[2],"tags":[],"class_list":["post-4957","post","type-post","status-publish","format-standard","has-post-thumbnail","hentry","category-novosti"],"yoast_head":"\n<title>SUPPORT WORK OF THE CENTRE LIVING UPRIGHT - Centre LIVING UPRIGHT Novi Sad<\/title>\n<meta name=\"description\" content=\"\u201eCentar \u2018\u017diveti uspravno\u2019 Novi Sad pru\u017ea personalnu asistenciju, peer podr\u0161ku i promovi\u0161e samostalan \u017eivot i ljudska prava.\" \/>\n<meta name=\"robots\" content=\"index, follow, max-snippet:-1, max-image-preview:large, max-video-preview:-1\" \/>\n<link rel=\"canonical\" href=\"https:\/\/www.czuns.org\/support-work-of-the-centre-living-upright\/\" \/>\n<meta property=\"og:locale\" content=\"en_US\" \/>\n<meta property=\"og:type\" content=\"article\" \/>\n<meta property=\"og:title\" content=\"[:en]SUPPORT WORK OF THE CENTRE LIVING UPRIGHT[:] - Centre LIVING UPRIGHT Novi Sad\" \/>\n<meta property=\"og:description\" content=\"\u201eCentar \u2018\u017diveti uspravno\u2019 Novi Sad pru\u017ea personalnu asistenciju, peer podr\u0161ku i promovi\u0161e samostalan \u017eivot i ljudska prava.\" \/>\n<meta property=\"og:url\" content=\"https:\/\/www.czuns.org\/support-work-of-the-centre-living-upright\/\" \/>\n<meta property=\"og:site_name\" content=\"Centre LIVING UPRIGHT Novi Sad\" \/>\n<meta property=\"article:publisher\" content=\"https:\/\/www.facebook.com\/profile.php?id=100064645570972\" \/>\n<meta property=\"article:published_time\" content=\"2026-04-14T06:38:00+00:00\" \/>\n<meta property=\"article:modified_time\" content=\"2026-04-28T06:53:02+00:00\" \/>\n<meta property=\"og:image\" content=\"https:\/\/www.czuns.org\/wp-content\/uploads\/2024\/02\/kampanja-eng1.png\" \/>\n\t<meta property=\"og:image:width\" content=\"2000\" \/>\n\t<meta property=\"og:image:height\" content=\"1200\" \/>\n\t<meta property=\"og:image:type\" content=\"image\/png\" \/>\n<meta name=\"author\" content=\"czuns\" \/>\n<meta name=\"twitter:card\" content=\"summary_large_image\" \/>\n<meta name=\"twitter:creator\" content=\"@uspravno\" \/>\n<meta name=\"twitter:site\" content=\"@uspravno\" \/>\n<meta name=\"twitter:label1\" content=\"Written by\" \/>\n\t<meta name=\"twitter:data1\" content=\"czuns\" \/>\n\t<meta name=\"twitter:label2\" content=\"Est. reading time\" \/>\n\t<meta name=\"twitter:data2\" content=\"6 minutes\" \/>\n<script type=\"application\/ld+json\" class=\"yoast-schema-graph\">{\"@context\":\"https:\\\/\\\/schema.org\",\"@graph\":[{\"@type\":\"Article\",\"@id\":\"https:\\\/\\\/www.czuns.org\\\/support-work-of-the-centre-living-upright\\\/#article\",\"isPartOf\":{\"@id\":\"https:\\\/\\\/www.czuns.org\\\/support-work-of-the-centre-living-upright\\\/\"},\"author\":{\"name\":\"czuns\",\"@id\":\"https:\\\/\\\/www.czuns.org\\\/#\\\/schema\\\/person\\\/e6a524dac9abf6dbe2a6d72ba935ba16\"},\"headline\":\"SUPPORT WORK OF THE CENTRE LIVING UPRIGHT\",\"datePublished\":\"2026-04-14T06:38:00+00:00\",\"dateModified\":\"2026-04-28T06:53:02+00:00\",\"mainEntityOfPage\":{\"@id\":\"https:\\\/\\\/www.czuns.org\\\/support-work-of-the-centre-living-upright\\\/\"},\"wordCount\":893,\"commentCount\":0,\"publisher\":{\"@id\":\"https:\\\/\\\/www.czuns.org\\\/#organization\"},\"image\":{\"@id\":\"https:\\\/\\\/www.czuns.org\\\/support-work-of-the-centre-living-upright\\\/#primaryimage\"},\"thumbnailUrl\":\"https:\\\/\\\/www.czuns.org\\\/wp-content\\\/uploads\\\/2024\\\/02\\\/kampanja-eng1.png\",\"articleSection\":[\"News\"],\"inLanguage\":\"en-US\",\"potentialAction\":[{\"@type\":\"CommentAction\",\"name\":\"Comment\",\"target\":[\"https:\\\/\\\/www.czuns.org\\\/support-work-of-the-centre-living-upright\\\/#respond\"]}]},{\"@type\":\"WebPage\",\"@id\":\"https:\\\/\\\/www.czuns.org\\\/support-work-of-the-centre-living-upright\\\/\",\"url\":\"https:\\\/\\\/www.czuns.org\\\/support-work-of-the-centre-living-upright\\\/\",\"name\":\"[:en]SUPPORT WORK OF THE CENTRE LIVING UPRIGHT[:] - Centre LIVING UPRIGHT Novi Sad\",\"isPartOf\":{\"@id\":\"https:\\\/\\\/www.czuns.org\\\/#website\"},\"primaryImageOfPage\":{\"@id\":\"https:\\\/\\\/www.czuns.org\\\/support-work-of-the-centre-living-upright\\\/#primaryimage\"},\"image\":{\"@id\":\"https:\\\/\\\/www.czuns.org\\\/support-work-of-the-centre-living-upright\\\/#primaryimage\"},\"thumbnailUrl\":\"https:\\\/\\\/www.czuns.org\\\/wp-content\\\/uploads\\\/2024\\\/02\\\/kampanja-eng1.png\",\"datePublished\":\"2026-04-14T06:38:00+00:00\",\"dateModified\":\"2026-04-28T06:53:02+00:00\",\"description\":\"\u201eCentar \u2018\u017diveti uspravno\u2019 Novi Sad pru\u017ea personalnu asistenciju, peer podr\u0161ku i promovi\u0161e samostalan \u017eivot i ljudska prava.\",\"breadcrumb\":{\"@id\":\"https:\\\/\\\/www.czuns.org\\\/support-work-of-the-centre-living-upright\\\/#breadcrumb\"},\"inLanguage\":\"en-US\",\"potentialAction\":[{\"@type\":\"ReadAction\",\"target\":[\"https:\\\/\\\/www.czuns.org\\\/support-work-of-the-centre-living-upright\\\/\"]}]},{\"@type\":\"ImageObject\",\"inLanguage\":\"en-US\",\"@id\":\"https:\\\/\\\/www.czuns.org\\\/support-work-of-the-centre-living-upright\\\/#primaryimage\",\"url\":\"https:\\\/\\\/www.czuns.org\\\/wp-content\\\/uploads\\\/2024\\\/02\\\/kampanja-eng1.png\",\"contentUrl\":\"https:\\\/\\\/www.czuns.org\\\/wp-content\\\/uploads\\\/2024\\\/02\\\/kampanja-eng1.png\",\"width\":2000,\"height\":1200},{\"@type\":\"BreadcrumbList\",\"@id\":\"https:\\\/\\\/www.czuns.org\\\/support-work-of-the-centre-living-upright\\\/#breadcrumb\",\"itemListElement\":[{\"@type\":\"ListItem\",\"position\":1,\"name\":\"\u041f\u043e\u0447\u0435\u0442\u043d\u0430\",\"item\":\"https:\\\/\\\/www.czuns.org\\\/\"},{\"@type\":\"ListItem\",\"position\":2,\"name\":\"SUPPORT WORK OF THE CENTRE LIVING UPRIGHT\"}]},{\"@type\":\"WebSite\",\"@id\":\"https:\\\/\\\/www.czuns.org\\\/#website\",\"url\":\"https:\\\/\\\/www.czuns.org\\\/\",\"name\":\"Centar \u017diveti uspravno Novi Sad\",\"description\":\"[:rs]Prete\u017ena delatnost Centra je 8899 ostali vidovi socijalne za\u0161tite bez sme\u0161taja[:en] Centre&#039;s registered  predominant activity is 8899: other social services except for accommodation[:sr]\u041f\u0440\u0435\u0442\u0435\u0436\u043d\u0430 \u0434\u0435\u043b\u0430\u0442\u043d\u043e\u0441\u0442 \u0426\u0435\u043d\u0442\u0440\u0430 \u0458\u0435 \u043f\u0440\u043e\u0434\u0443\u043a\u0446\u0438\u0458\u0430 \u043c\u0435\u0434\u0438\u0458\u0441\u043a\u043e\u0433 \u0438 \u0444\u0438\u043b\u043c\u0441\u043a\u043e\u0433 \u043c\u0430\u0442\u0435\u0438\u0458\u0430\u043b\u0430 \u043e \u043f\u043e\u043b\u043e\u0436\u0430\u0458\u0443 \u043e\u0441\u043e\u0431\u0430 \u0441\u0430 \u0438\u043d\u0432\u0430\u043b\u0438\u0434\u0438\u0442\u0435\u0442\u043e\u043c \u0438 \u0433\u0440\u0430\u0452\u0430\u043d\u0441\u043a\u0438\u043c \u043f\u0440\u0430\u0432\u0438\u043c\u0430.[:]\",\"publisher\":{\"@id\":\"https:\\\/\\\/www.czuns.org\\\/#organization\"},\"potentialAction\":[{\"@type\":\"SearchAction\",\"target\":{\"@type\":\"EntryPoint\",\"urlTemplate\":\"https:\\\/\\\/www.czuns.org\\\/?s={search_term_string}\"},\"query-input\":{\"@type\":\"PropertyValueSpecification\",\"valueRequired\":true,\"valueName\":\"search_term_string\"}}],\"inLanguage\":\"en-US\"},{\"@type\":\"Organization\",\"@id\":\"https:\\\/\\\/www.czuns.org\\\/#organization\",\"name\":\"Centar \u017diveti uspravno Novi Sad\",\"url\":\"https:\\\/\\\/www.czuns.org\\\/\",\"logo\":{\"@type\":\"ImageObject\",\"inLanguage\":\"en-US\",\"@id\":\"https:\\\/\\\/www.czuns.org\\\/#\\\/schema\\\/logo\\\/image\\\/\",\"url\":\"https:\\\/\\\/www.czuns.org\\\/wp-content\\\/uploads\\\/2020\\\/07\\\/czu_logo.png\",\"contentUrl\":\"https:\\\/\\\/www.czuns.org\\\/wp-content\\\/uploads\\\/2020\\\/07\\\/czu_logo.png\",\"width\":871,\"height\":315,\"caption\":\"Centar \u017diveti uspravno Novi Sad\"},\"image\":{\"@id\":\"https:\\\/\\\/www.czuns.org\\\/#\\\/schema\\\/logo\\\/image\\\/\"},\"sameAs\":[\"https:\\\/\\\/www.facebook.com\\\/profile.php?id=100064645570972\",\"https:\\\/\\\/x.com\\\/uspravno\",\"https:\\\/\\\/www.instagram.com\\\/centar.ziveti.uspravno\\\/\"]},{\"@type\":\"Person\",\"@id\":\"https:\\\/\\\/www.czuns.org\\\/#\\\/schema\\\/person\\\/e6a524dac9abf6dbe2a6d72ba935ba16\",\"name\":\"czuns\",\"image\":{\"@type\":\"ImageObject\",\"inLanguage\":\"en-US\",\"@id\":\"https:\\\/\\\/secure.gravatar.com\\\/avatar\\\/253f19539fa3a351c7d26815ac9fea49906610392f33e3508931d1c6d3f19d6d?s=96&d=mm&r=g\",\"url\":\"https:\\\/\\\/secure.gravatar.com\\\/avatar\\\/253f19539fa3a351c7d26815ac9fea49906610392f33e3508931d1c6d3f19d6d?s=96&d=mm&r=g\",\"contentUrl\":\"https:\\\/\\\/secure.gravatar.com\\\/avatar\\\/253f19539fa3a351c7d26815ac9fea49906610392f33e3508931d1c6d3f19d6d?s=96&d=mm&r=g\",\"caption\":\"czuns\"},\"url\":\"https:\\\/\\\/www.czuns.org\\\/en\\\/author\\\/czuns\\\/\"}]}<\/script>\n","yoast_head_json":{"title":"[:en]SUPPORT WORK OF THE CENTRE LIVING UPRIGHT[:] - Centre LIVING UPRIGHT Novi Sad","description":"\u201eCentar \u2018\u017diveti uspravno\u2019 Novi Sad pru\u017ea personalnu asistenciju, peer podr\u0161ku i promovi\u0161e samostalan \u017eivot i ljudska prava.","robots":{"index":"index","follow":"follow","max-snippet":"max-snippet:-1","max-image-preview":"max-image-preview:large","max-video-preview":"max-video-preview:-1"},"canonical":"https:\/\/www.czuns.org\/support-work-of-the-centre-living-upright\/","og_locale":"en_US","og_type":"article","og_title":"[:en]SUPPORT WORK OF THE CENTRE LIVING UPRIGHT[:] - Centre LIVING UPRIGHT Novi Sad","og_description":"\u201eCentar \u2018\u017diveti uspravno\u2019 Novi Sad pru\u017ea personalnu asistenciju, peer podr\u0161ku i promovi\u0161e samostalan \u017eivot i ljudska prava.","og_url":"https:\/\/www.czuns.org\/support-work-of-the-centre-living-upright\/","og_site_name":"Centre LIVING UPRIGHT Novi Sad","article_publisher":"https:\/\/www.facebook.com\/profile.php?id=100064645570972","article_published_time":"2026-04-14T06:38:00+00:00","article_modified_time":"2026-04-28T06:53:02+00:00","og_image":[{"width":2000,"height":1200,"url":"https:\/\/www.czuns.org\/wp-content\/uploads\/2024\/02\/kampanja-eng1.png","type":"image\/png"}],"author":"czuns","twitter_card":"summary_large_image","twitter_creator":"@uspravno","twitter_site":"@uspravno","twitter_misc":{"Written by":"czuns","Est. reading time":"6 minutes"},"schema":{"@context":"https:\/\/schema.org","@graph":[{"@type":"Article","@id":"https:\/\/www.czuns.org\/support-work-of-the-centre-living-upright\/#article","isPartOf":{"@id":"https:\/\/www.czuns.org\/support-work-of-the-centre-living-upright\/"},"author":{"name":"czuns","@id":"https:\/\/www.czuns.org\/#\/schema\/person\/e6a524dac9abf6dbe2a6d72ba935ba16"},"headline":"SUPPORT WORK OF THE CENTRE LIVING UPRIGHT","datePublished":"2026-04-14T06:38:00+00:00","dateModified":"2026-04-28T06:53:02+00:00","mainEntityOfPage":{"@id":"https:\/\/www.czuns.org\/support-work-of-the-centre-living-upright\/"},"wordCount":893,"commentCount":0,"publisher":{"@id":"https:\/\/www.czuns.org\/#organization"},"image":{"@id":"https:\/\/www.czuns.org\/support-work-of-the-centre-living-upright\/#primaryimage"},"thumbnailUrl":"https:\/\/www.czuns.org\/wp-content\/uploads\/2024\/02\/kampanja-eng1.png","articleSection":["News"],"inLanguage":"en-US","potentialAction":[{"@type":"CommentAction","name":"Comment","target":["https:\/\/www.czuns.org\/support-work-of-the-centre-living-upright\/#respond"]}]},{"@type":"WebPage","@id":"https:\/\/www.czuns.org\/support-work-of-the-centre-living-upright\/","url":"https:\/\/www.czuns.org\/support-work-of-the-centre-living-upright\/","name":"[:en]SUPPORT WORK OF THE CENTRE LIVING UPRIGHT[:] - Centre LIVING UPRIGHT Novi Sad","isPartOf":{"@id":"https:\/\/www.czuns.org\/#website"},"primaryImageOfPage":{"@id":"https:\/\/www.czuns.org\/support-work-of-the-centre-living-upright\/#primaryimage"},"image":{"@id":"https:\/\/www.czuns.org\/support-work-of-the-centre-living-upright\/#primaryimage"},"thumbnailUrl":"https:\/\/www.czuns.org\/wp-content\/uploads\/2024\/02\/kampanja-eng1.png","datePublished":"2026-04-14T06:38:00+00:00","dateModified":"2026-04-28T06:53:02+00:00","description":"\u201eCentar \u2018\u017diveti uspravno\u2019 Novi Sad pru\u017ea personalnu asistenciju, peer podr\u0161ku i promovi\u0161e samostalan \u017eivot i ljudska prava.","breadcrumb":{"@id":"https:\/\/www.czuns.org\/support-work-of-the-centre-living-upright\/#breadcrumb"},"inLanguage":"en-US","potentialAction":[{"@type":"ReadAction","target":["https:\/\/www.czuns.org\/support-work-of-the-centre-living-upright\/"]}]},{"@type":"ImageObject","inLanguage":"en-US","@id":"https:\/\/www.czuns.org\/support-work-of-the-centre-living-upright\/#primaryimage","url":"https:\/\/www.czuns.org\/wp-content\/uploads\/2024\/02\/kampanja-eng1.png","contentUrl":"https:\/\/www.czuns.org\/wp-content\/uploads\/2024\/02\/kampanja-eng1.png","width":2000,"height":1200},{"@type":"BreadcrumbList","@id":"https:\/\/www.czuns.org\/support-work-of-the-centre-living-upright\/#breadcrumb","itemListElement":[{"@type":"ListItem","position":1,"name":"\u041f\u043e\u0447\u0435\u0442\u043d\u0430","item":"https:\/\/www.czuns.org\/"},{"@type":"ListItem","position":2,"name":"SUPPORT WORK OF THE CENTRE LIVING UPRIGHT"}]},{"@type":"WebSite","@id":"https:\/\/www.czuns.org\/#website","url":"https:\/\/www.czuns.org\/","name":"Centar \u017diveti uspravno Novi Sad","description":"[:rs]Prete\u017ena delatnost Centra je 8899 ostali vidovi socijalne za\u0161tite bez sme\u0161taja[:en] Centre&#039;s registered predominant activity is 8899: other social services except for accommodation[:sr]\u041f\u0440\u0435\u0442\u0435\u0436\u043d\u0430 \u0434\u0435\u043b\u0430\u0442\u043d\u043e\u0441\u0442 \u0426\u0435\u043d\u0442\u0440\u0430 \u0458\u0435 \u043f\u0440\u043e\u0434\u0443\u043a\u0446\u0438\u0458\u0430 \u043c\u0435\u0434\u0438\u0458\u0441\u043a\u043e\u0433 \u0438 \u0444\u0438\u043b\u043c\u0441\u043a\u043e\u0433 \u043c\u0430\u0442\u0435\u0438\u0458\u0430\u043b\u0430 \u043e \u043f\u043e\u043b\u043e\u0436\u0430\u0458\u0443 \u043e\u0441\u043e\u0431\u0430 \u0441\u0430 \u0438\u043d\u0432\u0430\u043b\u0438\u0434\u0438\u0442\u0435\u0442\u043e\u043c \u0438 \u0433\u0440\u0430\u0452\u0430\u043d\u0441\u043a\u0438\u043c \u043f\u0440\u0430\u0432\u0438\u043c\u0430.[:]","publisher":{"@id":"https:\/\/www.czuns.org\/#organization"},"potentialAction":[{"@type":"SearchAction","target":{"@type":"EntryPoint","urlTemplate":"https:\/\/www.czuns.org\/?s={search_term_string}"},"query-input":{"@type":"PropertyValueSpecification","valueRequired":true,"valueName":"search_term_string"}}],"inLanguage":"en-US"},{"@type":"Organization","@id":"https:\/\/www.czuns.org\/#organization","name":"Centar \u017diveti uspravno Novi Sad","url":"https:\/\/www.czuns.org\/","logo":{"@type":"ImageObject","inLanguage":"en-US","@id":"https:\/\/www.czuns.org\/#\/schema\/logo\/image\/","url":"https:\/\/www.czuns.org\/wp-content\/uploads\/2020\/07\/czu_logo.png","contentUrl":"https:\/\/www.czuns.org\/wp-content\/uploads\/2020\/07\/czu_logo.png","width":871,"height":315,"caption":"Centar \u017diveti uspravno Novi Sad"},"image":{"@id":"https:\/\/www.czuns.org\/#\/schema\/logo\/image\/"},"sameAs":["https:\/\/www.facebook.com\/profile.php?id=100064645570972","https:\/\/x.com\/uspravno","https:\/\/www.instagram.com\/centar.ziveti.uspravno\/"]},{"@type":"Person","@id":"https:\/\/www.czuns.org\/#\/schema\/person\/e6a524dac9abf6dbe2a6d72ba935ba16","name":"czuns","image":{"@type":"ImageObject","inLanguage":"en-US","@id":"https:\/\/secure.gravatar.com\/avatar\/253f19539fa3a351c7d26815ac9fea49906610392f33e3508931d1c6d3f19d6d?s=96&d=mm&r=g","url":"https:\/\/secure.gravatar.com\/avatar\/253f19539fa3a351c7d26815ac9fea49906610392f33e3508931d1c6d3f19d6d?s=96&d=mm&r=g","contentUrl":"https:\/\/secure.gravatar.com\/avatar\/253f19539fa3a351c7d26815ac9fea49906610392f33e3508931d1c6d3f19d6d?s=96&d=mm&r=g","caption":"czuns"},"url":"https:\/\/www.czuns.org\/en\/author\/czuns\/"}]}},"_links":{"self":[{"href":"https:\/\/www.czuns.org\/en\/wp-json\/wp\/v2\/posts\/4957","targetHints":{"allow":["GET"]}}],"collection":[{"href":"https:\/\/www.czuns.org\/en\/wp-json\/wp\/v2\/posts"}],"about":[{"href":"https:\/\/www.czuns.org\/en\/wp-json\/wp\/v2\/types\/post"}],"author":[{"embeddable":true,"href":"https:\/\/www.czuns.org\/en\/wp-json\/wp\/v2\/users\/3"}],"replies":[{"embeddable":true,"href":"https:\/\/www.czuns.org\/en\/wp-json\/wp\/v2\/comments?post=4957"}],"version-history":[{"count":743,"href":"https:\/\/www.czuns.org\/en\/wp-json\/wp\/v2\/posts\/4957\/revisions"}],"predecessor-version":[{"id":12019,"href":"https:\/\/www.czuns.org\/en\/wp-json\/wp\/v2\/posts\/4957\/revisions\/12019"}],"wp:featuredmedia":[{"embeddable":true,"href":"https:\/\/www.czuns.org\/en\/wp-json\/wp\/v2\/media\/4955"}],"wp:attachment":[{"href":"https:\/\/www.czuns.org\/en\/wp-json\/wp\/v2\/media?parent=4957"}],"wp:term":[{"taxonomy":"category","embeddable":true,"href":"https:\/\/www.czuns.org\/en\/wp-json\/wp\/v2\/categories?post=4957"},{"taxonomy":"post_tag","embeddable":true,"href":"https:\/\/www.czuns.org\/en\/wp-json\/wp\/v2\/tags?post=4957"}],"curies":[{"name":"wp","href":"https:\/\/api.w.org\/{rel}","templated":true}]}}